{"id":138485,"date":"2026-04-30T17:22:54","date_gmt":"2026-05-01T00:22:54","guid":{"rendered":"https:\/\/plataformanoticias.mx\/?p=138485"},"modified":"2026-04-30T17:22:54","modified_gmt":"2026-05-01T00:22:54","slug":"clausuran-curso-de-automaquillaje-y-peinado-aprende-y-empleate-en-juan-jose-rios","status":"publish","type":"post","link":"https:\/\/plataformanoticias.mx\/?p=138485","title":{"rendered":"Clausuran Curso de Automaquillaje y Peinado &#8220;Aprende y Empl\u00e9ate&#8221; en Juan Jos\u00e9 R\u00edos"},"content":{"rendered":"<p>&nbsp;<\/p>\n<p><strong>Juan Jos\u00e9 R\u00edos, Sinaloa.-<\/strong> Se vivi\u00f3 esta tarde, acompa\u00f1ados de las alumnas inscritas, un significativo evento de clausura del Curso de Automaquillaje y Peinado, donde particip\u00f3 el ISJU, Sa\u00fal Gerardo Meza L\u00f3pez trabajando conjuntamente con el Ayuntamiento, alcaldesa Evangelina Llanes Carre\u00f3n a trav\u00e9s de la Direcci\u00f3n de Juventud, Juan de Dios Cota Apodaca.<\/p>\n<p>Este programa brind\u00f3 herramientas pr\u00e1cticas para fomentar el autoempleo y el desarrollo personal, que a su vez las participantes agradecieron el apoyo recibido y mostraron entusiasmo por aplicar sus nuevos conocimientos, ya sea de manera personal o iniciando su propio emprendimiento. Asimismo, autoridades municipales y la maestra maquillista profesional Nancy Leyva entregaron las constancias de participaci\u00f3n a cada una de las alumnas.<\/p>\n<p><img loading=\"lazy\" decoding=\"async\" class=\"alignnone size-medium wp-image-138488 aligncenter\" src=\"https:\/\/plataformanoticias.mx\/wp-content\/uploads\/2026\/04\/427136ec-6d70-448b-9d07-534a693acdf5-300x225.jpeg\" alt=\"\" width=\"300\" height=\"225\" srcset=\"https:\/\/plataformanoticias.mx\/wp-content\/uploads\/2026\/04\/427136ec-6d70-448b-9d07-534a693acdf5-300x225.jpeg 300w, https:\/\/plataformanoticias.mx\/wp-content\/uploads\/2026\/04\/427136ec-6d70-448b-9d07-534a693acdf5-1024x768.jpeg 1024w, https:\/\/plataformanoticias.mx\/wp-content\/uploads\/2026\/04\/427136ec-6d70-448b-9d07-534a693acdf5-768x576.jpeg 768w, https:\/\/plataformanoticias.mx\/wp-content\/uploads\/2026\/04\/427136ec-6d70-448b-9d07-534a693acdf5-1536x1152.jpeg 1536w, https:\/\/plataformanoticias.mx\/wp-content\/uploads\/2026\/04\/427136ec-6d70-448b-9d07-534a693acdf5.jpeg 1600w\" sizes=\"auto, (max-width: 300px) 100vw, 300px\" \/><\/p>\n<p>El evento cont\u00f3 con la presencia de la Direcci\u00f3n Gral. de Desarrollo Econ\u00f3mico, Drusille Amin Montoya Cota y la Direcci\u00f3n Gral. de Bienestar, realzando el trabajo en equipo y su compromiso de alentar y apoyar actividades, cursos o talleres que fomenten el desarrollo integral de la ciudadan\u00eda.<\/p>\n<p>El Gobierno Municipal refrenda su compromiso de seguir impulsando programas de capacitaci\u00f3n que abran oportunidades de desarrollo para las juventudes del municipio<\/p>\n<p>\u00a1Muchas felicidades a cada alumna por su excelente participaci\u00f3n!<\/p>\n","protected":false},"excerpt":{"rendered":"<p>&nbsp; Juan Jos\u00e9 R\u00edos, Sinaloa.- Se vivi\u00f3 esta tarde, acompa\u00f1ados de las alumnas inscritas, un significativo evento de clausura del Curso de Automaquillaje y Peinado, donde particip\u00f3 el ISJU, Sa\u00fal Gerardo Meza L\u00f3pez trabajando conjuntamente con el Ayuntamiento, alcaldesa Evangelina Llanes Carre\u00f3n a trav\u00e9s de la Direcci\u00f3n de Juventud, Juan de Dios Cota Apodaca. Este<\/p>\n","protected":false},"author":6,"featured_media":138487,"comment_status":"closed","ping_status":"closed","sticky":false,"template":"","format":"standard","meta":{"footnotes":""},"categories":[27],"tags":[],"class_list":["post-138485","post","type-post","status-publish","format-standard","has-post-thumbnail","hentry","category-norte"],"_links":{"self":[{"href":"https:\/\/plataformanoticias.mx\/index.php?rest_route=\/wp\/v2\/posts\/138485","targetHints":{"allow":["GET"]}}],"collection":[{"href":"https:\/\/plataformanoticias.mx\/index.php?rest_route=\/wp\/v2\/posts"}],"about":[{"href":"https:\/\/plataformanoticias.mx\/index.php?rest_route=\/wp\/v2\/types\/post"}],"author":[{"embeddable":true,"href":"https:\/\/plataformanoticias.mx\/index.php?rest_route=\/wp\/v2\/users\/6"}],"replies":[{"embeddable":true,"href":"https:\/\/plataformanoticias.mx\/index.php?rest_route=%2Fwp%2Fv2%2Fcomments&post=138485"}],"version-history":[{"count":1,"href":"https:\/\/plataformanoticias.mx\/index.php?rest_route=\/wp\/v2\/posts\/138485\/revisions"}],"predecessor-version":[{"id":138489,"href":"https:\/\/plataformanoticias.mx\/index.php?rest_route=\/wp\/v2\/posts\/138485\/revisions\/138489"}],"wp:featuredmedia":[{"embeddable":true,"href":"https:\/\/plataformanoticias.mx\/index.php?rest_route=\/wp\/v2\/media\/138487"}],"wp:attachment":[{"href":"https:\/\/plataformanoticias.mx\/index.php?rest_route=%2Fwp%2Fv2%2Fmedia&parent=138485"}],"wp:term":[{"taxonomy":"category","embeddable":true,"href":"https:\/\/plataformanoticias.mx\/index.php?rest_route=%2Fwp%2Fv2%2Fcategories&post=138485"},{"taxonomy":"post_tag","embeddable":true,"href":"https:\/\/plataformanoticias.mx\/index.php?rest_route=%2Fwp%2Fv2%2Ftags&post=138485"}],"curies":[{"name":"wp","href":"https:\/\/api.w.org\/{rel}","templated":true}]}}