{"id":138524,"date":"2026-04-30T19:03:17","date_gmt":"2026-05-01T02:03:17","guid":{"rendered":"https:\/\/plataformanoticias.mx\/?p=138524"},"modified":"2026-04-30T19:03:17","modified_gmt":"2026-05-01T02:03:17","slug":"mas-de-20-mil-ninas-y-ninos-disfrutan-la-fiesta-que-les-organizo-el-dif-y-el-ayuntamiento-en-los-mochis-y-las-sindicaturas","status":"publish","type":"post","link":"https:\/\/plataformanoticias.mx\/?p=138524","title":{"rendered":"M\u00e1s de 20 mil ni\u00f1as y ni\u00f1os disfrutan la fiesta que les organiz\u00f3 el DIF y el Ayuntamiento en Los Mochis y las sindicaturas."},"content":{"rendered":"<p class=\"s6\">La Presidenta de DIF Marissa Men\u00e9ndez De Llano Ch\u00e1vez y su padre el Alcalde Antonio Men\u00e9ndez De Llano Berm\u00fadez, junto con regidores y funcionarios fueron los anfitriones del festejo\u2026<\/p>\n<p class=\"s8\"><img loading=\"lazy\" decoding=\"async\" class=\"alignnone size-medium wp-image-138526 aligncenter\" src=\"https:\/\/plataformanoticias.mx\/wp-content\/uploads\/2026\/04\/3d0e4f03-f7d1-424c-8670-9aefc51393a5-300x200.jpeg\" alt=\"\" width=\"300\" height=\"200\" srcset=\"https:\/\/plataformanoticias.mx\/wp-content\/uploads\/2026\/04\/3d0e4f03-f7d1-424c-8670-9aefc51393a5-300x200.jpeg 300w, https:\/\/plataformanoticias.mx\/wp-content\/uploads\/2026\/04\/3d0e4f03-f7d1-424c-8670-9aefc51393a5-1024x683.jpeg 1024w, https:\/\/plataformanoticias.mx\/wp-content\/uploads\/2026\/04\/3d0e4f03-f7d1-424c-8670-9aefc51393a5-768x512.jpeg 768w, https:\/\/plataformanoticias.mx\/wp-content\/uploads\/2026\/04\/3d0e4f03-f7d1-424c-8670-9aefc51393a5.jpeg 1280w\" sizes=\"auto, (max-width: 300px) 100vw, 300px\" \/><\/p>\n<p class=\"s11\"><strong><span class=\"s9\"><span class=\"bumpedFont15\">Los Mochis, Ahome, <\/span><\/span><span class=\"s9\"><span class=\"bumpedFont15\">Sinaloa<\/span><\/span><\/strong><span class=\"s9\"><span class=\"bumpedFont15\"><strong>.<\/strong>&#8211; <\/span><\/span><span class=\"s10\"><span class=\"bumpedFont15\">Miles de ni\u00f1os ahomenses disfrutaron de la fiesta que el Sistema para el Desarrollo Integral de la Familia (DIF) y el Ayuntamiento de Ahome les organiz\u00f3 en Palacio Municipal en la ciudad de Los Mochis y de manera simult\u00e1nea en las sindicaturas municipales.<\/span><\/span><\/p>\n<p class=\"s11\"><span class=\"s10\"><span class=\"bumpedFont15\">En la explanada de Palacio Municipal, el Alcalde Antonio Men\u00e9ndez De Llano Berm\u00fadez y su hija Marissa Men\u00e9ndez De Llano Ch\u00e1vez, Presidenta de DIF Ahome, acompa\u00f1ados de funcionarios y regidores, fueron los anfitriones, y se encargaron de recibir y entregar los regalos a las ni\u00f1as y ni\u00f1os de manera persona<\/span><\/span><span class=\"s10\"><span class=\"bumpedFont15\">l<\/span><\/span><span class=\"s10\"><span class=\"bumpedFont15\">.<\/span><\/span><\/p>\n<p class=\"s11\"><span class=\"s10\"><span class=\"bumpedFont15\">\u201cMuch\u00edsimas gracias por acompa\u00f1arnos. Qu\u00e9 bonito que est\u00e9n aqu\u00ed con nosotros en este festejo <\/span><\/span><span class=\"s10\"><span class=\"bumpedFont15\">que organizamos con <\/span><\/span><span class=\"s10\"><span class=\"bumpedFont15\">m<\/span><\/span><span class=\"s10\"><span class=\"bumpedFont15\">ucho mucho <\/span><\/span><span class=\"s10\"><span class=\"bumpedFont15\">cari\u00f1o <\/span><\/span><span class=\"s10\"><span class=\"bumpedFont15\">para ustedes, <\/span><\/span><span class=\"s10\"><span class=\"bumpedFont15\">porque l<\/span><\/span><span class=\"s10\"><span class=\"bumpedFont15\">a<\/span><\/span><span class=\"s10\"><span class=\"bumpedFont15\">s<\/span><\/span><span class=\"s10\"><span class=\"bumpedFont15\"> ni\u00f1as y los <\/span><\/span><span class=\"s10\"><span class=\"bumpedFont15\">ni<\/span><\/span><span class=\"s10\"><span class=\"bumpedFont15\">\u00f1o<\/span><\/span><span class=\"s10\"><span class=\"bumpedFont15\">s <\/span><\/span><span class=\"s10\"><span class=\"bumpedFont15\">son <\/span><\/span><span class=\"s10\"><span class=\"bumpedFont15\">lo m<\/span><\/span><span class=\"s10\"><span class=\"bumpedFont15\">\u00e1<\/span><\/span><span class=\"s10\"><span class=\"bumpedFont15\">s importante que tene<\/span><\/span><span class=\"s10\"><span class=\"bumpedFont15\">mos\u201d, expres\u00f3 en su mensaje de bienvenida Marissa Men\u00e9ndez De Llano Ch\u00e1vez, quien agradeci\u00f3 a su padre el Alcalde Antonio Men\u00e9ndez<\/span><\/span><span class=\"s10\"><span class=\"bumpedFont15\"> De Llano Berm\u00fadez<\/span><\/span><span class=\"s10\"><span class=\"bumpedFont15\">, <\/span><\/span><span class=\"s10\"><span class=\"bumpedFont15\">por siempre darle importancia a<\/span><\/span> <span class=\"s10\"><span class=\"bumpedFont15\">la ni<\/span><\/span><span class=\"s10\"><span class=\"bumpedFont15\">\u00f1ez <\/span><\/span><span class=\"s10\"><span class=\"bumpedFont15\">y a la uni\u00f3n familiar<\/span><\/span><span class=\"s10\"><span class=\"bumpedFont15\">.<\/span><\/span><\/p>\n<p class=\"s11\">De igual forma agradeci\u00f3 a los funcionarios y empleados municipales por sumarse a la fiesta y apoyar en la organizaci\u00f3n para que los cientos de familias disfrutaran un ameno momento.<\/p>\n<p class=\"s11\"><span class=\"s10\"><span class=\"bumpedFont15\">Por su parte el Presidente Municipal Antonio Men\u00e9ndez De Llano<\/span><\/span><span class=\"s10\"><span class=\"bumpedFont15\"> Berm\u00fadez<\/span><\/span><span class=\"s10\"><span class=\"bumpedFont15\">, dijo que esta fiesta no la organiz\u00f3 \u00e9l, si<\/span><\/span> <span class=\"s10\"><span class=\"bumpedFont15\">no <\/span><\/span><span class=\"s10\"><span class=\"bumpedFont15\">que fue <\/span><\/span><span class=\"s10\"><span class=\"bumpedFont15\">su hija Marissa Presidenta de DIF y los funcionarios, por ello el agradecimiento y los aplausos deben ser para ellos y ellas que los recibieron en esta tarde de festejo.<\/span><\/span><\/p>\n<p class=\"s11\"><span class=\"s10\"><span class=\"bumpedFont15\">\u201cY quiero aprovechar para pedirles algo. \u00bfEst\u00e1n de acuerdo? Quiero pedirles a ustedes ni\u00f1as y ni\u00f1os que se porten bien con sus a mam\u00e1s, sus pap\u00e1s y sus maestros; y a <\/span><\/span><span class=\"s10\"><span class=\"bumpedFont15\">sus padres quiero pedirles que <\/span><\/span><span class=\"s10\"><span class=\"bumpedFont15\">cuiden de nuestr<\/span><\/span><span class=\"s10\"><span class=\"bumpedFont15\">a <\/span><\/span><span class=\"s10\"><span class=\"bumpedFont15\">ni<\/span><\/span><span class=\"s10\"><span class=\"bumpedFont15\">\u00f1ez <\/span><\/span><span class=\"s10\"><span class=\"bumpedFont15\">par<\/span><\/span><span class=\"s10\"><span class=\"bumpedFont15\">a <\/span><\/span><span class=\"s10\"><span class=\"bumpedFont15\">q<\/span><\/span><span class=\"s10\"><span class=\"bumpedFont15\">ue<\/span><\/span><span class=\"s10\"><span class=\"bumpedFont15\"> crezcan feli<\/span><\/span><span class=\"s10\"><span class=\"bumpedFont15\">c<\/span><\/span><span class=\"s10\"><span class=\"bumpedFont15\">es y cumplan sus sue\u00f1o<\/span><\/span><span class=\"s10\"><span class=\"bumpedFont15\">s<\/span><\/span><span class=\"s10\"><span class=\"bumpedFont15\"> de lo <\/span><\/span><span class=\"s10\"><span class=\"bumpedFont15\">q<\/span><\/span><span class=\"s10\"><span class=\"bumpedFont15\">ue <\/span><\/span><span class=\"s10\"><span class=\"bumpedFont15\">quieran <\/span><\/span><span class=\"s10\"><span class=\"bumpedFont15\">ser <\/span><\/span><span class=\"s10\"><span class=\"bumpedFont15\">de grandes, <\/span><\/span><span class=\"s10\"><span class=\"bumpedFont15\">con bien<\/span><\/span><span class=\"s10\"><span class=\"bumpedFont15\">e<\/span><\/span><span class=\"s10\"><span class=\"bumpedFont15\">st<\/span><\/span><span class=\"s10\"><span class=\"bumpedFont15\">a<\/span><\/span><span class=\"s10\"><span class=\"bumpedFont15\">r y con salud\u201d, expres\u00f3.<\/span><\/span><\/p>\n<p class=\"s11\"><span class=\"s10\"><span class=\"bumpedFont15\">\u201c<\/span><\/span><span class=\"s10\"><span class=\"bumpedFont15\">Los <\/span><\/span><span class=\"s10\"><span class=\"bumpedFont15\">q<\/span><\/span><span class=\"s10\"><span class=\"bumpedFont15\">uier<\/span><\/span><span class=\"s10\"><span class=\"bumpedFont15\">o<\/span><\/span><span class=\"s10\"><span class=\"bumpedFont15\"> mu<\/span><\/span><span class=\"s10\"><span class=\"bumpedFont15\">c<\/span><\/span><span class=\"s10\"><span class=\"bumpedFont15\">ho<\/span><\/span><span class=\"s10\"><span class=\"bumpedFont15\">. S<\/span><\/span><span class=\"s10\"><span class=\"bumpedFont15\">igan pas<\/span><\/span><span class=\"s10\"><span class=\"bumpedFont15\">\u00e1<\/span><\/span><span class=\"s10\"><span class=\"bumpedFont15\">ndol<\/span><\/span><span class=\"s10\"><span class=\"bumpedFont15\">a<\/span><\/span><span class=\"s10\"><span class=\"bumpedFont15\"> bien y disfruten su ni\u00f1ez<\/span><\/span><span class=\"s10\"><span class=\"bumpedFont15\">\u201d, expres\u00f3 <\/span><\/span><span class=\"s10\"><span class=\"bumpedFont15\">el Presid<\/span><\/span><span class=\"s10\"><span class=\"bumpedFont15\">e<\/span><\/span><span class=\"s10\"><span class=\"bumpedFont15\">nte <\/span><\/span><span class=\"s10\"><span class=\"bumpedFont15\">Municipal <\/span><\/span><span class=\"s10\"><span class=\"bumpedFont15\">quien agr<\/span><\/span><span class=\"s10\"><span class=\"bumpedFont15\">adeci\u00f3 <\/span><\/span><span class=\"s10\"><span class=\"bumpedFont15\">a sus compa<\/span><\/span><span class=\"s10\"><span class=\"bumpedFont15\">\u00f1eros <\/span><\/span><span class=\"s10\"><span class=\"bumpedFont15\">ediles Au<\/span><\/span><span class=\"s10\"><span class=\"bumpedFont15\">r<\/span><\/span><span class=\"s10\"><span class=\"bumpedFont15\">ora A<\/span><\/span><span class=\"s10\"><span class=\"bumpedFont15\">l<\/span><\/span><span class=\"s10\"><span class=\"bumpedFont15\">c<\/span><\/span><span class=\"s10\"><span class=\"bumpedFont15\">\u00e1<\/span><\/span><span class=\"s10\"><span class=\"bumpedFont15\">n<\/span><\/span><span class=\"s10\"><span class=\"bumpedFont15\">ta<\/span><\/span><span class=\"s10\"><span class=\"bumpedFont15\">r<\/span><\/span><span class=\"s10\"><span class=\"bumpedFont15\"> Castro<\/span><\/span><span class=\"s10\"><span class=\"bumpedFont15\">, Ye<\/span><\/span><span class=\"s10\"><span class=\"bumpedFont15\">n<\/span><\/span><span class=\"s10\"><span class=\"bumpedFont15\">iva G<\/span><\/span><span class=\"s10\"><span class=\"bumpedFont15\">\u00e1<\/span><\/span><span class=\"s10\"><span class=\"bumpedFont15\">mez<\/span><\/span><span class=\"s10\"><span class=\"bumpedFont15\"> L\u00f3pez<\/span><\/span><span class=\"s10\"><span class=\"bumpedFont15\">, Lidia <\/span><\/span><span class=\"s10\"><span class=\"bumpedFont15\">Adela <\/span><\/span><span class=\"s10\"><span class=\"bumpedFont15\">Reyes <\/span><\/span><span class=\"s10\"><span class=\"bumpedFont15\">Ley <\/span><\/span><span class=\"s10\"><span class=\"bumpedFont15\">y <\/span><\/span><span class=\"s10\"><span class=\"bumpedFont15\">Jos\u00e9 <\/span><\/span><span class=\"s10\"><span class=\"bumpedFont15\">Trinidad Vel<\/span><\/span><span class=\"s10\"><span class=\"bumpedFont15\">\u00e1<\/span><\/span><span class=\"s10\"><span class=\"bumpedFont15\">zq<\/span><\/span><span class=\"s10\"><span class=\"bumpedFont15\">u<\/span><\/span><span class=\"s10\"><span class=\"bumpedFont15\">ez<\/span><\/span><span class=\"s10\"><span class=\"bumpedFont15\"> Chaparro<\/span><\/span><span class=\"s10\"><span class=\"bumpedFont15\">, as<\/span><\/span><span class=\"s10\"><span class=\"bumpedFont15\">\u00ed como a la S\u00edndica Procuradora Mar\u00eda Luisa G\u00f3mez Liz\u00e1rraga, <\/span><\/span><span class=\"s10\"><span class=\"bumpedFont15\">al <\/span><\/span><span class=\"s10\"><span class=\"bumpedFont15\">Secretario <\/span><\/span><span class=\"s10\"><span class=\"bumpedFont15\">del Ay<\/span><\/span><span class=\"s10\"><span class=\"bumpedFont15\">un<\/span><\/span><span class=\"s10\"><span class=\"bumpedFont15\">ta<\/span><\/span><span class=\"s10\"><span class=\"bumpedFont15\">miento <\/span><\/span><span class=\"s10\"><span class=\"bumpedFont15\">Cutbe<\/span><\/span><span class=\"s10\"><span class=\"bumpedFont15\">r<\/span><\/span><span class=\"s10\"><span class=\"bumpedFont15\">to R<\/span><\/span><span class=\"s10\"><span class=\"bumpedFont15\">\u00ed<\/span><\/span><span class=\"s10\"><span class=\"bumpedFont15\">os <\/span><\/span><span class=\"s10\"><span class=\"bumpedFont15\">Beltr\u00e1n <\/span><\/span><span class=\"s10\"><span class=\"bumpedFont15\">y <\/span><\/span><span class=\"s10\"><span class=\"bumpedFont15\">al Secretario de Bienestar Joaqu\u00edn P\u00e1ez Roiz,<\/span><\/span><span class=\"s10\"><span class=\"bumpedFont15\"> que lo acompa\u00f1aron<\/span><\/span> <span class=\"s10\"><span class=\"bumpedFont15\">junto con otros funci<\/span><\/span><span class=\"s10\"><span class=\"bumpedFont15\">onarios <\/span><\/span><span class=\"s10\"><span class=\"bumpedFont15\">en el evento.<\/span><\/span><\/p>\n<p class=\"s11\"><span class=\"s10\"><span class=\"bumpedFont15\">Algunos de los asistentes, entre ellos el ni\u00f1o Neymar de la colonia Siglo XXI y las se\u00f1oras <\/span><\/span><span class=\"s10\"><span class=\"bumpedFont15\">Kathia <\/span><\/span><span class=\"s10\"><span class=\"bumpedFont15\">y Rosario, en breves palabras agradecieron el gesto de la autoridad municipal por organizar esta bonita fiesta.<\/span><\/span><\/p>\n<p class=\"s11\"><span class=\"s10\"><span class=\"bumpedFont15\">\u201cEst\u00e1 muy bonito todo. Muchas gracias. Es <\/span><\/span><span class=\"s10\"><span class=\"bumpedFont15\">muy importante que los ni\u00f1os se<\/span><\/span> <span class=\"s10\"><span class=\"bumpedFont15\">invo<\/span><\/span><span class=\"s10\"><span class=\"bumpedFont15\">lucren en <\/span><\/span><span class=\"s10\"><span class=\"bumpedFont15\">las actividades que se hacen<\/span><\/span><span class=\"s10\"><span class=\"bumpedFont15\">, <\/span><\/span><span class=\"s10\"><span class=\"bumpedFont15\">est\u00e1n felice<\/span><\/span><span class=\"s10\"><span class=\"bumpedFont15\">s<\/span><\/span><span class=\"s10\"><span class=\"bumpedFont15\"> mis hijos y sobrinos, vamos a los juegos y desp<\/span><\/span><span class=\"s10\"><span class=\"bumpedFont15\">u\u00e9<\/span><\/span><span class=\"s10\"><span class=\"bumpedFont15\">s al<\/span><\/span> <span class=\"s10\"><span class=\"bumpedFont15\">festiva<\/span><\/span><span class=\"s10\"><span class=\"bumpedFont15\">l y lo regalos\u201d, dijeron.<\/span><\/span><\/p>\n<p class=\"s11\"><span class=\"s10\"><span class=\"bumpedFont15\">La informaci\u00f3n indica que sumaron m\u00e1s de 27 mil ni\u00f1as y ni\u00f1os en Los Mochis y las sindicaturas las que festejaron y recibieron dulces, pelotas, bollitos y otras sorpresas.<\/span><\/span><\/p>\n<p class=\"s11\">\n","protected":false},"excerpt":{"rendered":"<p>La Presidenta de DIF Marissa Men\u00e9ndez De Llano Ch\u00e1vez y su padre el Alcalde Antonio Men\u00e9ndez De Llano Berm\u00fadez, junto con regidores y funcionarios fueron los anfitriones del festejo\u2026 Los Mochis, Ahome, Sinaloa.&#8211; Miles de ni\u00f1os ahomenses disfrutaron de la fiesta que el Sistema para el Desarrollo Integral de la Familia (DIF) y el Ayuntamiento<\/p>\n","protected":false},"author":6,"featured_media":138527,"comment_status":"closed","ping_status":"closed","sticky":false,"template":"","format":"standard","meta":{"footnotes":""},"categories":[38],"tags":[],"class_list":["post-138524","post","type-post","status-publish","format-standard","has-post-thumbnail","hentry","category-locales"],"_links":{"self":[{"href":"https:\/\/plataformanoticias.mx\/index.php?rest_route=\/wp\/v2\/posts\/138524","targetHints":{"allow":["GET"]}}],"collection":[{"href":"https:\/\/plataformanoticias.mx\/index.php?rest_route=\/wp\/v2\/posts"}],"about":[{"href":"https:\/\/plataformanoticias.mx\/index.php?rest_route=\/wp\/v2\/types\/post"}],"author":[{"embeddable":true,"href":"https:\/\/plataformanoticias.mx\/index.php?rest_route=\/wp\/v2\/users\/6"}],"replies":[{"embeddable":true,"href":"https:\/\/plataformanoticias.mx\/index.php?rest_route=%2Fwp%2Fv2%2Fcomments&post=138524"}],"version-history":[{"count":1,"href":"https:\/\/plataformanoticias.mx\/index.php?rest_route=\/wp\/v2\/posts\/138524\/revisions"}],"predecessor-version":[{"id":138528,"href":"https:\/\/plataformanoticias.mx\/index.php?rest_route=\/wp\/v2\/posts\/138524\/revisions\/138528"}],"wp:featuredmedia":[{"embeddable":true,"href":"https:\/\/plataformanoticias.mx\/index.php?rest_route=\/wp\/v2\/media\/138527"}],"wp:attachment":[{"href":"https:\/\/plataformanoticias.mx\/index.php?rest_route=%2Fwp%2Fv2%2Fmedia&parent=138524"}],"wp:term":[{"taxonomy":"category","embeddable":true,"href":"https:\/\/plataformanoticias.mx\/index.php?rest_route=%2Fwp%2Fv2%2Fcategories&post=138524"},{"taxonomy":"post_tag","embeddable":true,"href":"https:\/\/plataformanoticias.mx\/index.php?rest_route=%2Fwp%2Fv2%2Ftags&post=138524"}],"curies":[{"name":"wp","href":"https:\/\/api.w.org\/{rel}","templated":true}]}}