{"id":138529,"date":"2026-04-30T19:17:42","date_gmt":"2026-05-01T02:17:42","guid":{"rendered":"https:\/\/plataformanoticias.mx\/?p=138529"},"modified":"2026-04-30T19:17:42","modified_gmt":"2026-05-01T02:17:42","slug":"mas-de-20-mil-asistentes-celebran-el-dia-de-la-ninez-sinaloense-en-palacio-de-gobierno","status":"publish","type":"post","link":"https:\/\/plataformanoticias.mx\/?p=138529","title":{"rendered":"M\u00e1s de 20 mil asistentes celebran el D\u00eda de la Ni\u00f1ez Sinaloense, en Palacio de Gobierno"},"content":{"rendered":"<p>Elementos de Seguridad Estatal, Marina, Protecci\u00f3n Civil y de Tr\u00e1nsito, resguardan la zona para la seguridad de las miles de familias que acudieron al concierto<\/p>\n<p><img loading=\"lazy\" decoding=\"async\" class=\"alignnone size-medium wp-image-138531 aligncenter\" src=\"https:\/\/plataformanoticias.mx\/wp-content\/uploads\/2026\/04\/92eff321-9522-4ed6-973d-42dc5acf0142-300x200.jpeg\" alt=\"\" width=\"300\" height=\"200\" srcset=\"https:\/\/plataformanoticias.mx\/wp-content\/uploads\/2026\/04\/92eff321-9522-4ed6-973d-42dc5acf0142-300x200.jpeg 300w, https:\/\/plataformanoticias.mx\/wp-content\/uploads\/2026\/04\/92eff321-9522-4ed6-973d-42dc5acf0142-1024x682.jpeg 1024w, https:\/\/plataformanoticias.mx\/wp-content\/uploads\/2026\/04\/92eff321-9522-4ed6-973d-42dc5acf0142-768x512.jpeg 768w, https:\/\/plataformanoticias.mx\/wp-content\/uploads\/2026\/04\/92eff321-9522-4ed6-973d-42dc5acf0142.jpeg 1280w\" sizes=\"auto, (max-width: 300px) 100vw, 300px\" \/><\/p>\n<p><strong>Culiac\u00e1n, Sinaloa.-<\/strong> En un ambiente totalmente familiar se llev\u00f3 a cabo el festejo de la ni\u00f1ez sinaloense , con un concierto organizado por el Sistema DIF y el Gobierno del Estado que reuni\u00f3 a m\u00e1s de 20 mil asistentes, en la explanada de la Unidad Administrativa quienes disfrutaron del Show Musical de Piccolos y la estrella musical Luli Pampin.<\/p>\n<p><img loading=\"lazy\" decoding=\"async\" class=\"alignnone size-medium wp-image-138532 aligncenter\" src=\"https:\/\/plataformanoticias.mx\/wp-content\/uploads\/2026\/04\/IMG_6876-300x200.jpeg\" alt=\"\" width=\"300\" height=\"200\" srcset=\"https:\/\/plataformanoticias.mx\/wp-content\/uploads\/2026\/04\/IMG_6876-300x200.jpeg 300w, https:\/\/plataformanoticias.mx\/wp-content\/uploads\/2026\/04\/IMG_6876-1024x682.jpeg 1024w, https:\/\/plataformanoticias.mx\/wp-content\/uploads\/2026\/04\/IMG_6876-768x512.jpeg 768w, https:\/\/plataformanoticias.mx\/wp-content\/uploads\/2026\/04\/IMG_6876.jpeg 1280w\" sizes=\"auto, (max-width: 300px) 100vw, 300px\" \/><br \/>\nEste evento gratuito para los miles de ni\u00f1as y ni\u00f1os, as\u00ed como padres de familia que llenaron la explanada c\u00edvica, tuvo como atractivos una serie de juegos mec\u00e1nicos y snacks que fueron el deleite de las y los peque\u00f1os.<\/p>\n<p><img loading=\"lazy\" decoding=\"async\" class=\"alignnone size-medium wp-image-138533 aligncenter\" src=\"https:\/\/plataformanoticias.mx\/wp-content\/uploads\/2026\/04\/IMG_6875-300x200.jpeg\" alt=\"\" width=\"300\" height=\"200\" srcset=\"https:\/\/plataformanoticias.mx\/wp-content\/uploads\/2026\/04\/IMG_6875-300x200.jpeg 300w, https:\/\/plataformanoticias.mx\/wp-content\/uploads\/2026\/04\/IMG_6875-1024x682.jpeg 1024w, https:\/\/plataformanoticias.mx\/wp-content\/uploads\/2026\/04\/IMG_6875-768x512.jpeg 768w, https:\/\/plataformanoticias.mx\/wp-content\/uploads\/2026\/04\/IMG_6875.jpeg 1280w\" sizes=\"auto, (max-width: 300px) 100vw, 300px\" \/><\/p>\n<p>Esta celebraci\u00f3n para festejar a la ni\u00f1ez sinaloense estuvo enmarcada en un operativo de seguridad de los 3 niveles de gobierno para el resguardo de los miles de personas y peque\u00f1os que se dieron cita este 30 de abril.<\/p>\n","protected":false},"excerpt":{"rendered":"<p>Elementos de Seguridad Estatal, Marina, Protecci\u00f3n Civil y de Tr\u00e1nsito, resguardan la zona para la seguridad de las miles de familias que acudieron al concierto Culiac\u00e1n, Sinaloa.- En un ambiente totalmente familiar se llev\u00f3 a cabo el festejo de la ni\u00f1ez sinaloense , con un concierto organizado por el Sistema DIF y el Gobierno del<\/p>\n","protected":false},"author":6,"featured_media":138534,"comment_status":"closed","ping_status":"closed","sticky":false,"template":"","format":"standard","meta":{"footnotes":""},"categories":[28],"tags":[],"class_list":["post-138529","post","type-post","status-publish","format-standard","has-post-thumbnail","hentry","category-centro"],"_links":{"self":[{"href":"https:\/\/plataformanoticias.mx\/index.php?rest_route=\/wp\/v2\/posts\/138529","targetHints":{"allow":["GET"]}}],"collection":[{"href":"https:\/\/plataformanoticias.mx\/index.php?rest_route=\/wp\/v2\/posts"}],"about":[{"href":"https:\/\/plataformanoticias.mx\/index.php?rest_route=\/wp\/v2\/types\/post"}],"author":[{"embeddable":true,"href":"https:\/\/plataformanoticias.mx\/index.php?rest_route=\/wp\/v2\/users\/6"}],"replies":[{"embeddable":true,"href":"https:\/\/plataformanoticias.mx\/index.php?rest_route=%2Fwp%2Fv2%2Fcomments&post=138529"}],"version-history":[{"count":1,"href":"https:\/\/plataformanoticias.mx\/index.php?rest_route=\/wp\/v2\/posts\/138529\/revisions"}],"predecessor-version":[{"id":138535,"href":"https:\/\/plataformanoticias.mx\/index.php?rest_route=\/wp\/v2\/posts\/138529\/revisions\/138535"}],"wp:featuredmedia":[{"embeddable":true,"href":"https:\/\/plataformanoticias.mx\/index.php?rest_route=\/wp\/v2\/media\/138534"}],"wp:attachment":[{"href":"https:\/\/plataformanoticias.mx\/index.php?rest_route=%2Fwp%2Fv2%2Fmedia&parent=138529"}],"wp:term":[{"taxonomy":"category","embeddable":true,"href":"https:\/\/plataformanoticias.mx\/index.php?rest_route=%2Fwp%2Fv2%2Fcategories&post=138529"},{"taxonomy":"post_tag","embeddable":true,"href":"https:\/\/plataformanoticias.mx\/index.php?rest_route=%2Fwp%2Fv2%2Ftags&post=138529"}],"curies":[{"name":"wp","href":"https:\/\/api.w.org\/{rel}","templated":true}]}}