{"id":138542,"date":"2026-04-30T21:05:37","date_gmt":"2026-05-01T04:05:37","guid":{"rendered":"https:\/\/plataformanoticias.mx\/?p=138542"},"modified":"2026-04-30T21:05:37","modified_gmt":"2026-05-01T04:05:37","slug":"diversion-y-sonrisas-marcaron-el-dia-de-la-ninez-en-juan-jose-rios","status":"publish","type":"post","link":"https:\/\/plataformanoticias.mx\/?p=138542","title":{"rendered":"Diversi\u00f3n y sonrisas marcaron el D\u00eda de la Ni\u00f1ez en Juan Jos\u00e9 R\u00edos"},"content":{"rendered":"<p><img loading=\"lazy\" decoding=\"async\" class=\"alignnone size-medium wp-image-138545\" src=\"https:\/\/plataformanoticias.mx\/wp-content\/uploads\/2026\/04\/2c0d63bb-7ef9-4f85-ae3c-b2206bfcc570-300x200.jpeg\" alt=\"\" width=\"300\" height=\"200\" srcset=\"https:\/\/plataformanoticias.mx\/wp-content\/uploads\/2026\/04\/2c0d63bb-7ef9-4f85-ae3c-b2206bfcc570-300x200.jpeg 300w, https:\/\/plataformanoticias.mx\/wp-content\/uploads\/2026\/04\/2c0d63bb-7ef9-4f85-ae3c-b2206bfcc570-1024x684.jpeg 1024w, https:\/\/plataformanoticias.mx\/wp-content\/uploads\/2026\/04\/2c0d63bb-7ef9-4f85-ae3c-b2206bfcc570-768x513.jpeg 768w, https:\/\/plataformanoticias.mx\/wp-content\/uploads\/2026\/04\/2c0d63bb-7ef9-4f85-ae3c-b2206bfcc570-1536x1025.jpeg 1536w, https:\/\/plataformanoticias.mx\/wp-content\/uploads\/2026\/04\/2c0d63bb-7ef9-4f85-ae3c-b2206bfcc570.jpeg 1600w\" sizes=\"auto, (max-width: 300px) 100vw, 300px\" \/><\/p>\n<p><strong>Juan Jos\u00e9 R\u00edos, Sinaloa.<\/strong>&#8211; En un ambiente lleno de sonrisas, ilusi\u00f3n y convivencia, el H. Ayuntamiento de Juan Jos\u00e9 R\u00edos y el Sistema DIF Municipal, llev\u00f3 a cabo un emotivo festejo con motivo del D\u00eda de la Ni\u00f1ez, brindando a las ni\u00f1as y ni\u00f1os del municipio una jornada especial pensada para su disfrute.<\/p>\n<p>Durante el evento, la alegr\u00eda se hizo presente en cada rinc\u00f3n, donde la alcaldesa Evangelina Llanes Carre\u00f3n comparti\u00f3 momentos con las ni\u00f1as y ni\u00f1os, sum\u00e1ndose a sus sonrisas y siendo parte de esta celebraci\u00f3n tan especial, reafirmando con su cercan\u00eda el compromiso con la ni\u00f1ez del municipio.<\/p>\n<p><img loading=\"lazy\" decoding=\"async\" class=\"alignnone size-medium wp-image-138544 aligncenter\" src=\"https:\/\/plataformanoticias.mx\/wp-content\/uploads\/2026\/04\/60a06cb9-0815-4d8c-90c1-9b4afea313d2-300x169.jpeg\" alt=\"\" width=\"300\" height=\"169\" srcset=\"https:\/\/plataformanoticias.mx\/wp-content\/uploads\/2026\/04\/60a06cb9-0815-4d8c-90c1-9b4afea313d2-300x169.jpeg 300w, https:\/\/plataformanoticias.mx\/wp-content\/uploads\/2026\/04\/60a06cb9-0815-4d8c-90c1-9b4afea313d2-1024x576.jpeg 1024w, https:\/\/plataformanoticias.mx\/wp-content\/uploads\/2026\/04\/60a06cb9-0815-4d8c-90c1-9b4afea313d2-768x432.jpeg 768w, https:\/\/plataformanoticias.mx\/wp-content\/uploads\/2026\/04\/60a06cb9-0815-4d8c-90c1-9b4afea313d2-1536x864.jpeg 1536w, https:\/\/plataformanoticias.mx\/wp-content\/uploads\/2026\/04\/60a06cb9-0815-4d8c-90c1-9b4afea313d2.jpeg 1600w\" sizes=\"auto, (max-width: 300px) 100vw, 300px\" \/><br \/>\nLas familias disfrutaron de un programa lleno de entretenimiento, m\u00fasica y presentaciones de danza que llenaron de vida y color el espacio, creando momentos inolvidables para las y los asistentes.<\/p>\n<p>Asimismo, form\u00f3 parte el H. Cuerpo de regidores, y distintas direcciones del Ayuntamiento instalaron stands de actividades, donde las ni\u00f1as y ni\u00f1os pudieron participar, aprender y divertirse a trav\u00e9s de din\u00e1micas dise\u00f1adas especialmente para ellas y ellos, fortaleciendo la cercan\u00eda entre el gobierno municipal y la ciudadan\u00eda.<\/p>\n<p>Como parte de esta gran celebraci\u00f3n, tambi\u00e9n se realiz\u00f3 la entrega de obsequios, despertando emoci\u00f3n y alegr\u00eda en cada peque\u00f1a y peque\u00f1o que form\u00f3 parte de esta fiesta.<\/p>\n<p>Por su parte, el presidente del Sistema DIF Municipal, Gabriel Rojo Llanes, expres\u00f3:<br \/>\n_&#8221;Nos sentimos nosotros muy contentos, hubo una gran afluencia, hubo m\u00e1s afluencia este a\u00f1o que el a\u00f1o pasado, logrando as\u00ed que nuestros peque\u00f1ines se divirtieran aqu\u00ed con nosotros.&#8221;_<\/p>\n<p>Un d\u00eda que dej\u00f3 huellas de alegr\u00eda en cada ni\u00f1a y ni\u00f1o, record\u00e1ndonos que su felicidad es el motor que inspira a seguir construyendo un mejor presente.<\/p>\n","protected":false},"excerpt":{"rendered":"<p>Juan Jos\u00e9 R\u00edos, Sinaloa.&#8211; En un ambiente lleno de sonrisas, ilusi\u00f3n y convivencia, el H. Ayuntamiento de Juan Jos\u00e9 R\u00edos y el Sistema DIF Municipal, llev\u00f3 a cabo un emotivo festejo con motivo del D\u00eda de la Ni\u00f1ez, brindando a las ni\u00f1as y ni\u00f1os del municipio una jornada especial pensada para su disfrute. Durante el<\/p>\n","protected":false},"author":6,"featured_media":138546,"comment_status":"closed","ping_status":"closed","sticky":false,"template":"","format":"standard","meta":{"footnotes":""},"categories":[27],"tags":[],"class_list":["post-138542","post","type-post","status-publish","format-standard","has-post-thumbnail","hentry","category-norte"],"_links":{"self":[{"href":"https:\/\/plataformanoticias.mx\/index.php?rest_route=\/wp\/v2\/posts\/138542","targetHints":{"allow":["GET"]}}],"collection":[{"href":"https:\/\/plataformanoticias.mx\/index.php?rest_route=\/wp\/v2\/posts"}],"about":[{"href":"https:\/\/plataformanoticias.mx\/index.php?rest_route=\/wp\/v2\/types\/post"}],"author":[{"embeddable":true,"href":"https:\/\/plataformanoticias.mx\/index.php?rest_route=\/wp\/v2\/users\/6"}],"replies":[{"embeddable":true,"href":"https:\/\/plataformanoticias.mx\/index.php?rest_route=%2Fwp%2Fv2%2Fcomments&post=138542"}],"version-history":[{"count":1,"href":"https:\/\/plataformanoticias.mx\/index.php?rest_route=\/wp\/v2\/posts\/138542\/revisions"}],"predecessor-version":[{"id":138548,"href":"https:\/\/plataformanoticias.mx\/index.php?rest_route=\/wp\/v2\/posts\/138542\/revisions\/138548"}],"wp:featuredmedia":[{"embeddable":true,"href":"https:\/\/plataformanoticias.mx\/index.php?rest_route=\/wp\/v2\/media\/138546"}],"wp:attachment":[{"href":"https:\/\/plataformanoticias.mx\/index.php?rest_route=%2Fwp%2Fv2%2Fmedia&parent=138542"}],"wp:term":[{"taxonomy":"category","embeddable":true,"href":"https:\/\/plataformanoticias.mx\/index.php?rest_route=%2Fwp%2Fv2%2Fcategories&post=138542"},{"taxonomy":"post_tag","embeddable":true,"href":"https:\/\/plataformanoticias.mx\/index.php?rest_route=%2Fwp%2Fv2%2Ftags&post=138542"}],"curies":[{"name":"wp","href":"https:\/\/api.w.org\/{rel}","templated":true}]}}