{"id":138549,"date":"2026-04-30T21:13:22","date_gmt":"2026-05-01T04:13:22","guid":{"rendered":"https:\/\/plataformanoticias.mx\/?p=138549"},"modified":"2026-04-30T21:13:22","modified_gmt":"2026-05-01T04:13:22","slug":"movimiento-ciudadano-pide-desafuero-de-rocha-moya","status":"publish","type":"post","link":"https:\/\/plataformanoticias.mx\/?p=138549","title":{"rendered":"Movimiento Ciudadano pide desafuero de Rocha Moya"},"content":{"rendered":"<p class=\"p1\"><span class=\"s1\">El dirigente nacional de <\/span><span class=\"s2\">Movimiento Ciudadano<\/span><span class=\"s1\">, <\/span><span class=\"s2\">Jorge \u00c1lvarez M\u00e1ynez<\/span><span class=\"s1\">, inform\u00f3 que, en conjunto con el diputado <\/span><span class=\"s2\">Gibr\u00e1n Ram\u00edrez Reyes<\/span><span class=\"s1\">, present\u00f3 una solicitud formal para iniciar un proceso de desafuero contra funcionarios de Sinaloa se\u00f1alados por autoridades de Estados Unidos.<\/span><\/p>\n<p class=\"p1\"><span class=\"s1\">A trav\u00e9s de redes sociales, M\u00e1ynez dio a conocer el oficio que respalda la petici\u00f3n, en el cual se establece que la denuncia fue interpuesta ante la C\u00e1mara de Diputados con fundamento en los art\u00edculos 108, 109, 110, 111 y 114 de la Constituci\u00f3n, as\u00ed como en la Ley Federal de Responsabilidades de los Servidores P\u00fablicos.<\/span><\/p>\n<p class=\"p1\"><span class=\"s1\">En el documento se menciona directamente al gobernador de Sinaloa, <\/span><span class=\"s2\">Rub\u00e9n Rocha Moya<\/span><span class=\"s1\">; al senador <\/span><span class=\"s2\">Enrique Inzunza C\u00e1zarez<\/span><span class=\"s1\">; y al alcalde de Culiac\u00e1n, <\/span><span class=\"s2\">Juan de Dios G\u00e1mez Mend\u00edvil<\/span><span class=\"s1\">, as\u00ed como a otros servidores p\u00fablicos de la entidad.<\/span><\/p>\n<p class=\"p1\"><span class=\"s1\">La solicitud se sustenta en una imputaci\u00f3n emitida por la Fiscal\u00eda del Distrito Sur de Nueva York, en la que se se\u00f1ala a 10 funcionarios y exfuncionarios mexicanos por su presunta participaci\u00f3n en el delito de conspiraci\u00f3n para el tr\u00e1fico il\u00edcito de sustancias controladas, presuntamente vinculados con el <\/span><span class=\"s2\">C\u00e1rtel de Sinaloa<\/span><span class=\"s1\">.<\/span><\/p>\n<p class=\"p1\"><span class=\"s1\">De acuerdo con el escrito difundido por M\u00e1ynez, estas acusaciones han generado tensi\u00f3n en la relaci\u00f3n bilateral entre M\u00e9xico y Estados Unidos, al involucrar a funcionarios en activo en investigaciones de car\u00e1cter internacional.<\/span><\/p>\n<p class=\"p1\"><span class=\"s1\">En ese contexto, el dirigente de Movimiento Ciudadano subray\u00f3 que los se\u00f1alados deben enfrentar las indagatorias sin protecci\u00f3n constitucional, por lo que consider\u00f3 necesario avanzar en el proceso de desafuero para garantizar la rendici\u00f3n de cuentas.<\/span><\/p>\n","protected":false},"excerpt":{"rendered":"<p>El dirigente nacional de Movimiento Ciudadano, Jorge \u00c1lvarez M\u00e1ynez, inform\u00f3 que, en conjunto con el diputado Gibr\u00e1n Ram\u00edrez Reyes, present\u00f3 una solicitud formal para iniciar un proceso de desafuero contra funcionarios de Sinaloa se\u00f1alados por autoridades de Estados Unidos. A trav\u00e9s de redes sociales, M\u00e1ynez dio a conocer el oficio que respalda la petici\u00f3n, en<\/p>\n","protected":false},"author":6,"featured_media":138551,"comment_status":"closed","ping_status":"closed","sticky":false,"template":"","format":"standard","meta":{"footnotes":""},"categories":[31],"tags":[],"class_list":["post-138549","post","type-post","status-publish","format-standard","has-post-thumbnail","hentry","category-politica"],"_links":{"self":[{"href":"https:\/\/plataformanoticias.mx\/index.php?rest_route=\/wp\/v2\/posts\/138549","targetHints":{"allow":["GET"]}}],"collection":[{"href":"https:\/\/plataformanoticias.mx\/index.php?rest_route=\/wp\/v2\/posts"}],"about":[{"href":"https:\/\/plataformanoticias.mx\/index.php?rest_route=\/wp\/v2\/types\/post"}],"author":[{"embeddable":true,"href":"https:\/\/plataformanoticias.mx\/index.php?rest_route=\/wp\/v2\/users\/6"}],"replies":[{"embeddable":true,"href":"https:\/\/plataformanoticias.mx\/index.php?rest_route=%2Fwp%2Fv2%2Fcomments&post=138549"}],"version-history":[{"count":1,"href":"https:\/\/plataformanoticias.mx\/index.php?rest_route=\/wp\/v2\/posts\/138549\/revisions"}],"predecessor-version":[{"id":138552,"href":"https:\/\/plataformanoticias.mx\/index.php?rest_route=\/wp\/v2\/posts\/138549\/revisions\/138552"}],"wp:featuredmedia":[{"embeddable":true,"href":"https:\/\/plataformanoticias.mx\/index.php?rest_route=\/wp\/v2\/media\/138551"}],"wp:attachment":[{"href":"https:\/\/plataformanoticias.mx\/index.php?rest_route=%2Fwp%2Fv2%2Fmedia&parent=138549"}],"wp:term":[{"taxonomy":"category","embeddable":true,"href":"https:\/\/plataformanoticias.mx\/index.php?rest_route=%2Fwp%2Fv2%2Fcategories&post=138549"},{"taxonomy":"post_tag","embeddable":true,"href":"https:\/\/plataformanoticias.mx\/index.php?rest_route=%2Fwp%2Fv2%2Ftags&post=138549"}],"curies":[{"name":"wp","href":"https:\/\/api.w.org\/{rel}","templated":true}]}}