{"id":138559,"date":"2026-05-01T08:40:56","date_gmt":"2026-05-01T15:40:56","guid":{"rendered":"https:\/\/plataformanoticias.mx\/?p=138559"},"modified":"2026-05-01T08:40:56","modified_gmt":"2026-05-01T15:40:56","slug":"encierran-a-asesino-de-el-bichuta-operaba-de-asaltando-a-trailer-en-el-valle-del-carrizo","status":"publish","type":"post","link":"https:\/\/plataformanoticias.mx\/?p=138559","title":{"rendered":"Encierran a asesino de &#8220;El Bichuta&#8221;, operaba de asaltando a tr\u00e1iler en el Valle del Carrizo"},"content":{"rendered":"<p>&nbsp;<\/p>\n<p>El presunto asesino de &#8220;El Bichuta&#8221;, se\u00f1alado de asaltar a traileros en el Valle del Carrizo, qued\u00f3 tras las rejas, luego de ser vinculado a proceso por el delito de homicidio calificado con premeditaci\u00f3n.<\/p>\n<p>Hab\u00eda pedido tiempo y se acogi\u00f3 al plazo constitucional, pero finalmente el juez le dict\u00f3 prisi\u00f3n preventiva oficiosa. Se trata de un individuo identificado como Ives &#8220;N&#8221;, de 36 a\u00f1os de edad, con domicilio en la sindicatura Villa Gustavo D\u00edaz Ordaz, conocida como El Carrizo, quien es se\u00f1alado por el delito de homicidio doloso.<\/p>\n<p>Ives &#8220;N&#8221; fue detenido el pasado jueves 23 de abril por el asesinato de un hombre identificado como Daniel Alonso &#8220;B&#8221;, de 34 a\u00f1os de edad, apodado &#8220;El Bichuta&#8221;, quien ten\u00eda su domicilio sobre la calle principal del ejido Poblado 5, perteneciente a la misma sindicatura del Valle del Carrizo.<\/p>\n<p>El imputado fue presentado ante un juez de control, donde solicit\u00f3 la duplicidad del t\u00e9rmino constitucional, lo que deriv\u00f3 en la ampliaci\u00f3n del plazo para resolver su situaci\u00f3n jur\u00eddica.<\/p>\n<p>Sin embargo, la audiencia inicial fue diferida y no fue sino hasta este jueves 30 de abril cuando se llev\u00f3 a cabo la continuaci\u00f3n del proceso por su probable responsabilidad en el delito de homicidio calificado con premeditaci\u00f3n.<\/p>\n<p>El Ministerio P\u00fablico expuso los datos de prueba recabados por la Polic\u00eda de Investigaci\u00f3n de la Vicefiscal\u00eda de la Zona Norte, los cuales fueron valorados por la autoridad judicial.<\/p>\n<p>El juez de control resolvi\u00f3 vincular a proceso a Ives &#8220;N&#8221;, imponi\u00e9ndole como medida cautelar la prisi\u00f3n preventiva oficiosa, adem\u00e1s de establecer un plazo de cuatro meses para el cierre de la investigaci\u00f3n complementaria.<\/p>\n<p>Tras la determinaci\u00f3n del juez, el imputado qued\u00f3 recluido en el Centro Penitenciario Goros II, en el municipio de Ahome, donde permanecer\u00e1 en espera del desarrollo del proceso legal en su contra.<\/p>\n","protected":false},"excerpt":{"rendered":"<p>&nbsp; El presunto asesino de &#8220;El Bichuta&#8221;, se\u00f1alado de asaltar a traileros en el Valle del Carrizo, qued\u00f3 tras las rejas, luego de ser vinculado a proceso por el delito de homicidio calificado con premeditaci\u00f3n. Hab\u00eda pedido tiempo y se acogi\u00f3 al plazo constitucional, pero finalmente el juez le dict\u00f3 prisi\u00f3n preventiva oficiosa. Se trata<\/p>\n","protected":false},"author":6,"featured_media":138561,"comment_status":"closed","ping_status":"closed","sticky":false,"template":"","format":"standard","meta":{"footnotes":""},"categories":[38],"tags":[],"class_list":["post-138559","post","type-post","status-publish","format-standard","has-post-thumbnail","hentry","category-locales"],"_links":{"self":[{"href":"https:\/\/plataformanoticias.mx\/index.php?rest_route=\/wp\/v2\/posts\/138559","targetHints":{"allow":["GET"]}}],"collection":[{"href":"https:\/\/plataformanoticias.mx\/index.php?rest_route=\/wp\/v2\/posts"}],"about":[{"href":"https:\/\/plataformanoticias.mx\/index.php?rest_route=\/wp\/v2\/types\/post"}],"author":[{"embeddable":true,"href":"https:\/\/plataformanoticias.mx\/index.php?rest_route=\/wp\/v2\/users\/6"}],"replies":[{"embeddable":true,"href":"https:\/\/plataformanoticias.mx\/index.php?rest_route=%2Fwp%2Fv2%2Fcomments&post=138559"}],"version-history":[{"count":1,"href":"https:\/\/plataformanoticias.mx\/index.php?rest_route=\/wp\/v2\/posts\/138559\/revisions"}],"predecessor-version":[{"id":138562,"href":"https:\/\/plataformanoticias.mx\/index.php?rest_route=\/wp\/v2\/posts\/138559\/revisions\/138562"}],"wp:featuredmedia":[{"embeddable":true,"href":"https:\/\/plataformanoticias.mx\/index.php?rest_route=\/wp\/v2\/media\/138561"}],"wp:attachment":[{"href":"https:\/\/plataformanoticias.mx\/index.php?rest_route=%2Fwp%2Fv2%2Fmedia&parent=138559"}],"wp:term":[{"taxonomy":"category","embeddable":true,"href":"https:\/\/plataformanoticias.mx\/index.php?rest_route=%2Fwp%2Fv2%2Fcategories&post=138559"},{"taxonomy":"post_tag","embeddable":true,"href":"https:\/\/plataformanoticias.mx\/index.php?rest_route=%2Fwp%2Fv2%2Ftags&post=138559"}],"curies":[{"name":"wp","href":"https:\/\/api.w.org\/{rel}","templated":true}]}}