{"id":138574,"date":"2026-05-01T11:47:08","date_gmt":"2026-05-01T18:47:08","guid":{"rendered":"https:\/\/plataformanoticias.mx\/?p=138574"},"modified":"2026-05-01T11:47:08","modified_gmt":"2026-05-01T18:47:08","slug":"movimiento-ciudadano-se-deslinda-de-respaldo-de-alcalde-de-elota-a-rocha-moya","status":"publish","type":"post","link":"https:\/\/plataformanoticias.mx\/?p=138574","title":{"rendered":"Movimiento Ciudadano se deslinda de respaldo de alcalde de Elota a Rocha Moya"},"content":{"rendered":"<p>&nbsp;<\/p>\n<p><strong>Culiac\u00e1n, Sinaloa.-<\/strong> El partido Movimiento Ciudadano en Sinaloa rechaz\u00f3 de manera categ\u00f3rica el respaldo p\u00fablico que el alcalde de Elota, Richard Mill\u00e1n, expres\u00f3 hacia el gobernador Rub\u00e9n Rocha Moya.<\/p>\n<p>A trav\u00e9s de un posicionamiento oficial, la dirigencia estatal se\u00f1al\u00f3 que dicha postura fue una decisi\u00f3n personal, tomada al margen del partido, por lo que no representa ni coincide con los principios de la organizaci\u00f3n.<\/p>\n<p>En el documento, se precisa que Mill\u00e1n no es militante de Movimiento Ciudadano, aunque fue postulado como candidato ciudadano, y actualmente no participa en la vida interna del partido.<\/p>\n<p>Asimismo, el instituto pol\u00edtico subray\u00f3 que las declaraciones del alcalde carecen de representaci\u00f3n oficial y adelant\u00f3 que la dirigencia propondr\u00e1 que su eventual candidatura no sea respaldada en futuros procesos electorales.<\/p>\n<p>El pronunciamiento concluye con un llamado a la exigencia de \u201cverdad, justicia y paz para Sinaloa\u201d.<\/p>\n<p>El documento est\u00e1 firmado por Sergio Esquer Peiro, coordinador estatal de Movimiento Ciudadano, y Elizabeth Montoya Ojeda, secretaria de Acuerdos del partido en la entidad<\/p>\n","protected":false},"excerpt":{"rendered":"<p>&nbsp; Culiac\u00e1n, Sinaloa.- El partido Movimiento Ciudadano en Sinaloa rechaz\u00f3 de manera categ\u00f3rica el respaldo p\u00fablico que el alcalde de Elota, Richard Mill\u00e1n, expres\u00f3 hacia el gobernador Rub\u00e9n Rocha Moya. A trav\u00e9s de un posicionamiento oficial, la dirigencia estatal se\u00f1al\u00f3 que dicha postura fue una decisi\u00f3n personal, tomada al margen del partido, por lo que<\/p>\n","protected":false},"author":6,"featured_media":138576,"comment_status":"closed","ping_status":"closed","sticky":false,"template":"","format":"standard","meta":{"footnotes":""},"categories":[38],"tags":[],"class_list":["post-138574","post","type-post","status-publish","format-standard","has-post-thumbnail","hentry","category-locales"],"_links":{"self":[{"href":"https:\/\/plataformanoticias.mx\/index.php?rest_route=\/wp\/v2\/posts\/138574","targetHints":{"allow":["GET"]}}],"collection":[{"href":"https:\/\/plataformanoticias.mx\/index.php?rest_route=\/wp\/v2\/posts"}],"about":[{"href":"https:\/\/plataformanoticias.mx\/index.php?rest_route=\/wp\/v2\/types\/post"}],"author":[{"embeddable":true,"href":"https:\/\/plataformanoticias.mx\/index.php?rest_route=\/wp\/v2\/users\/6"}],"replies":[{"embeddable":true,"href":"https:\/\/plataformanoticias.mx\/index.php?rest_route=%2Fwp%2Fv2%2Fcomments&post=138574"}],"version-history":[{"count":1,"href":"https:\/\/plataformanoticias.mx\/index.php?rest_route=\/wp\/v2\/posts\/138574\/revisions"}],"predecessor-version":[{"id":138577,"href":"https:\/\/plataformanoticias.mx\/index.php?rest_route=\/wp\/v2\/posts\/138574\/revisions\/138577"}],"wp:featuredmedia":[{"embeddable":true,"href":"https:\/\/plataformanoticias.mx\/index.php?rest_route=\/wp\/v2\/media\/138576"}],"wp:attachment":[{"href":"https:\/\/plataformanoticias.mx\/index.php?rest_route=%2Fwp%2Fv2%2Fmedia&parent=138574"}],"wp:term":[{"taxonomy":"category","embeddable":true,"href":"https:\/\/plataformanoticias.mx\/index.php?rest_route=%2Fwp%2Fv2%2Fcategories&post=138574"},{"taxonomy":"post_tag","embeddable":true,"href":"https:\/\/plataformanoticias.mx\/index.php?rest_route=%2Fwp%2Fv2%2Ftags&post=138574"}],"curies":[{"name":"wp","href":"https:\/\/api.w.org\/{rel}","templated":true}]}}