{"id":138583,"date":"2026-05-01T11:59:06","date_gmt":"2026-05-01T18:59:06","guid":{"rendered":"https:\/\/plataformanoticias.mx\/?p=138583"},"modified":"2026-05-01T11:59:06","modified_gmt":"2026-05-01T18:59:06","slug":"reconoce-alcalde-antonio-menendez-el-trabajo-de-sindicalistas-en-especial-los-de-ahome-en-el-dia-del-trabajo","status":"publish","type":"post","link":"https:\/\/plataformanoticias.mx\/?p=138583","title":{"rendered":"Reconoce Alcalde Antonio Men\u00e9ndez el trabajo de sindicalistas, en especial los de Ahome en el D\u00eda del Trabajo"},"content":{"rendered":"<p>&nbsp;<\/p>\n<p>El Presidente Municipal encabez\u00f3 el acto c\u00edvico, el tradicional desfile y entrega de reconocimientos a trabajadores por su desempe\u00f1o laboral en favor de la ciudadan\u00eda&#8230;<\/p>\n<p><img loading=\"lazy\" decoding=\"async\" class=\"alignnone size-medium wp-image-138586\" src=\"https:\/\/plataformanoticias.mx\/wp-content\/uploads\/2026\/05\/ae02fbb2-d05b-4c3d-9f3d-5bd592ab5557-300x200.jpeg\" alt=\"\" width=\"300\" height=\"200\" srcset=\"https:\/\/plataformanoticias.mx\/wp-content\/uploads\/2026\/05\/ae02fbb2-d05b-4c3d-9f3d-5bd592ab5557-300x200.jpeg 300w, https:\/\/plataformanoticias.mx\/wp-content\/uploads\/2026\/05\/ae02fbb2-d05b-4c3d-9f3d-5bd592ab5557-1024x684.jpeg 1024w, https:\/\/plataformanoticias.mx\/wp-content\/uploads\/2026\/05\/ae02fbb2-d05b-4c3d-9f3d-5bd592ab5557-768x513.jpeg 768w, https:\/\/plataformanoticias.mx\/wp-content\/uploads\/2026\/05\/ae02fbb2-d05b-4c3d-9f3d-5bd592ab5557.jpeg 1280w\" sizes=\"auto, (max-width: 300px) 100vw, 300px\" \/><\/p>\n<p><strong>Los Mochis, Ahome, Sinaloa.<\/strong> El Presidente Municipal Antonio Men\u00e9ndez De Llano Berm\u00fadez, junto con su hija Marissa Men\u00e9ndez De Llano, Presidenta de DIF Ahome, as\u00ed como autoridades sindicales, funcionarios y trabajadores de los organismos laborales del municipio, realizaron ceremonia c\u00edvica para conmemorar el 140 aniversario de esta celebraci\u00f3n internacional del movimiento obrero.<\/p>\n<p>En la ceremonia c\u00edvica de izamiento de bandera en Palacio Municipal, participaron con discursos alusivos l\u00edderes sindicalistas del sector Salud y de la CTM, Miguel \u00c1ngel Valdez y Daniel Guadalupe Garc\u00eda, quienes enarbolaron mensajes en favor del movimiento obrerista mexicano.<\/p>\n<p>Por su parte el Presidente Municipal Antonio Men\u00e9ndez De Llano Berm\u00fadez, en su mensaje, dijo reconocer el trabajo y el tes\u00f3n de los obreros mexicanos, sobre todo a los del Ayuntamiento de Ahome, que son buen ejemplo de servicio y productividad.<\/p>\n<p>Durante la ceremonia c\u00edvica en la explanada de Palacio Municipal, antes del inicio del tradicional desfile, se entregaron reconocimientos a trabajadores sindicalistas que han servido al pueblo durante d\u00e9cadas entre ellos Carlos Enrique Fern\u00e1ndez, Roberto Torres, Jos\u00e9 Luis Tabares, Juli\u00e1n Guti\u00e9rrez y Jes\u00fas Antonio Valdez, de diferentes agrupaciones sindicales como la JAPAMA, Salud, Transporte de construcci\u00f3n y Ayuntamiento de Ahome, entre otros.<\/p>\n<p>Como parte de su agenda de actividades, despu\u00e9s del desfile y ceremonia del D\u00eda del Trabajo, el Presidente Municipal Antonio Men\u00e9ndez De Llano Berm\u00fadez, acompa\u00f1\u00f3 a los vecinos de la sindicatura de El Guayabo para encabezar Sesi\u00f3n Solemne de Cabildo por el aniversario de fundaci\u00f3n de dicho n\u00facleo poblacional.<\/p>\n","protected":false},"excerpt":{"rendered":"<p>&nbsp; El Presidente Municipal encabez\u00f3 el acto c\u00edvico, el tradicional desfile y entrega de reconocimientos a trabajadores por su desempe\u00f1o laboral en favor de la ciudadan\u00eda&#8230; Los Mochis, Ahome, Sinaloa. El Presidente Municipal Antonio Men\u00e9ndez De Llano Berm\u00fadez, junto con su hija Marissa Men\u00e9ndez De Llano, Presidenta de DIF Ahome, as\u00ed como autoridades sindicales, funcionarios<\/p>\n","protected":false},"author":6,"featured_media":138587,"comment_status":"closed","ping_status":"closed","sticky":false,"template":"","format":"standard","meta":{"footnotes":""},"categories":[38],"tags":[],"class_list":["post-138583","post","type-post","status-publish","format-standard","has-post-thumbnail","hentry","category-locales"],"_links":{"self":[{"href":"https:\/\/plataformanoticias.mx\/index.php?rest_route=\/wp\/v2\/posts\/138583","targetHints":{"allow":["GET"]}}],"collection":[{"href":"https:\/\/plataformanoticias.mx\/index.php?rest_route=\/wp\/v2\/posts"}],"about":[{"href":"https:\/\/plataformanoticias.mx\/index.php?rest_route=\/wp\/v2\/types\/post"}],"author":[{"embeddable":true,"href":"https:\/\/plataformanoticias.mx\/index.php?rest_route=\/wp\/v2\/users\/6"}],"replies":[{"embeddable":true,"href":"https:\/\/plataformanoticias.mx\/index.php?rest_route=%2Fwp%2Fv2%2Fcomments&post=138583"}],"version-history":[{"count":1,"href":"https:\/\/plataformanoticias.mx\/index.php?rest_route=\/wp\/v2\/posts\/138583\/revisions"}],"predecessor-version":[{"id":138588,"href":"https:\/\/plataformanoticias.mx\/index.php?rest_route=\/wp\/v2\/posts\/138583\/revisions\/138588"}],"wp:featuredmedia":[{"embeddable":true,"href":"https:\/\/plataformanoticias.mx\/index.php?rest_route=\/wp\/v2\/media\/138587"}],"wp:attachment":[{"href":"https:\/\/plataformanoticias.mx\/index.php?rest_route=%2Fwp%2Fv2%2Fmedia&parent=138583"}],"wp:term":[{"taxonomy":"category","embeddable":true,"href":"https:\/\/plataformanoticias.mx\/index.php?rest_route=%2Fwp%2Fv2%2Fcategories&post=138583"},{"taxonomy":"post_tag","embeddable":true,"href":"https:\/\/plataformanoticias.mx\/index.php?rest_route=%2Fwp%2Fv2%2Ftags&post=138583"}],"curies":[{"name":"wp","href":"https:\/\/api.w.org\/{rel}","templated":true}]}}