{"id":138589,"date":"2026-05-01T13:11:38","date_gmt":"2026-05-01T20:11:38","guid":{"rendered":"https:\/\/plataformanoticias.mx\/?p=138589"},"modified":"2026-05-01T13:11:38","modified_gmt":"2026-05-01T20:11:38","slug":"fiesta-cine-y-sonrisas-pri-ahome-celebra-a-ninas-y-ninos-en-su-dia","status":"publish","type":"post","link":"https:\/\/plataformanoticias.mx\/?p=138589","title":{"rendered":"Fiesta, cine y sonrisas: PRI Ahome celebra a ni\u00f1as y ni\u00f1os en su d\u00eda"},"content":{"rendered":"<p class=\"s2\">\n<p class=\"s2\">El presidente del PRI Manrique Nielsen Castro destac\u00f3 la importancia de generar momentos positivos para la ni\u00f1ez.<\/p>\n<p class=\"s2\">\u00a0<img loading=\"lazy\" decoding=\"async\" class=\"alignnone size-medium wp-image-138593\" src=\"https:\/\/plataformanoticias.mx\/wp-content\/uploads\/2026\/05\/acac3d91-10c5-42ba-ad8f-2704f6904e15-300x225.jpeg\" alt=\"\" width=\"300\" height=\"225\" srcset=\"https:\/\/plataformanoticias.mx\/wp-content\/uploads\/2026\/05\/acac3d91-10c5-42ba-ad8f-2704f6904e15-300x225.jpeg 300w, https:\/\/plataformanoticias.mx\/wp-content\/uploads\/2026\/05\/acac3d91-10c5-42ba-ad8f-2704f6904e15-1024x768.jpeg 1024w, https:\/\/plataformanoticias.mx\/wp-content\/uploads\/2026\/05\/acac3d91-10c5-42ba-ad8f-2704f6904e15-768x576.jpeg 768w, https:\/\/plataformanoticias.mx\/wp-content\/uploads\/2026\/05\/acac3d91-10c5-42ba-ad8f-2704f6904e15.jpeg 1280w\" sizes=\"auto, (max-width: 300px) 100vw, 300px\" \/><\/p>\n<p class=\"s2\">\n<p class=\"s2\"><strong>Los Mochis, Sinaloa.<\/strong> \u2013 En un ambiente de alegr\u00eda, convivencia y momentos inolvidables, el Partido Revolucionario Institucional (PRI) en Ahome llev\u00f3 a cabo una serie de actividades para celebrar el D\u00eda del Ni\u00f1o, acercando espacios de recreaci\u00f3n y entretenimiento a la ni\u00f1ez del municipio.<\/p>\n<p class=\"s2\">Manrique Nielsen Castro, presidente del PRI, acompa\u00f1ado de la secretaria general M\u00f3nica R\u00e1bago y de integrantes del comit\u00e9 municipal, encabez\u00f3 los festejos en los que ni\u00f1as y ni\u00f1os disfrutaron de diversas actividades dise\u00f1adas especialmente para su diversi\u00f3n.<\/p>\n<p class=\"s2\">Durante las celebraciones, el partido organiz\u00f3 funciones de cine con la proyecci\u00f3n de pel\u00edculas infantiles, adem\u00e1s de actividades recreativas que incluyeron pi\u00f1atas, dulces, pastel y rifas de regalos, generando un espacio de sana convivencia familiar.<\/p>\n<p><img loading=\"lazy\" decoding=\"async\" class=\"alignnone size-medium wp-image-138592 aligncenter\" src=\"https:\/\/plataformanoticias.mx\/wp-content\/uploads\/2026\/05\/78160793-7006-40e5-9e6c-5ad063e26918-300x225.jpeg\" alt=\"\" width=\"300\" height=\"225\" srcset=\"https:\/\/plataformanoticias.mx\/wp-content\/uploads\/2026\/05\/78160793-7006-40e5-9e6c-5ad063e26918-300x225.jpeg 300w, https:\/\/plataformanoticias.mx\/wp-content\/uploads\/2026\/05\/78160793-7006-40e5-9e6c-5ad063e26918-1024x768.jpeg 1024w, https:\/\/plataformanoticias.mx\/wp-content\/uploads\/2026\/05\/78160793-7006-40e5-9e6c-5ad063e26918-768x576.jpeg 768w, https:\/\/plataformanoticias.mx\/wp-content\/uploads\/2026\/05\/78160793-7006-40e5-9e6c-5ad063e26918.jpeg 1280w\" sizes=\"auto, (max-width: 300px) 100vw, 300px\" \/><\/p>\n<p class=\"s4\"><span class=\"s3\"><span class=\"bumpedFont15\">Las actividades se realizaron a lo largo de la semana en diversas comunidades y colonias del municipio, entre ellas los ejidos <\/span><\/span><span class=\"s3\"><span class=\"bumpedFont15\">Ohuira<\/span><\/span><span class=\"s3\"><span class=\"bumpedFont15\"> y San Isidro; <\/span><\/span><span class=\"s3\"><span class=\"bumpedFont15\">Bagojo<\/span><\/span><span class=\"s3\"><span class=\"bumpedFont15\"> Colectivo; <\/span><\/span><span class=\"s3\"><span class=\"bumpedFont15\">Bachomobampo<\/span><\/span><span class=\"s3\"><span class=\"bumpedFont15\"> I y II; el campo pesquero El <\/span><\/span><span class=\"s3\"><span class=\"bumpedFont15\">Jitz\u00e1muri<\/span><\/span><span class=\"s3\"><span class=\"bumpedFont15\">; as\u00ed como las colonias <\/span><\/span><span class=\"s3\"><span class=\"bumpedFont15\">Ferrusquilla<\/span><\/span><span class=\"s3\"><span class=\"bumpedFont15\">, An\u00e1huac, \u00c1lamos II, Bienestar y L\u00f3pez Mateos, en la ciudad de Los Mochis.<\/span><\/span><\/p>\n<p class=\"s2\">En ese marco, el dirigente priista destac\u00f3 la importancia de generar momentos positivos para la ni\u00f1ez.<\/p>\n<p class=\"s2\">\u201cEstamos comprometidos con la ni\u00f1ez, y uno de esos compromisos es su felicidad; por eso llevamos alegr\u00eda y diversi\u00f3n, para que tengan un bonito recuerdo de este D\u00eda del Ni\u00f1o\u201d, expres\u00f3.<\/p>\n<p class=\"s2\">El l\u00edder pol\u00edtico en Ahome reiter\u00f3 su compromiso de promover espacios que fortalezcan la convivencia social y el bienestar de las ni\u00f1as y los ni\u00f1os en el municipio, priorizando su felicidad y el sano desarrollo de las futuras generaciones<\/p>\n","protected":false},"excerpt":{"rendered":"<p>El presidente del PRI Manrique Nielsen Castro destac\u00f3 la importancia de generar momentos positivos para la ni\u00f1ez. \u00a0 Los Mochis, Sinaloa. \u2013 En un ambiente de alegr\u00eda, convivencia y momentos inolvidables, el Partido Revolucionario Institucional (PRI) en Ahome llev\u00f3 a cabo una serie de actividades para celebrar el D\u00eda del Ni\u00f1o, acercando espacios de recreaci\u00f3n<\/p>\n","protected":false},"author":6,"featured_media":138591,"comment_status":"closed","ping_status":"closed","sticky":false,"template":"","format":"standard","meta":{"footnotes":""},"categories":[31],"tags":[],"class_list":["post-138589","post","type-post","status-publish","format-standard","has-post-thumbnail","hentry","category-politica"],"_links":{"self":[{"href":"https:\/\/plataformanoticias.mx\/index.php?rest_route=\/wp\/v2\/posts\/138589","targetHints":{"allow":["GET"]}}],"collection":[{"href":"https:\/\/plataformanoticias.mx\/index.php?rest_route=\/wp\/v2\/posts"}],"about":[{"href":"https:\/\/plataformanoticias.mx\/index.php?rest_route=\/wp\/v2\/types\/post"}],"author":[{"embeddable":true,"href":"https:\/\/plataformanoticias.mx\/index.php?rest_route=\/wp\/v2\/users\/6"}],"replies":[{"embeddable":true,"href":"https:\/\/plataformanoticias.mx\/index.php?rest_route=%2Fwp%2Fv2%2Fcomments&post=138589"}],"version-history":[{"count":1,"href":"https:\/\/plataformanoticias.mx\/index.php?rest_route=\/wp\/v2\/posts\/138589\/revisions"}],"predecessor-version":[{"id":138594,"href":"https:\/\/plataformanoticias.mx\/index.php?rest_route=\/wp\/v2\/posts\/138589\/revisions\/138594"}],"wp:featuredmedia":[{"embeddable":true,"href":"https:\/\/plataformanoticias.mx\/index.php?rest_route=\/wp\/v2\/media\/138591"}],"wp:attachment":[{"href":"https:\/\/plataformanoticias.mx\/index.php?rest_route=%2Fwp%2Fv2%2Fmedia&parent=138589"}],"wp:term":[{"taxonomy":"category","embeddable":true,"href":"https:\/\/plataformanoticias.mx\/index.php?rest_route=%2Fwp%2Fv2%2Fcategories&post=138589"},{"taxonomy":"post_tag","embeddable":true,"href":"https:\/\/plataformanoticias.mx\/index.php?rest_route=%2Fwp%2Fv2%2Ftags&post=138589"}],"curies":[{"name":"wp","href":"https:\/\/api.w.org\/{rel}","templated":true}]}}