{"id":138602,"date":"2026-05-01T15:35:36","date_gmt":"2026-05-01T22:35:36","guid":{"rendered":"https:\/\/plataformanoticias.mx\/?p=138602"},"modified":"2026-05-01T15:35:36","modified_gmt":"2026-05-01T22:35:36","slug":"con-traslado-de-poderes-municipales-y-sesion-solemne-de-cabildo-se-conmemora-el-89-aniversario-de-el-guayabo","status":"publish","type":"post","link":"https:\/\/plataformanoticias.mx\/?p=138602","title":{"rendered":"Con Traslado de Poderes Municipales y Sesi\u00f3n Solemne de Cabildo se conmemora el 89 aniversario de El Guayabo."},"content":{"rendered":"<p class=\"s8\"><span class=\"s7\">Durante la ceremonia, presidida por el Alcalde Antonio Men\u00e9ndez De Llano Berm\u00fadez, se entregaron reconocimientos a ciudadanos distinguidos por su labor en pro de la comunidad en \u00e1mbitos deportivos, culturales, educativos, salud y servicio social, entre otros\u2026<\/span><\/p>\n<p class=\"s8\"><img loading=\"lazy\" decoding=\"async\" class=\"alignnone size-medium wp-image-138604 aligncenter\" src=\"https:\/\/plataformanoticias.mx\/wp-content\/uploads\/2026\/05\/14dc0381-63aa-4de5-9462-dd6d72debfee-300x200.jpeg\" alt=\"\" width=\"300\" height=\"200\" srcset=\"https:\/\/plataformanoticias.mx\/wp-content\/uploads\/2026\/05\/14dc0381-63aa-4de5-9462-dd6d72debfee-300x200.jpeg 300w, https:\/\/plataformanoticias.mx\/wp-content\/uploads\/2026\/05\/14dc0381-63aa-4de5-9462-dd6d72debfee-1024x683.jpeg 1024w, https:\/\/plataformanoticias.mx\/wp-content\/uploads\/2026\/05\/14dc0381-63aa-4de5-9462-dd6d72debfee-768x512.jpeg 768w, https:\/\/plataformanoticias.mx\/wp-content\/uploads\/2026\/05\/14dc0381-63aa-4de5-9462-dd6d72debfee-1536x1024.jpeg 1536w, https:\/\/plataformanoticias.mx\/wp-content\/uploads\/2026\/05\/14dc0381-63aa-4de5-9462-dd6d72debfee-2048x1365.jpeg 2048w\" sizes=\"auto, (max-width: 300px) 100vw, 300px\" \/><\/p>\n<p class=\"s11\"><strong><span class=\"s9\"><span class=\"bumpedFont15\">Heriberto Valdez Romero, <\/span><\/span><span class=\"s9\"><span class=\"bumpedFont15\">Ahome, <\/span><\/span><span class=\"s9\"><span class=\"bumpedFont15\">Sinaloa<\/span><\/span><\/strong><span class=\"s9\"><span class=\"bumpedFont15\"><strong>.-<\/strong> <\/span><\/span><span class=\"s10\"><span class=\"bumpedFont15\">Para conmemorar el 89 aniversario de la fundaci\u00f3n de la Sindicatura Heriberto Valdez Romero, conocida como El Guayabo, autoridades municipales y ciudadanos encabezados por el Alcalde Antonio Men\u00e9ndez De Llano Berm\u00fadez, realizaron <\/span><\/span><span class=\"s10\"><span class=\"bumpedFont15\">T<\/span><\/span><span class=\"s10\"><span class=\"bumpedFont15\">raslado de <\/span><\/span><span class=\"s10\"><span class=\"bumpedFont15\">P<\/span><\/span><span class=\"s10\"><span class=\"bumpedFont15\">oderes <\/span><\/span><span class=\"s10\"><span class=\"bumpedFont15\">Municipales <\/span><\/span><span class=\"s10\"><span class=\"bumpedFont15\">a dicho asentamiento, y celebraron Sesi\u00f3n Solemne de Cabildo.<\/span><\/span><\/p>\n<p class=\"s11\">\n<p class=\"s11\"><span class=\"s10\"><span class=\"bumpedFont15\">Como parte de la ceremonia, el Presidente Municipal entreg\u00f3 reconocimientos a ciudadanos de esa sindicatura que se distinguen por su trabajo en favor de la comunidad en temas diversos como la educaci\u00f3n, el deporte, el servicio social, la pol\u00edtica, la salud y otros \u00e1mbitos de la vida comunitaria.<\/span><\/span><\/p>\n<p class=\"s11\">\n<p class=\"s11\"><span class=\"s10\"><span class=\"bumpedFont15\">Quienes recibieron los galardones son<\/span><\/span> <span class=\"s10\"><span class=\"bumpedFont15\">Abelardo Alcaraz en el tema de cultura<\/span><\/span><span class=\"s10\"><span class=\"bumpedFont15\">,<\/span><\/span><span class=\"s10\"><span class=\"bumpedFont15\"> doctor Jes\u00fas Manuel \u00c1lvarez en el tema de <\/span><\/span><span class=\"s10\"><span class=\"bumpedFont15\">la <\/span><\/span><span class=\"s10\"><span class=\"bumpedFont15\">salud y <\/span><\/span><span class=\"s10\"><span class=\"bumpedFont15\">el <\/span><\/span><span class=\"s10\"><span class=\"bumpedFont15\">servicio a la comunidad<\/span><\/span><span class=\"s10\"><span class=\"bumpedFont15\">,<\/span><\/span><span class=\"s10\"><span class=\"bumpedFont15\"> Miguel \u00c1ngel Le\u00f3n<\/span><\/span><span class=\"s10\"><span class=\"bumpedFont15\">y<\/span><\/span> <span class=\"s10\"><span class=\"bumpedFont15\">Alfredo Ram\u00edrez Castro en el deporte<\/span><\/span><span class=\"s10\"><span class=\"bumpedFont15\">,<\/span><\/span> <span class=\"s10\"><span class=\"bumpedFont15\">Jorge Valenzuela <\/span><\/span><span class=\"s10\"><span class=\"bumpedFont15\">Gaxiola <\/span><\/span><span class=\"s10\"><span class=\"bumpedFont15\">y <\/span><\/span><span class=\"s10\"><span class=\"bumpedFont15\">Mar\u00eda <\/span><\/span><span class=\"s10\"><span class=\"bumpedFont15\">F<\/span><\/span><span class=\"s10\"><span class=\"bumpedFont15\">lora Mel\u00e9nd<\/span><\/span><span class=\"s10\"><span class=\"bumpedFont15\">r<\/span><\/span><span class=\"s10\"><span class=\"bumpedFont15\">ez Heredia en educaci\u00f3n<\/span><\/span><span class=\"s10\"><span class=\"bumpedFont15\">,<\/span><\/span><span class=\"s10\"><span class=\"bumpedFont15\"> y <\/span><\/span><span class=\"s10\"><span class=\"bumpedFont15\">se entreg\u00f3 <\/span><\/span><span class=\"s10\"><span class=\"bumpedFont15\">un reconocimiento especial p\u00f3stumo <\/span><\/span><span class=\"s10\"><span class=\"bumpedFont15\">a la familia del se\u00f1or R<\/span><\/span><span class=\"s10\"><span class=\"bumpedFont15\">anulfo Castro<\/span><\/span><span class=\"s10\"><span class=\"bumpedFont15\">, ex s\u00edndico municipal de esa comunidad.<\/span><\/span><\/p>\n<p class=\"s11\">\n<p class=\"s11\"><span class=\"s10\"><span class=\"bumpedFont15\">Correspondi\u00f3 a la se\u00f1ora S<\/span><\/span><span class=\"s10\"><span class=\"bumpedFont15\">u<\/span><\/span><span class=\"s10\"><span class=\"bumpedFont15\">g<\/span><\/span><span class=\"s10\"><span class=\"bumpedFont15\">ey Guadalupe <\/span><\/span><span class=\"s10\"><span class=\"bumpedFont15\">Q<\/span><\/span><span class=\"s10\"><span class=\"bumpedFont15\">uiroz<\/span><\/span> <span class=\"s10\"><span class=\"bumpedFont15\">Apodaca<\/span><\/span><span class=\"s10\"><span class=\"bumpedFont15\">,<\/span><\/span><span class=\"s10\"><span class=\"bumpedFont15\">ciudadana de esa <\/span><\/span><span class=\"s10\"><span class=\"bumpedFont15\">sindicatura, <\/span><\/span><span class=\"s10\"><span class=\"bumpedFont15\">emitir un mensaje <\/span><\/span><span class=\"s10\"><span class=\"bumpedFont15\">en el que hizo una <\/span><\/span><span class=\"s10\"><span class=\"bumpedFont15\">rese\u00f1a hist\u00f3rica de la fundaci\u00f3n <\/span><\/span><span class=\"s10\"><span class=\"bumpedFont15\">y desarrollo de ese n\u00facleo ejidal y sindicatura.<\/span><\/span><\/p>\n<p class=\"s11\">\n<p class=\"s11\"><span class=\"s10\"><span class=\"bumpedFont15\">Entre los invitados adem\u00e1s del H. Cuerpo de Regidores y el Alcalde Antonio Men\u00e9ndez, se cont\u00f3 con la presencia de la S\u00edndica Procuradora Mar\u00eda Luisa G\u00f3mez Liz\u00e1rraga, el Secretario <\/span><\/span><span class=\"s10\"><span class=\"bumpedFont15\">del Ayuntamiento Cutberto R\u00edos Beltr\u00e1n y la S\u00edndica Municipal, Mar\u00eda del Carmen Hern\u00e1ndez, entre otros.<\/span><\/span><\/p>\n<p class=\"s11\">\n<p class=\"s11\"><span class=\"s10\"><span class=\"bumpedFont15\">Le ceremonia fue engalanada con la participaci\u00f3n de la Banda de Guerra y Escolta de la Secretar\u00eda de Seguridad y Protecci\u00f3n Ciudadana del Municipio de Ahome.<\/span><\/span><\/p>\n<p class=\"s11\">\n","protected":false},"excerpt":{"rendered":"<p>Durante la ceremonia, presidida por el Alcalde Antonio Men\u00e9ndez De Llano Berm\u00fadez, se entregaron reconocimientos a ciudadanos distinguidos por su labor en pro de la comunidad en \u00e1mbitos deportivos, culturales, educativos, salud y servicio social, entre otros\u2026 Heriberto Valdez Romero, Ahome, Sinaloa.- Para conmemorar el 89 aniversario de la fundaci\u00f3n de la Sindicatura Heriberto Valdez<\/p>\n","protected":false},"author":6,"featured_media":138605,"comment_status":"closed","ping_status":"closed","sticky":false,"template":"","format":"standard","meta":{"footnotes":""},"categories":[38],"tags":[],"class_list":["post-138602","post","type-post","status-publish","format-standard","has-post-thumbnail","hentry","category-locales"],"_links":{"self":[{"href":"https:\/\/plataformanoticias.mx\/index.php?rest_route=\/wp\/v2\/posts\/138602","targetHints":{"allow":["GET"]}}],"collection":[{"href":"https:\/\/plataformanoticias.mx\/index.php?rest_route=\/wp\/v2\/posts"}],"about":[{"href":"https:\/\/plataformanoticias.mx\/index.php?rest_route=\/wp\/v2\/types\/post"}],"author":[{"embeddable":true,"href":"https:\/\/plataformanoticias.mx\/index.php?rest_route=\/wp\/v2\/users\/6"}],"replies":[{"embeddable":true,"href":"https:\/\/plataformanoticias.mx\/index.php?rest_route=%2Fwp%2Fv2%2Fcomments&post=138602"}],"version-history":[{"count":1,"href":"https:\/\/plataformanoticias.mx\/index.php?rest_route=\/wp\/v2\/posts\/138602\/revisions"}],"predecessor-version":[{"id":138606,"href":"https:\/\/plataformanoticias.mx\/index.php?rest_route=\/wp\/v2\/posts\/138602\/revisions\/138606"}],"wp:featuredmedia":[{"embeddable":true,"href":"https:\/\/plataformanoticias.mx\/index.php?rest_route=\/wp\/v2\/media\/138605"}],"wp:attachment":[{"href":"https:\/\/plataformanoticias.mx\/index.php?rest_route=%2Fwp%2Fv2%2Fmedia&parent=138602"}],"wp:term":[{"taxonomy":"category","embeddable":true,"href":"https:\/\/plataformanoticias.mx\/index.php?rest_route=%2Fwp%2Fv2%2Fcategories&post=138602"},{"taxonomy":"post_tag","embeddable":true,"href":"https:\/\/plataformanoticias.mx\/index.php?rest_route=%2Fwp%2Fv2%2Ftags&post=138602"}],"curies":[{"name":"wp","href":"https:\/\/api.w.org\/{rel}","templated":true}]}}