{"id":138611,"date":"2026-05-02T10:46:44","date_gmt":"2026-05-02T17:46:44","guid":{"rendered":"https:\/\/plataformanoticias.mx\/?p=138611"},"modified":"2026-05-02T10:46:44","modified_gmt":"2026-05-02T17:46:44","slug":"imelda-castro-respalda-licencia-de-rocha-moya-y-llama-a-una-investigacion-con-transparencia","status":"publish","type":"post","link":"https:\/\/plataformanoticias.mx\/?p=138611","title":{"rendered":"Imelda Castro respalda licencia de Rocha Moya y llama a una investigaci\u00f3n con transparencia"},"content":{"rendered":"<p>&nbsp;<\/p>\n<p><strong>Culiac\u00e1n, Sinaloa.-<\/strong> La senadora Imelda Castro se pronunci\u00f3 sobre la decisi\u00f3n del gobernador Rub\u00e9n Rocha Moya de solicitar licencia a su cargo, asegurando que esta medida contribuye a generar condiciones para el esclarecimiento de las imputaciones en su contra y permite que las instituciones act\u00faen con plena libertad y transparencia.<\/p>\n<p>A trav\u00e9s de un comunicado dirigido a la ciudadan\u00eda sinaloense, la legisladora subray\u00f3 que M\u00e9xico es un pa\u00eds soberano y que cualquier se\u00f1alamiento internacional debe ser atendido e investigado por las autoridades nacionales conforme al Estado de derecho.<\/p>\n<p>En ese sentido, Castro reiter\u00f3 su confianza en la Fiscal\u00eda General de la Rep\u00fablica para llevar a cabo una investigaci\u00f3n \u201cprofunda, objetiva y a la altura de lo que el pa\u00eds necesita: verdad y justicia\u201d.<\/p>\n<p>La senadora tambi\u00e9n hizo un llamado a la responsabilidad, serenidad y claridad ante el contexto actual, al tiempo que refrend\u00f3 su respaldo al proyecto de transformaci\u00f3n nacional encabezado por la presidenta Claudia Sheinbaum Pardo.<\/p>\n<p>Asimismo, reconoci\u00f3 el nombramiento de Yeraldine Bonilla Valverde como gobernadora interina de Sinaloa, destacando la importancia de la continuidad institucional en la entidad.<\/p>\n<p>Finalmente, Castro enfatiz\u00f3 que la unidad es fundamental para enfrentar los desaf\u00edos actuales y continuar con el proceso de transformaci\u00f3n en Sinaloa y el pa\u00eds, concluyendo con el mensaje: \u201cPorque con el pueblo todo, sin el pueblo nada\u201d.<\/p>\n<p><img loading=\"lazy\" decoding=\"async\" class=\"alignnone size-medium wp-image-138614 aligncenter\" src=\"https:\/\/plataformanoticias.mx\/wp-content\/uploads\/2026\/05\/032ade7d-75c5-475a-9d92-32df32b51cc8-232x300.jpeg\" alt=\"\" width=\"232\" height=\"300\" srcset=\"https:\/\/plataformanoticias.mx\/wp-content\/uploads\/2026\/05\/032ade7d-75c5-475a-9d92-32df32b51cc8-232x300.jpeg 232w, https:\/\/plataformanoticias.mx\/wp-content\/uploads\/2026\/05\/032ade7d-75c5-475a-9d92-32df32b51cc8-791x1024.jpeg 791w, https:\/\/plataformanoticias.mx\/wp-content\/uploads\/2026\/05\/032ade7d-75c5-475a-9d92-32df32b51cc8-768x994.jpeg 768w, https:\/\/plataformanoticias.mx\/wp-content\/uploads\/2026\/05\/032ade7d-75c5-475a-9d92-32df32b51cc8-1187x1536.jpeg 1187w, https:\/\/plataformanoticias.mx\/wp-content\/uploads\/2026\/05\/032ade7d-75c5-475a-9d92-32df32b51cc8.jpeg 1236w\" sizes=\"auto, (max-width: 232px) 100vw, 232px\" \/><\/p>\n","protected":false},"excerpt":{"rendered":"<p>&nbsp; Culiac\u00e1n, Sinaloa.- La senadora Imelda Castro se pronunci\u00f3 sobre la decisi\u00f3n del gobernador Rub\u00e9n Rocha Moya de solicitar licencia a su cargo, asegurando que esta medida contribuye a generar condiciones para el esclarecimiento de las imputaciones en su contra y permite que las instituciones act\u00faen con plena libertad y transparencia. A trav\u00e9s de un<\/p>\n","protected":false},"author":6,"featured_media":138613,"comment_status":"closed","ping_status":"closed","sticky":false,"template":"","format":"standard","meta":{"footnotes":""},"categories":[31],"tags":[],"class_list":["post-138611","post","type-post","status-publish","format-standard","has-post-thumbnail","hentry","category-politica"],"_links":{"self":[{"href":"https:\/\/plataformanoticias.mx\/index.php?rest_route=\/wp\/v2\/posts\/138611","targetHints":{"allow":["GET"]}}],"collection":[{"href":"https:\/\/plataformanoticias.mx\/index.php?rest_route=\/wp\/v2\/posts"}],"about":[{"href":"https:\/\/plataformanoticias.mx\/index.php?rest_route=\/wp\/v2\/types\/post"}],"author":[{"embeddable":true,"href":"https:\/\/plataformanoticias.mx\/index.php?rest_route=\/wp\/v2\/users\/6"}],"replies":[{"embeddable":true,"href":"https:\/\/plataformanoticias.mx\/index.php?rest_route=%2Fwp%2Fv2%2Fcomments&post=138611"}],"version-history":[{"count":1,"href":"https:\/\/plataformanoticias.mx\/index.php?rest_route=\/wp\/v2\/posts\/138611\/revisions"}],"predecessor-version":[{"id":138615,"href":"https:\/\/plataformanoticias.mx\/index.php?rest_route=\/wp\/v2\/posts\/138611\/revisions\/138615"}],"wp:featuredmedia":[{"embeddable":true,"href":"https:\/\/plataformanoticias.mx\/index.php?rest_route=\/wp\/v2\/media\/138613"}],"wp:attachment":[{"href":"https:\/\/plataformanoticias.mx\/index.php?rest_route=%2Fwp%2Fv2%2Fmedia&parent=138611"}],"wp:term":[{"taxonomy":"category","embeddable":true,"href":"https:\/\/plataformanoticias.mx\/index.php?rest_route=%2Fwp%2Fv2%2Fcategories&post=138611"},{"taxonomy":"post_tag","embeddable":true,"href":"https:\/\/plataformanoticias.mx\/index.php?rest_route=%2Fwp%2Fv2%2Ftags&post=138611"}],"curies":[{"name":"wp","href":"https:\/\/api.w.org\/{rel}","templated":true}]}}