{"id":138621,"date":"2026-05-02T17:04:41","date_gmt":"2026-05-03T00:04:41","guid":{"rendered":"https:\/\/plataformanoticias.mx\/?p=138621"},"modified":"2026-05-02T17:04:41","modified_gmt":"2026-05-03T00:04:41","slug":"capacita-ssypc-a-personal-operativo-y-preventivo-sobre-reformas-al-bando-de-gobierno-en-tema-de-uso-de-armas-punzocortantes","status":"publish","type":"post","link":"https:\/\/plataformanoticias.mx\/?p=138621","title":{"rendered":"Capacita SSyPC a personal operativo y preventivo sobre reformas al Bando de Gobierno en tema de uso de armas punzocortantes."},"content":{"rendered":"<p class=\"s6\"><span class=\"s7\">La autoridad informa que, u<\/span><span class=\"s7\">na vez publicado el Decreto en el Peri\u00f3dico Oficial del Estado de Sinaloa, el pasado 24 de abril, <\/span><span class=\"s7\">entra<\/span><span class=\"s7\">n <\/span><span class=\"s7\">en vigor<\/span> <span class=\"s7\">la<\/span><span class=\"s7\">s<\/span> <span class=\"s7\">amonestaciones administrativas y multas por el uso indebido de <\/span><span class=\"s7\">machetes, <\/span><span class=\"s7\">de ah\u00ed que llama a la ciudadan\u00eda a estar informada al respecto y hacer el mejor manejo de dichas herramientas\u2026<\/span><\/p>\n<p class=\"s6\"><span class=\"s7\"><img loading=\"lazy\" decoding=\"async\" class=\"alignnone size-medium wp-image-138624\" src=\"https:\/\/plataformanoticias.mx\/wp-content\/uploads\/2026\/05\/049cb7fc-d4c0-4538-8b09-0a75b78d53be-300x226.jpeg\" alt=\"\" width=\"300\" height=\"226\" srcset=\"https:\/\/plataformanoticias.mx\/wp-content\/uploads\/2026\/05\/049cb7fc-d4c0-4538-8b09-0a75b78d53be-300x226.jpeg 300w, https:\/\/plataformanoticias.mx\/wp-content\/uploads\/2026\/05\/049cb7fc-d4c0-4538-8b09-0a75b78d53be-1024x771.jpeg 1024w, https:\/\/plataformanoticias.mx\/wp-content\/uploads\/2026\/05\/049cb7fc-d4c0-4538-8b09-0a75b78d53be-768x578.jpeg 768w, https:\/\/plataformanoticias.mx\/wp-content\/uploads\/2026\/05\/049cb7fc-d4c0-4538-8b09-0a75b78d53be-1536x1156.jpeg 1536w, https:\/\/plataformanoticias.mx\/wp-content\/uploads\/2026\/05\/049cb7fc-d4c0-4538-8b09-0a75b78d53be.jpeg 1600w\" sizes=\"auto, (max-width: 300px) 100vw, 300px\" \/><\/span><\/p>\n<p class=\"s10\"><strong><span class=\"s8\"><span class=\"bumpedFont15\">Los Mochis, <\/span><\/span><span class=\"s8\"><span class=\"bumpedFont15\">Ahome, <\/span><\/span><span class=\"s8\"><span class=\"bumpedFont15\">Sinaloa<\/span><\/span><\/strong><span class=\"s8\"><span class=\"bumpedFont15\"><strong>.-<\/strong> <\/span><\/span><span class=\"s9\"><span class=\"bumpedFont15\">Con el objetivo de fortalecer la seguridad ciudadana y prevenir actos de violencia<\/span><\/span><span class=\"s9\"><span class=\"bumpedFont15\"> por <\/span><\/span><span class=\"s9\"><span class=\"bumpedFont15\">la portaci\u00f3n injustificada de objetos punzocortantes<\/span><\/span><span class=\"s9\"><span class=\"bumpedFont15\">, que <\/span><\/span><span class=\"s9\"><span class=\"bumpedFont15\">es ya una falta oficial al Bando de Polic\u00eda, Gobierno y Justicia C\u00edvica e Itinerante de Ahome<\/span><\/span><span class=\"s9\"><span class=\"bumpedFont15\">, una vez publicado el Decreto <\/span><\/span><span class=\"s9\"><span class=\"bumpedFont15\">Municipal n\u00famero 25 en el Peri\u00f3dico Oficial del Estado de Sinaloa el pasado 24 de abril<\/span><\/span><span class=\"s9\"><span class=\"bumpedFont15\">, la <\/span><\/span><span class=\"s9\"><span class=\"bumpedFont15\">medida preventiva cobr<\/span><\/span><span class=\"s9\"><span class=\"bumpedFont15\">a<\/span><\/span><span class=\"s9\"><span class=\"bumpedFont15\"> vigencia <\/span><\/span><span class=\"s9\"><span class=\"bumpedFont15\">por lo que personal operativo de la Secretar\u00eda de Seguridad y Protecci\u00f3n Ciudadana est\u00e1 siendo capacitad<\/span><\/span><span class=\"s9\"><span class=\"bumpedFont15\">o<\/span><\/span><span class=\"s9\"><span class=\"bumpedFont15\"> al respecto.<\/span><\/span><\/p>\n<p class=\"s10\"><span class=\"s9\">\u00a0<\/span><\/p>\n<p class=\"s10\"><span class=\"s9\"><span class=\"bumpedFont15\">Areli Eunice Hern\u00e1ndez Liera, jefa del <\/span><\/span><span class=\"s9\"><span class=\"bumpedFont15\">D<\/span><\/span><span class=\"s9\"><span class=\"bumpedFont15\">epartamento <\/span><\/span><span class=\"s9\"><span class=\"bumpedFont15\">J<\/span><\/span><span class=\"s9\"><span class=\"bumpedFont15\">ur\u00eddico de la <\/span><\/span><span class=\"s9\"><span class=\"bumpedFont15\">citada <\/span><\/span><span class=\"s9\"><span class=\"bumpedFont15\">S<\/span><\/span><span class=\"s9\"><span class=\"bumpedFont15\">ecretar\u00eda de Seguridad y Protecci\u00f3n Ciudadana de <\/span><\/span><span class=\"s9\"><span class=\"bumpedFont15\">Ahome<\/span><\/span><span class=\"s9\"><span class=\"bumpedFont15\"> (SSyPC), inform\u00f3 que se est\u00e1 capacitando a los <\/span><\/span><span class=\"s9\"><span class=\"bumpedFont15\">ele<\/span><\/span><span class=\"s9\"><span class=\"bumpedFont15\">mentos <\/span><\/span><span class=\"s9\"><span class=\"bumpedFont15\">act<\/span><\/span><span class=\"s9\"><span class=\"bumpedFont15\">ivos, <\/span><\/span><span class=\"s9\"><span class=\"bumpedFont15\">o<\/span><\/span><span class=\"s9\"><span class=\"bumpedFont15\">p<\/span><\/span><span class=\"s9\"><span class=\"bumpedFont15\">erat<\/span><\/span><span class=\"s9\"><span class=\"bumpedFont15\">ivos y <\/span><\/span><span class=\"s9\"><span class=\"bumpedFont15\">preventi<\/span><\/span><span class=\"s9\"><span class=\"bumpedFont15\">vos <\/span><\/span><span class=\"s9\"><span class=\"bumpedFont15\">con el <\/span><\/span><span class=\"s9\"><span class=\"bumpedFont15\">\u00e1<\/span><\/span><span class=\"s9\"><span class=\"bumpedFont15\">ni<\/span><\/span><span class=\"s9\"><span class=\"bumpedFont15\">m<\/span><\/span><span class=\"s9\"><span class=\"bumpedFont15\">o de h<\/span><\/span><span class=\"s9\"><span class=\"bumpedFont15\">a<\/span><\/span><span class=\"s9\"><span class=\"bumpedFont15\">cerles<\/span><\/span> <span class=\"s9\"><span class=\"bumpedFont15\">llegar la informaci\u00f3n que versa en la reform<\/span><\/span><span class=\"s9\"><span class=\"bumpedFont15\">a<\/span><\/span><span class=\"s9\"><span class=\"bumpedFont15\"> del <\/span><\/span><span class=\"s9\"><span class=\"bumpedFont15\">citado <\/span><\/span><span class=\"s9\"><span class=\"bumpedFont15\">Bando<\/span><\/span><span class=\"s9\"><span class=\"bumpedFont15\">,<\/span><\/span> <span class=\"s9\"><span class=\"bumpedFont15\">en el tema que los propios medios de comunicaci\u00f3n y ciudadan\u00eda ha <\/span><\/span><span class=\"s9\"><span class=\"bumpedFont15\">llam<\/span><\/span><span class=\"s9\"><span class=\"bumpedFont15\">a<\/span><\/span><span class=\"s9\"><span class=\"bumpedFont15\">do <\/span><\/span><span class=\"s9\"><span class=\"bumpedFont15\">\u201c<\/span><\/span><span class=\"s9\"><span class=\"bumpedFont15\">Ley Mach<\/span><\/span><span class=\"s9\"><span class=\"bumpedFont15\">e<\/span><\/span><span class=\"s9\"><span class=\"bumpedFont15\">te<\/span><\/span><span class=\"s9\"><span class=\"bumpedFont15\">\u201d. <\/span><\/span><\/p>\n<p class=\"s10\"><span class=\"s9\">\u00a0<\/span><\/p>\n<p class=\"s10\"><span class=\"s9\"><span class=\"bumpedFont15\">Detall\u00f3 que se busca ofrecerles las herramientas suficientes p<\/span><\/span><span class=\"s9\"><span class=\"bumpedFont15\">ara que <\/span><\/span><span class=\"s9\"><span class=\"bumpedFont15\">apliquen dichas reformas, y que lo <\/span><\/span><span class=\"s9\"><span class=\"bumpedFont15\">hagan de<\/span><\/span> <span class=\"s9\"><span class=\"bumpedFont15\">manera d<\/span><\/span><span class=\"s9\"><span class=\"bumpedFont15\">i<\/span><\/span><span class=\"s9\"><span class=\"bumpedFont15\">gna y correcta<\/span><\/span><span class=\"s9\"><span class=\"bumpedFont15\">.<\/span><\/span><\/p>\n<p class=\"s10\"><span class=\"s9\"> <img loading=\"lazy\" decoding=\"async\" class=\"alignnone size-medium wp-image-138624\" src=\"https:\/\/plataformanoticias.mx\/wp-content\/uploads\/2026\/05\/049cb7fc-d4c0-4538-8b09-0a75b78d53be-300x226.jpeg\" alt=\"\" width=\"300\" height=\"226\" srcset=\"https:\/\/plataformanoticias.mx\/wp-content\/uploads\/2026\/05\/049cb7fc-d4c0-4538-8b09-0a75b78d53be-300x226.jpeg 300w, https:\/\/plataformanoticias.mx\/wp-content\/uploads\/2026\/05\/049cb7fc-d4c0-4538-8b09-0a75b78d53be-1024x771.jpeg 1024w, https:\/\/plataformanoticias.mx\/wp-content\/uploads\/2026\/05\/049cb7fc-d4c0-4538-8b09-0a75b78d53be-768x578.jpeg 768w, https:\/\/plataformanoticias.mx\/wp-content\/uploads\/2026\/05\/049cb7fc-d4c0-4538-8b09-0a75b78d53be-1536x1156.jpeg 1536w, https:\/\/plataformanoticias.mx\/wp-content\/uploads\/2026\/05\/049cb7fc-d4c0-4538-8b09-0a75b78d53be.jpeg 1600w\" sizes=\"auto, (max-width: 300px) 100vw, 300px\" \/><\/span><\/p>\n<p class=\"s10\"><span class=\"s9\"><span class=\"bumpedFont15\">La informaci\u00f3n indica que l<\/span><\/span><span class=\"s9\"><span class=\"bumpedFont15\">a reforma al art\u00edculo 93, fracci\u00f3n XXI, establece como infracci\u00f3n administrativa la portaci\u00f3n, transporte o exhibici\u00f3n en la v\u00eda p\u00fablica de machetes, hachas, cuchillos, navajas y otros instrumentos similares<\/span><\/span><span class=\"s9\"><span class=\"bumpedFont15\">,<\/span><\/span><span class=\"s9\"><span class=\"bumpedFont15\">cuya hoja supere los 10 cent\u00edmetros de longitud. Esta restricci\u00f3n aplica cuando dichos objetos est\u00e9n al alcance inmediato de la persona en espacios p\u00fablicos y carezcan de una causa justificada para su traslado, especialmente si su presencia puede intimidar o causar lesiones graves a terceros.<\/span><\/span><\/p>\n<p class=\"s10\"><span class=\"s9\">\u00a0<\/span><\/p>\n<p class=\"s10\"><span class=\"s9\"><span class=\"bumpedFont15\">Ante esta nueva disposici\u00f3n, las autoridades de <\/span><\/span><span class=\"s9\"><span class=\"bumpedFont15\">la Secretar\u00eda de S<\/span><\/span><span class=\"s9\"><span class=\"bumpedFont15\">eguridad <\/span><\/span><span class=\"s9\"><span class=\"bumpedFont15\">y Protecci\u00f3n Ciudadana (SS<\/span><\/span><span class=\"s9\"><span class=\"bumpedFont15\">y<\/span><\/span><span class=\"s9\"><span class=\"bumpedFont15\">PC) <\/span><\/span><span class=\"s9\"><span class=\"bumpedFont15\">del <\/span><\/span><span class=\"s9\"><span class=\"bumpedFont15\">M<\/span><\/span><span class=\"s9\"><span class=\"bumpedFont15\">unicipio de Ahome<\/span><\/span><span class=\"s9\"><span class=\"bumpedFont15\">,<\/span><\/span><span class=\"s9\"><span class=\"bumpedFont15\"> han iniciado un proceso intensivo de capacitaci\u00f3n dirigido a mandos policiales y agentes operativos. El prop\u00f3sito es asegurar que todos los elementos conozcan a detalle las modificaciones normativas y las apliquen con criterio preventivo durante sus labores de vigilancia, garantizando el orden sin afectar las actividades laborales leg\u00edtimas que requieran el uso de estas herramientas.<\/span><\/span><\/p>\n<p class=\"s10\"><span class=\"s9\">\u00a0<\/span><\/p>\n<p class=\"s10\"><span class=\"s9\"><span class=\"bumpedFont15\">De igual manera, la Coordinaci\u00f3n de Jueces de Barandilla actualiza <\/span><\/span><span class=\"s9\"><span class=\"bumpedFont15\">y capacita <\/span><\/span><span class=\"s9\"><span class=\"bumpedFont15\">a su personal en la materia<\/span><\/span><span class=\"s9\"><span class=\"bumpedFont15\">,<\/span><\/span><span class=\"s9\"><span class=\"bumpedFont15\"> para aplicar las reglas de justicia c\u00edvica de manera correcta. El proceso sancionatorio se regir\u00e1 estrictamente por el respeto a los derechos humanos y se dividir\u00e1 en tres niveles de gravedad: la Clase A para objetos guardados que ameriten amonestaci\u00f3n verbal; la Clase B para portaci\u00f3n visible en plazas y parques; y la Clase C para situaciones de alto riesgo, como el uso intimidatorio o bajo influjo de sustancias.<\/span><\/span><\/p>\n<p class=\"s10\"><span class=\"s9\">\u00a0<\/span><\/p>\n<p class=\"s10\"><span class=\"s9\"><span class=\"bumpedFont15\">Hern\u00e1ndez Liera, dijo que, c<\/span><\/span><span class=\"s9\"><span class=\"bumpedFont15\">on la implementaci\u00f3n de estas reformas, el Gobierno Municipal de Ahome <\/span><\/span><span class=\"s9\"><span class=\"bumpedFont15\">que preside el Alcalde Antonio Men\u00e9ndez De Llano Berm\u00fadez, <\/span><\/span><span class=\"s9\"><span class=\"bumpedFont15\">refrenda su compromiso con la ciudadan\u00eda de mantener entornos seguros y tranquilos. Estas acciones buscan reducir factores de riesgo en la v\u00eda p\u00fablica, asegurando que la ley se aplique con justicia y transparencia para el bienestar de todas las familias del municipio<\/span><\/span><span class=\"s9\"><span class=\"bumpedFont15\"> y los visitantes.<\/span><\/span><\/p>\n","protected":false},"excerpt":{"rendered":"<p>La autoridad informa que, una vez publicado el Decreto en el Peri\u00f3dico Oficial del Estado de Sinaloa, el pasado 24 de abril, entran en vigor las amonestaciones administrativas y multas por el uso indebido de machetes, de ah\u00ed que llama a la ciudadan\u00eda a estar informada al respecto y hacer el mejor manejo de dichas<\/p>\n","protected":false},"author":6,"featured_media":138623,"comment_status":"closed","ping_status":"closed","sticky":false,"template":"","format":"standard","meta":{"footnotes":""},"categories":[38],"tags":[],"class_list":["post-138621","post","type-post","status-publish","format-standard","has-post-thumbnail","hentry","category-locales"],"_links":{"self":[{"href":"https:\/\/plataformanoticias.mx\/index.php?rest_route=\/wp\/v2\/posts\/138621","targetHints":{"allow":["GET"]}}],"collection":[{"href":"https:\/\/plataformanoticias.mx\/index.php?rest_route=\/wp\/v2\/posts"}],"about":[{"href":"https:\/\/plataformanoticias.mx\/index.php?rest_route=\/wp\/v2\/types\/post"}],"author":[{"embeddable":true,"href":"https:\/\/plataformanoticias.mx\/index.php?rest_route=\/wp\/v2\/users\/6"}],"replies":[{"embeddable":true,"href":"https:\/\/plataformanoticias.mx\/index.php?rest_route=%2Fwp%2Fv2%2Fcomments&post=138621"}],"version-history":[{"count":1,"href":"https:\/\/plataformanoticias.mx\/index.php?rest_route=\/wp\/v2\/posts\/138621\/revisions"}],"predecessor-version":[{"id":138626,"href":"https:\/\/plataformanoticias.mx\/index.php?rest_route=\/wp\/v2\/posts\/138621\/revisions\/138626"}],"wp:featuredmedia":[{"embeddable":true,"href":"https:\/\/plataformanoticias.mx\/index.php?rest_route=\/wp\/v2\/media\/138623"}],"wp:attachment":[{"href":"https:\/\/plataformanoticias.mx\/index.php?rest_route=%2Fwp%2Fv2%2Fmedia&parent=138621"}],"wp:term":[{"taxonomy":"category","embeddable":true,"href":"https:\/\/plataformanoticias.mx\/index.php?rest_route=%2Fwp%2Fv2%2Fcategories&post=138621"},{"taxonomy":"post_tag","embeddable":true,"href":"https:\/\/plataformanoticias.mx\/index.php?rest_route=%2Fwp%2Fv2%2Ftags&post=138621"}],"curies":[{"name":"wp","href":"https:\/\/api.w.org\/{rel}","templated":true}]}}