{"id":138633,"date":"2026-05-04T11:57:23","date_gmt":"2026-05-04T18:57:23","guid":{"rendered":"https:\/\/plataformanoticias.mx\/?p=138633"},"modified":"2026-05-04T11:57:23","modified_gmt":"2026-05-04T18:57:23","slug":"se-amplia-la-semana-nacional-de-vacunacion-durante-todo-el-mes-de-mayo","status":"publish","type":"post","link":"https:\/\/plataformanoticias.mx\/?p=138633","title":{"rendered":"Se ampl\u00eda la Semana Nacional de Vacunaci\u00f3n durante todo el mes de mayo"},"content":{"rendered":"<p>&nbsp;<\/p>\n<p>Sinaloa se posicion\u00f3 en el primer lugar en la Semana Nacional de Vacunaci\u00f3n<\/p>\n<p>&nbsp;<\/p>\n<p><strong>Culiac\u00e1n, Sinaloa.-<\/strong>La Semana Nacional de Vacunaci\u00f3n 2026, que se llev\u00f3 a cabo del 25 de abril al 2 de mayo, extender\u00e1 su periodo de ejecuci\u00f3n durante todo el mes de mayo del presente a\u00f1o, inform\u00f3 el secretario de Salud, Dr. Cuitl\u00e1huac Gonz\u00e1lez Galindo.<\/p>\n<p>Esta ampliaci\u00f3n tiene como objetivo fortalecer las coberturas de vacunaci\u00f3n en todo el territorio nacional, garantizando el acceso universal a los biol\u00f3gicos del esquema b\u00e1sico, con especial \u00e9nfasis en la reciente integraci\u00f3n de la vacuna contra el Virus Sincicial Respiratorio (VSR).<\/p>\n<p>\u201cHemos terminado la semana nacional de vacunaci\u00f3n con cifras muy importantes de cobertura. Afortunadamente y con el gran esfuerzo de todas las instituciones se logr\u00f3 la meta en el tiempo esperado y fuimos evaluados por la Federaci\u00f3n como el Estado que mejor cumpli\u00f3 con los porcentajes asignados. Es algo positivo, pero no nos detenemos, vamos a seguir vacunando, vamos a ampliar la campa\u00f1a intensiva de vacunaci\u00f3n por un mes y eso nos va a permitir seguir fortaleciendo el sistema de salud y buscar tener ni\u00f1os m\u00e1s saludables y protegidos para hacer frente a las enfermedades\u201d, dijo.<\/p>\n<p>El tambi\u00e9n director de los Servicios de Salud de Sinaloa se\u00f1al\u00f3 que, durante la primera semana de la jornada, el estado alcanz\u00f3 al 100% la meta de vacunar a 40,000 personas, posicion\u00e1ndose en primer lugar, lo que refleja una respuesta positiva por parte de la poblaci\u00f3n.<\/p>\n<p>Las autoridades de salud reiteran el llamado a la ciudadan\u00eda para acudir a las unidades m\u00e9dicas y cetros de salud, a fin de completar sus esquemas y aprovechar la ampliaci\u00f3n de esta importante jornada preventiva.<\/p>\n","protected":false},"excerpt":{"rendered":"<p>&nbsp; Sinaloa se posicion\u00f3 en el primer lugar en la Semana Nacional de Vacunaci\u00f3n &nbsp; Culiac\u00e1n, Sinaloa.-La Semana Nacional de Vacunaci\u00f3n 2026, que se llev\u00f3 a cabo del 25 de abril al 2 de mayo, extender\u00e1 su periodo de ejecuci\u00f3n durante todo el mes de mayo del presente a\u00f1o, inform\u00f3 el secretario de Salud, Dr.<\/p>\n","protected":false},"author":6,"featured_media":138635,"comment_status":"closed","ping_status":"closed","sticky":false,"template":"","format":"standard","meta":{"footnotes":""},"categories":[28],"tags":[],"class_list":["post-138633","post","type-post","status-publish","format-standard","has-post-thumbnail","hentry","category-centro"],"_links":{"self":[{"href":"https:\/\/plataformanoticias.mx\/index.php?rest_route=\/wp\/v2\/posts\/138633","targetHints":{"allow":["GET"]}}],"collection":[{"href":"https:\/\/plataformanoticias.mx\/index.php?rest_route=\/wp\/v2\/posts"}],"about":[{"href":"https:\/\/plataformanoticias.mx\/index.php?rest_route=\/wp\/v2\/types\/post"}],"author":[{"embeddable":true,"href":"https:\/\/plataformanoticias.mx\/index.php?rest_route=\/wp\/v2\/users\/6"}],"replies":[{"embeddable":true,"href":"https:\/\/plataformanoticias.mx\/index.php?rest_route=%2Fwp%2Fv2%2Fcomments&post=138633"}],"version-history":[{"count":1,"href":"https:\/\/plataformanoticias.mx\/index.php?rest_route=\/wp\/v2\/posts\/138633\/revisions"}],"predecessor-version":[{"id":138636,"href":"https:\/\/plataformanoticias.mx\/index.php?rest_route=\/wp\/v2\/posts\/138633\/revisions\/138636"}],"wp:featuredmedia":[{"embeddable":true,"href":"https:\/\/plataformanoticias.mx\/index.php?rest_route=\/wp\/v2\/media\/138635"}],"wp:attachment":[{"href":"https:\/\/plataformanoticias.mx\/index.php?rest_route=%2Fwp%2Fv2%2Fmedia&parent=138633"}],"wp:term":[{"taxonomy":"category","embeddable":true,"href":"https:\/\/plataformanoticias.mx\/index.php?rest_route=%2Fwp%2Fv2%2Fcategories&post=138633"},{"taxonomy":"post_tag","embeddable":true,"href":"https:\/\/plataformanoticias.mx\/index.php?rest_route=%2Fwp%2Fv2%2Ftags&post=138633"}],"curies":[{"name":"wp","href":"https:\/\/api.w.org\/{rel}","templated":true}]}}