{"id":138637,"date":"2026-05-04T12:00:00","date_gmt":"2026-05-04T19:00:00","guid":{"rendered":"https:\/\/plataformanoticias.mx\/?p=138637"},"modified":"2026-05-04T12:00:00","modified_gmt":"2026-05-04T19:00:00","slug":"fge-fija-postura-el-vicefiscal-sigue-en-el-cargo-y-sujeto-al-marco-legal","status":"publish","type":"post","link":"https:\/\/plataformanoticias.mx\/?p=138637","title":{"rendered":"FGE fija postura: El Vicefiscal sigue en el cargo y sujeto al marco legal."},"content":{"rendered":"<p>FGE fija postura sobre Vicefiscal en Sinaloa<\/p>\n<p>La Fiscal\u00eda General del Estado de Sinaloa inform\u00f3 que el Vicefiscal General, D\u00e1maso Castro Zaavedra, contin\u00faa en funciones y en pleno ejercicio de sus atribuciones.<\/p>\n<p>Asegur\u00f3 que atender\u00e1 cualquier citaci\u00f3n o requerimiento de la autoridad, incluida la Fiscal\u00eda General de la Rep\u00fablica, conforme a la ley.<\/p>\n<p>La dependencia aclar\u00f3 que, seg\u00fan la Constituci\u00f3n Pol\u00edtica del Estado de Sinaloa, el cargo de Vicefiscal no requiere declaratoria de procedencia para enfrentar acciones legales.<\/p>\n<p>Adem\u00e1s, la Ley Org\u00e1nica de la Fiscal\u00eda General del Estado de Sinaloa establece que las vicefiscal\u00edas forman parte de la estructura interna, sin fuero ni inmunidad especial.<\/p>\n","protected":false},"excerpt":{"rendered":"<p>FGE fija postura sobre Vicefiscal en Sinaloa La Fiscal\u00eda General del Estado de Sinaloa inform\u00f3 que el Vicefiscal General, D\u00e1maso Castro Zaavedra, contin\u00faa en funciones y en pleno ejercicio de sus atribuciones. Asegur\u00f3 que atender\u00e1 cualquier citaci\u00f3n o requerimiento de la autoridad, incluida la Fiscal\u00eda General de la Rep\u00fablica, conforme a la ley. La dependencia<\/p>\n","protected":false},"author":6,"featured_media":138639,"comment_status":"closed","ping_status":"closed","sticky":false,"template":"","format":"standard","meta":{"footnotes":""},"categories":[28],"tags":[],"class_list":["post-138637","post","type-post","status-publish","format-standard","has-post-thumbnail","hentry","category-centro"],"_links":{"self":[{"href":"https:\/\/plataformanoticias.mx\/index.php?rest_route=\/wp\/v2\/posts\/138637","targetHints":{"allow":["GET"]}}],"collection":[{"href":"https:\/\/plataformanoticias.mx\/index.php?rest_route=\/wp\/v2\/posts"}],"about":[{"href":"https:\/\/plataformanoticias.mx\/index.php?rest_route=\/wp\/v2\/types\/post"}],"author":[{"embeddable":true,"href":"https:\/\/plataformanoticias.mx\/index.php?rest_route=\/wp\/v2\/users\/6"}],"replies":[{"embeddable":true,"href":"https:\/\/plataformanoticias.mx\/index.php?rest_route=%2Fwp%2Fv2%2Fcomments&post=138637"}],"version-history":[{"count":1,"href":"https:\/\/plataformanoticias.mx\/index.php?rest_route=\/wp\/v2\/posts\/138637\/revisions"}],"predecessor-version":[{"id":138640,"href":"https:\/\/plataformanoticias.mx\/index.php?rest_route=\/wp\/v2\/posts\/138637\/revisions\/138640"}],"wp:featuredmedia":[{"embeddable":true,"href":"https:\/\/plataformanoticias.mx\/index.php?rest_route=\/wp\/v2\/media\/138639"}],"wp:attachment":[{"href":"https:\/\/plataformanoticias.mx\/index.php?rest_route=%2Fwp%2Fv2%2Fmedia&parent=138637"}],"wp:term":[{"taxonomy":"category","embeddable":true,"href":"https:\/\/plataformanoticias.mx\/index.php?rest_route=%2Fwp%2Fv2%2Fcategories&post=138637"},{"taxonomy":"post_tag","embeddable":true,"href":"https:\/\/plataformanoticias.mx\/index.php?rest_route=%2Fwp%2Fv2%2Ftags&post=138637"}],"curies":[{"name":"wp","href":"https:\/\/api.w.org\/{rel}","templated":true}]}}