{"id":138707,"date":"2026-05-05T14:10:31","date_gmt":"2026-05-05T21:10:31","guid":{"rendered":"https:\/\/plataformanoticias.mx\/?p=138707"},"modified":"2026-05-05T14:10:31","modified_gmt":"2026-05-05T21:10:31","slug":"ahome-participa-en-ceremonia-nacional-simultanea-de-toma-de-protesta-de-bandera-del-servicio-militar-nacional","status":"publish","type":"post","link":"https:\/\/plataformanoticias.mx\/?p=138707","title":{"rendered":"Ahome participa en ceremonia nacional simult\u00e1nea de Toma de Protesta de Bandera del Servicio Militar Nacional."},"content":{"rendered":"<p class=\"s9\"><span class=\"s8\">El acto c\u00edvico militar se realiz\u00f3 en el marco del 5 de <\/span><span class=\"s8\">Mayo<\/span><span class=\"s8\">, fecha hist\u00f3rica para M\u00e9xico, con transmisi\u00f3n nacional encabezada por la <\/span><span class=\"s8\">Presidenta<\/span><span class=\"s8\"> Claudia Sheinbaum Pardo, la participaci\u00f3n <\/span><span class=\"s8\">del <\/span><span class=\"s8\">Alcalde<\/span><span class=\"s8\"> Antonio Men\u00e9ndez de Llano Berm\u00fadez y <\/span><span class=\"s8\">de j\u00f3venes de la clase 2007, remisos y mujeres voluntarias.<\/span><span class=\"s8\">\u2026<\/span><\/p>\n<p class=\"s10\"><img loading=\"lazy\" decoding=\"async\" class=\"alignnone size-medium wp-image-138711\" src=\"https:\/\/plataformanoticias.mx\/wp-content\/uploads\/2026\/05\/16ccb27c-229d-4cdc-85a5-37af16646e0a-300x200.jpeg\" alt=\"\" width=\"300\" height=\"200\" srcset=\"https:\/\/plataformanoticias.mx\/wp-content\/uploads\/2026\/05\/16ccb27c-229d-4cdc-85a5-37af16646e0a-300x200.jpeg 300w, https:\/\/plataformanoticias.mx\/wp-content\/uploads\/2026\/05\/16ccb27c-229d-4cdc-85a5-37af16646e0a-1024x683.jpeg 1024w, https:\/\/plataformanoticias.mx\/wp-content\/uploads\/2026\/05\/16ccb27c-229d-4cdc-85a5-37af16646e0a-768x512.jpeg 768w, https:\/\/plataformanoticias.mx\/wp-content\/uploads\/2026\/05\/16ccb27c-229d-4cdc-85a5-37af16646e0a.jpeg 1280w\" sizes=\"auto, (max-width: 300px) 100vw, 300px\" \/><\/p>\n<p class=\"s13\"><strong><span class=\"s11\"><span class=\"bumpedFont15\">Los Mochis<\/span><\/span><span class=\"s11\"><span class=\"bumpedFont15\">, Ahome, Sinaloa<\/span><\/span><span class=\"s11\"><span class=\"bumpedFont15\">.- <\/span><\/span><\/strong><span class=\"s12\"><span class=\"bumpedFont15\"><strong>E<\/strong>n el marco de la conmemoraci\u00f3n de la Batalla de Puebla, el municipio de Ahome particip\u00f3 en la ceremonia nacional simult\u00e1nea de Toma de Protesta de Bandera del personal del Servicio Militar Nacional, clase 2007, remisos y mujeres voluntarias, acto encabezado por la Presidenta de M\u00e9xico, Claudia Sheinbaum Pardo, desde Puebla.<\/span><\/span><\/p>\n<p class=\"s13\">\n<p class=\"s13\"><span class=\"s12\"><span class=\"bumpedFont15\">Ahome fue el \u00fanico municipio de Sinaloa que form\u00f3 parte de este evento nacional, el cual reuni\u00f3 de manera simult\u00e1nea a j\u00f3venes soldados del Servicio Militar Nacional en distintos puntos del pa\u00eds, como muestra de compromiso, disciplina y amor por M\u00e9xico.<\/span><\/span><\/p>\n<p class=\"s13\">\n<p class=\"s13\"><span class=\"s12\"><span class=\"bumpedFont15\">E<\/span><\/span><span class=\"s12\"><span class=\"bumpedFont15\">l <\/span><\/span><span class=\"s12\"><span class=\"bumpedFont15\">Presidente<\/span><\/span><span class=\"s12\"><span class=\"bumpedFont15\"> Municipal Antonio Men\u00e9ndez de Llano Berm\u00fadez acompa\u00f1\u00f3 la ceremonia, junto a representantes de Guasave, El Fuerte, Sinaloa de Leyva, Choix y Juan Jos\u00e9 R\u00edos, as\u00ed como autoridades militares del 89 Batall\u00f3n de Infanter\u00eda.<\/span><\/span><\/p>\n<p class=\"s13\"><img loading=\"lazy\" decoding=\"async\" class=\"alignnone size-medium wp-image-138709\" src=\"https:\/\/plataformanoticias.mx\/wp-content\/uploads\/2026\/05\/35d05d05-6510-40c3-bb7c-46974ec2fa82-300x200.jpeg\" alt=\"\" width=\"300\" height=\"200\" srcset=\"https:\/\/plataformanoticias.mx\/wp-content\/uploads\/2026\/05\/35d05d05-6510-40c3-bb7c-46974ec2fa82-300x200.jpeg 300w, https:\/\/plataformanoticias.mx\/wp-content\/uploads\/2026\/05\/35d05d05-6510-40c3-bb7c-46974ec2fa82-1024x683.jpeg 1024w, https:\/\/plataformanoticias.mx\/wp-content\/uploads\/2026\/05\/35d05d05-6510-40c3-bb7c-46974ec2fa82-768x512.jpeg 768w, https:\/\/plataformanoticias.mx\/wp-content\/uploads\/2026\/05\/35d05d05-6510-40c3-bb7c-46974ec2fa82.jpeg 1280w\" sizes=\"auto, (max-width: 300px) 100vw, 300px\" \/><\/p>\n<p class=\"s13\"><span class=\"s12\"><span class=\"bumpedFont15\">Durante su mensaje, el <\/span><\/span><span class=\"s12\"><span class=\"bumpedFont15\">Teniente Coronel<\/span><\/span><span class=\"s12\"><span class=\"bumpedFont15\"> de Infanter\u00eda Dilver Osm\u00edn Rodr\u00edguez Vel\u00e1zquez, Segundo <\/span><\/span><span class=\"s12\"><span class=\"bumpedFont15\">Comandante<\/span><\/span><span class=\"s12\"><span class=\"bumpedFont15\"> y <\/span><\/span><span class=\"s12\"><span class=\"bumpedFont15\">Jefe<\/span><\/span><span class=\"s12\"><span class=\"bumpedFont15\">del Grupo de Comando del 89 Batall\u00f3n de Infanter\u00eda, record\u00f3 la relevancia hist\u00f3rica del 5 de <\/span><\/span><span class=\"s12\"><span class=\"bumpedFont15\">Mayo<\/span><\/span><span class=\"s12\"><span class=\"bumpedFont15\">, fecha en la que M\u00e9xico demostr\u00f3 valor, unidad y defensa de la soberan\u00eda nacional.<\/span><\/span><\/p>\n<p class=\"s13\">\n<p class=\"s13\"><span class=\"s12\"><span class=\"bumpedFont15\">\u201cHoy la patria exige que tengamos presente aquella gloriosa ma\u00f1ana del 5 de mayo, cuando nuestros ancestros conquistaron la victoria sobre un enemigo que aparentaba ser imbatible\u201d, expres\u00f3.<\/span><\/span><\/p>\n<p class=\"s13\">\n<p class=\"s13\"><span class=\"s12\"><span class=\"bumpedFont15\">El mando militar subray\u00f3 que esta fecha fue propicia para que los j\u00f3venes mexicanos que cumplen con su obligaci\u00f3n <\/span><\/span><span class=\"s12\"><span class=\"bumpedFont15\">ciudadana<\/span><\/span><span class=\"s12\"><span class=\"bumpedFont15\">,<\/span><\/span> <span class=\"s12\"><span class=\"bumpedFont15\">refrendaran su compromiso con la patria a trav\u00e9s de la protesta de bandera.<\/span><\/span><\/p>\n<p class=\"s13\">\n<p class=\"s13\"><span class=\"s12\"><span class=\"bumpedFont15\">Se\u00f1al\u00f3 que, para un soldado, dicho acto representa uno de los momentos m\u00e1s importantes de la vida militar, ya que simboliza el pacto y compromiso que hace con la patria, as\u00ed como la responsabilidad de defender las instituciones legalmente establecidas, la soberan\u00eda nacional, el honor de M\u00e9xico y todo lo que representa el territorio nacional.<\/span><\/span><\/p>\n<p class=\"s13\">\n<p class=\"s13\"><span class=\"s12\"><span class=\"bumpedFont15\">\u201cEl acto de protesta de <\/span><\/span><span class=\"s12\"><span class=\"bumpedFont15\">B<\/span><\/span><span class=\"s12\"><span class=\"bumpedFont15\">andera nos da identidad <\/span><\/span><span class=\"s12\"><span class=\"bumpedFont15\">como militares y como mexicanos<\/span><\/span><span class=\"s12\"><span class=\"bumpedFont15\">, una virtud que nos une como pueblo y nos solidariza en los momentos m\u00e1s dif\u00edciles\u201d, manifest\u00f3 Rodr\u00edguez Vel\u00e1zquez.<\/span><\/span><\/p>\n<p class=\"s13\">\n<p class=\"s13\"><span class=\"s12\"><span class=\"bumpedFont15\">Como parte del programa, se rindieron honores a la bandera, se llev\u00f3 a cabo la protesta correspondiente al personal del Servicio Militar Nacional, se enton\u00f3 el Himno Nacional Mexicano y se realiz\u00f3 la despedida del l\u00e1baro patrio, en un ambiente de respeto y solemnidad.<\/span><\/span><\/p>\n","protected":false},"excerpt":{"rendered":"<p>El acto c\u00edvico militar se realiz\u00f3 en el marco del 5 de Mayo, fecha hist\u00f3rica para M\u00e9xico, con transmisi\u00f3n nacional encabezada por la Presidenta Claudia Sheinbaum Pardo, la participaci\u00f3n del Alcalde Antonio Men\u00e9ndez de Llano Berm\u00fadez y de j\u00f3venes de la clase 2007, remisos y mujeres voluntarias.\u2026 Los Mochis, Ahome, Sinaloa.- En el marco de<\/p>\n","protected":false},"author":6,"featured_media":138710,"comment_status":"closed","ping_status":"closed","sticky":false,"template":"","format":"standard","meta":{"footnotes":""},"categories":[38],"tags":[],"class_list":["post-138707","post","type-post","status-publish","format-standard","has-post-thumbnail","hentry","category-locales"],"_links":{"self":[{"href":"https:\/\/plataformanoticias.mx\/index.php?rest_route=\/wp\/v2\/posts\/138707","targetHints":{"allow":["GET"]}}],"collection":[{"href":"https:\/\/plataformanoticias.mx\/index.php?rest_route=\/wp\/v2\/posts"}],"about":[{"href":"https:\/\/plataformanoticias.mx\/index.php?rest_route=\/wp\/v2\/types\/post"}],"author":[{"embeddable":true,"href":"https:\/\/plataformanoticias.mx\/index.php?rest_route=\/wp\/v2\/users\/6"}],"replies":[{"embeddable":true,"href":"https:\/\/plataformanoticias.mx\/index.php?rest_route=%2Fwp%2Fv2%2Fcomments&post=138707"}],"version-history":[{"count":1,"href":"https:\/\/plataformanoticias.mx\/index.php?rest_route=\/wp\/v2\/posts\/138707\/revisions"}],"predecessor-version":[{"id":138712,"href":"https:\/\/plataformanoticias.mx\/index.php?rest_route=\/wp\/v2\/posts\/138707\/revisions\/138712"}],"wp:featuredmedia":[{"embeddable":true,"href":"https:\/\/plataformanoticias.mx\/index.php?rest_route=\/wp\/v2\/media\/138710"}],"wp:attachment":[{"href":"https:\/\/plataformanoticias.mx\/index.php?rest_route=%2Fwp%2Fv2%2Fmedia&parent=138707"}],"wp:term":[{"taxonomy":"category","embeddable":true,"href":"https:\/\/plataformanoticias.mx\/index.php?rest_route=%2Fwp%2Fv2%2Fcategories&post=138707"},{"taxonomy":"post_tag","embeddable":true,"href":"https:\/\/plataformanoticias.mx\/index.php?rest_route=%2Fwp%2Fv2%2Ftags&post=138707"}],"curies":[{"name":"wp","href":"https:\/\/api.w.org\/{rel}","templated":true}]}}