{"id":138713,"date":"2026-05-05T14:25:04","date_gmt":"2026-05-05T21:25:04","guid":{"rendered":"https:\/\/plataformanoticias.mx\/?p=138713"},"modified":"2026-05-05T14:25:04","modified_gmt":"2026-05-05T21:25:04","slug":"con-honores-a-la-bandera-gobierno-municipal-conmemora-aniversario-de-la-batalla-de-puebla","status":"publish","type":"post","link":"https:\/\/plataformanoticias.mx\/?p=138713","title":{"rendered":"Con Honores a la Bandera Gobierno Municipal Conmemora Aniversario de la Batalla de Puebla"},"content":{"rendered":"<p><img loading=\"lazy\" decoding=\"async\" class=\"alignnone size-medium wp-image-138716\" src=\"https:\/\/plataformanoticias.mx\/wp-content\/uploads\/2026\/05\/c3455b36-5fa2-4ab8-ad47-172dcc73625e-300x200.jpeg\" alt=\"\" width=\"300\" height=\"200\" srcset=\"https:\/\/plataformanoticias.mx\/wp-content\/uploads\/2026\/05\/c3455b36-5fa2-4ab8-ad47-172dcc73625e-300x200.jpeg 300w, https:\/\/plataformanoticias.mx\/wp-content\/uploads\/2026\/05\/c3455b36-5fa2-4ab8-ad47-172dcc73625e-1024x684.jpeg 1024w, https:\/\/plataformanoticias.mx\/wp-content\/uploads\/2026\/05\/c3455b36-5fa2-4ab8-ad47-172dcc73625e-768x513.jpeg 768w, https:\/\/plataformanoticias.mx\/wp-content\/uploads\/2026\/05\/c3455b36-5fa2-4ab8-ad47-172dcc73625e-1536x1025.jpeg 1536w, https:\/\/plataformanoticias.mx\/wp-content\/uploads\/2026\/05\/c3455b36-5fa2-4ab8-ad47-172dcc73625e.jpeg 1600w\" sizes=\"auto, (max-width: 300px) 100vw, 300px\" \/><\/p>\n<p><strong>Juan Jos\u00e9 R\u00edos, Sinaloa.<\/strong>&#8211; En conmemoraci\u00f3n del Aniversario de la Batalla de Puebla, el Gobierno Municipal realiz\u00f3 un acto c\u00edvico, con el objetivo de reforzar los valores patrios y recordar la fortaleza del Ejercito Mexicano.<\/p>\n<p>El evento fue encabezado por la alcaldesa Evangelina Llanes Carre\u00f3n, acompa\u00f1ada del H. Cabildo, funcionarios municipales, autoridades educativas, alumnado y la Escolta Oficial de la Escuela Secundaria Emiliano Zapata.<\/p>\n<p>Durante el acto protocolario se rindieron honores a la Bandera Nacional, recordando con orgullo y respeto una de las p\u00e1ginas m\u00e1s significativas de la historia de M\u00e9xico. En ese sentido, el discurso oficial fue dirigido por la alcaldesa destacando la defensa de la soberan\u00eda nacional en la Batalla de Puebla, donde aquel d\u00eda, el pueblo Mexicano demostr\u00f3 valor y amor por la patria.<\/p>\n<p>En su mensaje, Llanes Carre\u00f3n subray\u00f3 la importancia de mantener viva la unidad y orgullo nacional que heredaron los h\u00e9roes de Puebla, y resalt\u00f3 a seguir construyendo, desde sus comunidades, un M\u00e9xico y un Juan Jos\u00e9 R\u00edos m\u00e1s fuerte y solidario.<\/p>\n<p>En el presidum se cont\u00f3 con la distinguida presencia del Teniente Jorge L\u00f3pez Duran en representaci\u00f3n de la Guardia Nacional Guasave, S\u00edndico Procurador Jose Adam Ayala Gastelum, las y los regidores Yadira Salazar Martinez, Mar\u00eda Teresa Mondaca Cota, Doroteo L\u00f3pez, Mar\u00eda Elizabeth Alonso Apodaca y Manuel Antonio Gallardo S\u00e1nchez y en representaci\u00f3n de la Direcci\u00f3n de Seguridad Ciudadana, Director Operativo Alexis Anduaga.<\/p>\n","protected":false},"excerpt":{"rendered":"<p>Juan Jos\u00e9 R\u00edos, Sinaloa.&#8211; En conmemoraci\u00f3n del Aniversario de la Batalla de Puebla, el Gobierno Municipal realiz\u00f3 un acto c\u00edvico, con el objetivo de reforzar los valores patrios y recordar la fortaleza del Ejercito Mexicano. El evento fue encabezado por la alcaldesa Evangelina Llanes Carre\u00f3n, acompa\u00f1ada del H. Cabildo, funcionarios municipales, autoridades educativas, alumnado y<\/p>\n","protected":false},"author":6,"featured_media":138715,"comment_status":"closed","ping_status":"closed","sticky":false,"template":"","format":"standard","meta":{"footnotes":""},"categories":[27],"tags":[],"class_list":["post-138713","post","type-post","status-publish","format-standard","has-post-thumbnail","hentry","category-norte"],"_links":{"self":[{"href":"https:\/\/plataformanoticias.mx\/index.php?rest_route=\/wp\/v2\/posts\/138713","targetHints":{"allow":["GET"]}}],"collection":[{"href":"https:\/\/plataformanoticias.mx\/index.php?rest_route=\/wp\/v2\/posts"}],"about":[{"href":"https:\/\/plataformanoticias.mx\/index.php?rest_route=\/wp\/v2\/types\/post"}],"author":[{"embeddable":true,"href":"https:\/\/plataformanoticias.mx\/index.php?rest_route=\/wp\/v2\/users\/6"}],"replies":[{"embeddable":true,"href":"https:\/\/plataformanoticias.mx\/index.php?rest_route=%2Fwp%2Fv2%2Fcomments&post=138713"}],"version-history":[{"count":1,"href":"https:\/\/plataformanoticias.mx\/index.php?rest_route=\/wp\/v2\/posts\/138713\/revisions"}],"predecessor-version":[{"id":138717,"href":"https:\/\/plataformanoticias.mx\/index.php?rest_route=\/wp\/v2\/posts\/138713\/revisions\/138717"}],"wp:featuredmedia":[{"embeddable":true,"href":"https:\/\/plataformanoticias.mx\/index.php?rest_route=\/wp\/v2\/media\/138715"}],"wp:attachment":[{"href":"https:\/\/plataformanoticias.mx\/index.php?rest_route=%2Fwp%2Fv2%2Fmedia&parent=138713"}],"wp:term":[{"taxonomy":"category","embeddable":true,"href":"https:\/\/plataformanoticias.mx\/index.php?rest_route=%2Fwp%2Fv2%2Fcategories&post=138713"},{"taxonomy":"post_tag","embeddable":true,"href":"https:\/\/plataformanoticias.mx\/index.php?rest_route=%2Fwp%2Fv2%2Ftags&post=138713"}],"curies":[{"name":"wp","href":"https:\/\/api.w.org\/{rel}","templated":true}]}}