{"id":138718,"date":"2026-05-05T14:33:59","date_gmt":"2026-05-05T21:33:59","guid":{"rendered":"https:\/\/plataformanoticias.mx\/?p=138718"},"modified":"2026-05-05T14:33:59","modified_gmt":"2026-05-05T21:33:59","slug":"realizan-reunion-operativa-para-el-primer-simulacro-nacional-2026-en-juan-jose-rios","status":"publish","type":"post","link":"https:\/\/plataformanoticias.mx\/?p=138718","title":{"rendered":"Realizan reuni\u00f3n operativa para el Primer Simulacro Nacional 2026 en Juan Jos\u00e9 R\u00edos."},"content":{"rendered":"<p>&nbsp;<\/p>\n<p><strong>Juan Jos\u00e9 R\u00edos, Sinaloa.- C<\/strong>on el prop\u00f3sito de coordinar las acciones del Primer Simulacro Nacional con hip\u00f3tesis de Sismo, la Direcci\u00f3n de Protecci\u00f3n Civil, Lic. Deisy Patricia Escalante realiz\u00f3 una reuni\u00f3n operativa en la que participaron corporaciones de emergencia y Secretar\u00eda con el fin de informar las indicaciones necesarias.<\/p>\n<p>En ese sentido, se afinaron los protocolos para garantizar que el simulacro del d\u00eda mi\u00e9rcoles 06 de mayo se desarrolle de manera ordenada y segura.<\/p>\n<p>La reuni\u00f3n permiti\u00f3 establecer puntos de encuentro seguros y responsabilidades de cada dependencia para fortalecer la cultura de la prevenci\u00f3n y la capacidad de respuesta ante una emergencia real.<\/p>\n<p>Asimismo, las corporaciones que participar\u00e1n son Bomberos, Seguridad Ciudadana y Movilidad Sustentable, Cruz Roja y Protecci\u00f3n Civil.<\/p>\n<p>El Gobierno Municipal que encabeza la alcaldesa Lcda. Evangelina Llanes Carre\u00f3n refrenda su compromiso de trabajar coordinadamente con todos y todas para salvaguardar la integridad de la ciudadan\u00eda.<\/p>\n","protected":false},"excerpt":{"rendered":"<p>&nbsp; Juan Jos\u00e9 R\u00edos, Sinaloa.- Con el prop\u00f3sito de coordinar las acciones del Primer Simulacro Nacional con hip\u00f3tesis de Sismo, la Direcci\u00f3n de Protecci\u00f3n Civil, Lic. Deisy Patricia Escalante realiz\u00f3 una reuni\u00f3n operativa en la que participaron corporaciones de emergencia y Secretar\u00eda con el fin de informar las indicaciones necesarias. En ese sentido, se afinaron<\/p>\n","protected":false},"author":6,"featured_media":138720,"comment_status":"closed","ping_status":"closed","sticky":false,"template":"","format":"standard","meta":{"footnotes":""},"categories":[27],"tags":[],"class_list":["post-138718","post","type-post","status-publish","format-standard","has-post-thumbnail","hentry","category-norte"],"_links":{"self":[{"href":"https:\/\/plataformanoticias.mx\/index.php?rest_route=\/wp\/v2\/posts\/138718","targetHints":{"allow":["GET"]}}],"collection":[{"href":"https:\/\/plataformanoticias.mx\/index.php?rest_route=\/wp\/v2\/posts"}],"about":[{"href":"https:\/\/plataformanoticias.mx\/index.php?rest_route=\/wp\/v2\/types\/post"}],"author":[{"embeddable":true,"href":"https:\/\/plataformanoticias.mx\/index.php?rest_route=\/wp\/v2\/users\/6"}],"replies":[{"embeddable":true,"href":"https:\/\/plataformanoticias.mx\/index.php?rest_route=%2Fwp%2Fv2%2Fcomments&post=138718"}],"version-history":[{"count":1,"href":"https:\/\/plataformanoticias.mx\/index.php?rest_route=\/wp\/v2\/posts\/138718\/revisions"}],"predecessor-version":[{"id":138722,"href":"https:\/\/plataformanoticias.mx\/index.php?rest_route=\/wp\/v2\/posts\/138718\/revisions\/138722"}],"wp:featuredmedia":[{"embeddable":true,"href":"https:\/\/plataformanoticias.mx\/index.php?rest_route=\/wp\/v2\/media\/138720"}],"wp:attachment":[{"href":"https:\/\/plataformanoticias.mx\/index.php?rest_route=%2Fwp%2Fv2%2Fmedia&parent=138718"}],"wp:term":[{"taxonomy":"category","embeddable":true,"href":"https:\/\/plataformanoticias.mx\/index.php?rest_route=%2Fwp%2Fv2%2Fcategories&post=138718"},{"taxonomy":"post_tag","embeddable":true,"href":"https:\/\/plataformanoticias.mx\/index.php?rest_route=%2Fwp%2Fv2%2Ftags&post=138718"}],"curies":[{"name":"wp","href":"https:\/\/api.w.org\/{rel}","templated":true}]}}