{"id":138736,"date":"2026-05-05T21:19:52","date_gmt":"2026-05-06T04:19:52","guid":{"rendered":"https:\/\/plataformanoticias.mx\/?p=138736"},"modified":"2026-05-05T21:19:52","modified_gmt":"2026-05-06T04:19:52","slug":"fuerte-hallazgo-en-los-mochis-localizan-cuerpo-en-el-cerro-de-la-memoria-tras-olores-fetidos","status":"publish","type":"post","link":"https:\/\/plataformanoticias.mx\/?p=138736","title":{"rendered":"Fuerte hallazgo en Los Mochis: localizan cuerpo en el Cerro de la Memoria tras olores f\u00e9tidos"},"content":{"rendered":"<p><strong>Los Mochis, Sinaloa.\u2013<\/strong> Un fuerte operativo se registr\u00f3 en las faldas del Cerro de la Memoria, donde fue localizado el cuerpo sin vida de un hombre en estado avanzado de descomposici\u00f3n.<\/p>\n<p>El hallazgo ocurri\u00f3 luego de que personas que caminaban por la zona detectaran olores f\u00e9tidos y alertaran a las autoridades. Al arribar, elementos de la Polic\u00eda Preventiva confirmaron que se trataba de un hombre adulto que ya no contaba con signos vitales.<\/p>\n<p>La escena fue acordonada mientras peritos de la Vicefiscal\u00eda Regional iniciaron las diligencias correspondientes para recabar evidencias e integrar la carpeta de investigaci\u00f3n.<\/p>\n<p>Hasta el momento, la v\u00edctima permanece sin identificar y no se han dado a conocer las causas de muerte.<\/p>\n<p>El hecho gener\u00f3 movilizaci\u00f3n y preocupaci\u00f3n entre vecinos y visitantes del lugar, uno de los puntos m\u00e1s concurridos de la ciudad.<\/p>\n","protected":false},"excerpt":{"rendered":"<p>Los Mochis, Sinaloa.\u2013 Un fuerte operativo se registr\u00f3 en las faldas del Cerro de la Memoria, donde fue localizado el cuerpo sin vida de un hombre en estado avanzado de descomposici\u00f3n. El hallazgo ocurri\u00f3 luego de que personas que caminaban por la zona detectaran olores f\u00e9tidos y alertaran a las autoridades. Al arribar, elementos de<\/p>\n","protected":false},"author":6,"featured_media":138738,"comment_status":"closed","ping_status":"closed","sticky":false,"template":"","format":"standard","meta":{"footnotes":""},"categories":[38],"tags":[],"class_list":["post-138736","post","type-post","status-publish","format-standard","has-post-thumbnail","hentry","category-locales"],"_links":{"self":[{"href":"https:\/\/plataformanoticias.mx\/index.php?rest_route=\/wp\/v2\/posts\/138736","targetHints":{"allow":["GET"]}}],"collection":[{"href":"https:\/\/plataformanoticias.mx\/index.php?rest_route=\/wp\/v2\/posts"}],"about":[{"href":"https:\/\/plataformanoticias.mx\/index.php?rest_route=\/wp\/v2\/types\/post"}],"author":[{"embeddable":true,"href":"https:\/\/plataformanoticias.mx\/index.php?rest_route=\/wp\/v2\/users\/6"}],"replies":[{"embeddable":true,"href":"https:\/\/plataformanoticias.mx\/index.php?rest_route=%2Fwp%2Fv2%2Fcomments&post=138736"}],"version-history":[{"count":1,"href":"https:\/\/plataformanoticias.mx\/index.php?rest_route=\/wp\/v2\/posts\/138736\/revisions"}],"predecessor-version":[{"id":138740,"href":"https:\/\/plataformanoticias.mx\/index.php?rest_route=\/wp\/v2\/posts\/138736\/revisions\/138740"}],"wp:featuredmedia":[{"embeddable":true,"href":"https:\/\/plataformanoticias.mx\/index.php?rest_route=\/wp\/v2\/media\/138738"}],"wp:attachment":[{"href":"https:\/\/plataformanoticias.mx\/index.php?rest_route=%2Fwp%2Fv2%2Fmedia&parent=138736"}],"wp:term":[{"taxonomy":"category","embeddable":true,"href":"https:\/\/plataformanoticias.mx\/index.php?rest_route=%2Fwp%2Fv2%2Fcategories&post=138736"},{"taxonomy":"post_tag","embeddable":true,"href":"https:\/\/plataformanoticias.mx\/index.php?rest_route=%2Fwp%2Fv2%2Ftags&post=138736"}],"curies":[{"name":"wp","href":"https:\/\/api.w.org\/{rel}","templated":true}]}}