{"id":138741,"date":"2026-05-05T23:05:13","date_gmt":"2026-05-06T06:05:13","guid":{"rendered":"https:\/\/plataformanoticias.mx\/?p=138741"},"modified":"2026-05-06T06:10:07","modified_gmt":"2026-05-06T13:10:07","slug":"me-hubiera-gustado-que-me-pusieran-a-mi-markitos-toys-opina-sobre-cambios-en-el-gobierno-de-sinaloa","status":"publish","type":"post","link":"https:\/\/plataformanoticias.mx\/?p=138741","title":{"rendered":"\u201cMe hubiera gustado que me pusieran a m\u00ed\u201d: Markitos Toys opina sobre cambios en el gobierno de Sinaloa"},"content":{"rendered":"<p>&nbsp;<\/p>\n<p>El youtuber sinaloense Markitos Toys reaccion\u00f3 a los recientes cambios en el gobierno estatal y, en tono relajado, coment\u00f3 que le habr\u00eda gustado ser considerado para suplir al exgobernador Rub\u00e9n Rocha Moya.<\/p>\n<p>En un video difundido en sus redes sociales, el creador de contenido reconoci\u00f3 que no est\u00e1 familiarizado con temas pol\u00edticos, pero no dej\u00f3 pasar la oportunidad de emitir su opini\u00f3n sobre la situaci\u00f3n actual en Sinaloa.<\/p>\n<p>Adem\u00e1s reconoci\u00f3 que en campa\u00f1a le hab\u00eda apoyado de manera gratuita al entonces candidato de Morena, Rub\u00e9n Rocha Moya.<\/p>\n<p>En medio del contexto de violencia en el estado, Markitos Toys ha sido mencionado en distintas ocasiones en versiones y se\u00f1alamientos no oficiales que lo vinculan con una facci\u00f3n del crimen organizado, algo que \u00e9l ha negado de manera reiterada en cuanto a cualquier relaci\u00f3n de trabajo o colaboraci\u00f3n. Sin embargo, ha reconocido conocer a algunas personas relacionadas con ese entorno.<\/p>\n<p>Cabe recordar que su familia ha sido v\u00edctima de hechos violentos recientes, entre ellos el ataque y vandalizaci\u00f3n a la vivienda de sus padres, as\u00ed como el asesinato de su hermano Gail.<\/p>\n","protected":false},"excerpt":{"rendered":"<p>&nbsp; El youtuber sinaloense Markitos Toys reaccion\u00f3 a los recientes cambios en el gobierno estatal y, en tono relajado, coment\u00f3 que le habr\u00eda gustado ser considerado para suplir al exgobernador Rub\u00e9n Rocha Moya. En un video difundido en sus redes sociales, el creador de contenido reconoci\u00f3 que no est\u00e1 familiarizado con temas pol\u00edticos, pero no<\/p>\n","protected":false},"author":6,"featured_media":138743,"comment_status":"closed","ping_status":"closed","sticky":false,"template":"","format":"standard","meta":{"footnotes":""},"categories":[28],"tags":[],"class_list":["post-138741","post","type-post","status-publish","format-standard","has-post-thumbnail","hentry","category-centro"],"_links":{"self":[{"href":"https:\/\/plataformanoticias.mx\/index.php?rest_route=\/wp\/v2\/posts\/138741","targetHints":{"allow":["GET"]}}],"collection":[{"href":"https:\/\/plataformanoticias.mx\/index.php?rest_route=\/wp\/v2\/posts"}],"about":[{"href":"https:\/\/plataformanoticias.mx\/index.php?rest_route=\/wp\/v2\/types\/post"}],"author":[{"embeddable":true,"href":"https:\/\/plataformanoticias.mx\/index.php?rest_route=\/wp\/v2\/users\/6"}],"replies":[{"embeddable":true,"href":"https:\/\/plataformanoticias.mx\/index.php?rest_route=%2Fwp%2Fv2%2Fcomments&post=138741"}],"version-history":[{"count":3,"href":"https:\/\/plataformanoticias.mx\/index.php?rest_route=\/wp\/v2\/posts\/138741\/revisions"}],"predecessor-version":[{"id":138746,"href":"https:\/\/plataformanoticias.mx\/index.php?rest_route=\/wp\/v2\/posts\/138741\/revisions\/138746"}],"wp:featuredmedia":[{"embeddable":true,"href":"https:\/\/plataformanoticias.mx\/index.php?rest_route=\/wp\/v2\/media\/138743"}],"wp:attachment":[{"href":"https:\/\/plataformanoticias.mx\/index.php?rest_route=%2Fwp%2Fv2%2Fmedia&parent=138741"}],"wp:term":[{"taxonomy":"category","embeddable":true,"href":"https:\/\/plataformanoticias.mx\/index.php?rest_route=%2Fwp%2Fv2%2Fcategories&post=138741"},{"taxonomy":"post_tag","embeddable":true,"href":"https:\/\/plataformanoticias.mx\/index.php?rest_route=%2Fwp%2Fv2%2Ftags&post=138741"}],"curies":[{"name":"wp","href":"https:\/\/api.w.org\/{rel}","templated":true}]}}