{"id":138784,"date":"2026-05-06T15:07:17","date_gmt":"2026-05-06T22:07:17","guid":{"rendered":"https:\/\/plataformanoticias.mx\/?p=138784"},"modified":"2026-05-06T15:07:17","modified_gmt":"2026-05-06T22:07:17","slug":"ammje-los-mochis-impulsa-el-liderazgo-empresarial-a-traves-del-taller-liderar-te-por-juanma-quelle-ya-puedes-registrarte","status":"publish","type":"post","link":"https:\/\/plataformanoticias.mx\/?p=138784","title":{"rendered":"AMMJE Los Mochis impulsa el liderazgo empresarial a trav\u00e9s del taller \u2018Liderar (te)\u2019 por Juanma Quelle: \u00a1Ya puedes registrarte!"},"content":{"rendered":"<p><img loading=\"lazy\" decoding=\"async\" class=\"alignnone size-medium wp-image-138787 aligncenter\" src=\"https:\/\/plataformanoticias.mx\/wp-content\/uploads\/2026\/05\/aa678ca6-b858-4746-87fe-678357269741-169x300.jpeg\" alt=\"\" width=\"169\" height=\"300\" srcset=\"https:\/\/plataformanoticias.mx\/wp-content\/uploads\/2026\/05\/aa678ca6-b858-4746-87fe-678357269741-169x300.jpeg 169w, https:\/\/plataformanoticias.mx\/wp-content\/uploads\/2026\/05\/aa678ca6-b858-4746-87fe-678357269741-575x1024.jpeg 575w, https:\/\/plataformanoticias.mx\/wp-content\/uploads\/2026\/05\/aa678ca6-b858-4746-87fe-678357269741-768x1367.jpeg 768w, https:\/\/plataformanoticias.mx\/wp-content\/uploads\/2026\/05\/aa678ca6-b858-4746-87fe-678357269741-863x1536.jpeg 863w, https:\/\/plataformanoticias.mx\/wp-content\/uploads\/2026\/05\/aa678ca6-b858-4746-87fe-678357269741.jpeg 899w\" sizes=\"auto, (max-width: 169px) 100vw, 169px\" \/><\/p>\n<p><strong>Los Mochis, Sinaloa<\/strong>.- Juanma Quelle estar\u00e1 en Los Mochis el pr\u00f3ximo 12 de mayo con el taller \u2018Liderar (te)\u2019- Liderar desde la Autogesti\u00f3n. La capacitaci\u00f3n es organizada por la Asociaci\u00f3n Mexicana de Mujeres Jefas de Empresas (AMMJE) representaci\u00f3n Los Mochis quienes suman al impulso del liderazgo empresarial<br \/>\nque transforma.<\/p>\n<p>Dulce Ruiz, presidenta de AMMJE en la localidad destac\u00f3 que mayo es el mes de las mujeres empresarias por lo que se invita al sector a vivir una experiencia transformadora con el potente de talla internacional.<\/p>\n<p>\u201cEl taller est\u00e1 dirigido a empresarios, empresarias, l\u00edderes, directivos as\u00ed como emprendedores que buscan fortalecer su liderazgo, gestionar mejor sus emociones, y desarrollar equipos m\u00e1s positivos y productivos\u201d, se\u00f1al\u00f3.<\/p>\n<p>La capacitaci\u00f3n se realizar\u00e1 el pr\u00f3ximo martes 12 de mayo a partir de las 9:30 de la ma\u00f1ana con registro en el Sal\u00f3n Bocaccio (Hotel Santa Anita) y tendr\u00e1 una duraci\u00f3n de 4 horas donde se imparten herramientas pr\u00e1cticas de liderazgo consciente, bienestar y autogesti\u00f3n emocional.<\/p>\n<p>Para mayor informaci\u00f3n se puede ingresar a las redes sociales oficiales de AMMJE Los Mochis o a la l\u00ednea telef\u00f3nica 6688 259408. El cupo es limitado: tendr\u00e1 un costo de 1, 600 pesos para p\u00fablico en general y precio especial para asociadas.<\/p>\n","protected":false},"excerpt":{"rendered":"<p>Los Mochis, Sinaloa.- Juanma Quelle estar\u00e1 en Los Mochis el pr\u00f3ximo 12 de mayo con el taller \u2018Liderar (te)\u2019- Liderar desde la Autogesti\u00f3n. La capacitaci\u00f3n es organizada por la Asociaci\u00f3n Mexicana de Mujeres Jefas de Empresas (AMMJE) representaci\u00f3n Los Mochis quienes suman al impulso del liderazgo empresarial que transforma. Dulce Ruiz, presidenta de AMMJE en<\/p>\n","protected":false},"author":6,"featured_media":138786,"comment_status":"closed","ping_status":"closed","sticky":false,"template":"","format":"standard","meta":{"footnotes":""},"categories":[38],"tags":[],"class_list":["post-138784","post","type-post","status-publish","format-standard","has-post-thumbnail","hentry","category-locales"],"_links":{"self":[{"href":"https:\/\/plataformanoticias.mx\/index.php?rest_route=\/wp\/v2\/posts\/138784","targetHints":{"allow":["GET"]}}],"collection":[{"href":"https:\/\/plataformanoticias.mx\/index.php?rest_route=\/wp\/v2\/posts"}],"about":[{"href":"https:\/\/plataformanoticias.mx\/index.php?rest_route=\/wp\/v2\/types\/post"}],"author":[{"embeddable":true,"href":"https:\/\/plataformanoticias.mx\/index.php?rest_route=\/wp\/v2\/users\/6"}],"replies":[{"embeddable":true,"href":"https:\/\/plataformanoticias.mx\/index.php?rest_route=%2Fwp%2Fv2%2Fcomments&post=138784"}],"version-history":[{"count":1,"href":"https:\/\/plataformanoticias.mx\/index.php?rest_route=\/wp\/v2\/posts\/138784\/revisions"}],"predecessor-version":[{"id":138788,"href":"https:\/\/plataformanoticias.mx\/index.php?rest_route=\/wp\/v2\/posts\/138784\/revisions\/138788"}],"wp:featuredmedia":[{"embeddable":true,"href":"https:\/\/plataformanoticias.mx\/index.php?rest_route=\/wp\/v2\/media\/138786"}],"wp:attachment":[{"href":"https:\/\/plataformanoticias.mx\/index.php?rest_route=%2Fwp%2Fv2%2Fmedia&parent=138784"}],"wp:term":[{"taxonomy":"category","embeddable":true,"href":"https:\/\/plataformanoticias.mx\/index.php?rest_route=%2Fwp%2Fv2%2Fcategories&post=138784"},{"taxonomy":"post_tag","embeddable":true,"href":"https:\/\/plataformanoticias.mx\/index.php?rest_route=%2Fwp%2Fv2%2Ftags&post=138784"}],"curies":[{"name":"wp","href":"https:\/\/api.w.org\/{rel}","templated":true}]}}