{"id":138789,"date":"2026-05-06T15:52:43","date_gmt":"2026-05-06T22:52:43","guid":{"rendered":"https:\/\/plataformanoticias.mx\/?p=138789"},"modified":"2026-05-06T16:04:38","modified_gmt":"2026-05-06T23:04:38","slug":"escala-confrontacion-politica-oposicion-pide-acciones-contra-morena-y-funcionarios-de-sinaloa","status":"publish","type":"post","link":"https:\/\/plataformanoticias.mx\/?p=138789","title":{"rendered":"Escala confrontaci\u00f3n pol\u00edtica: oposici\u00f3n pide acciones contra Morena y funcionarios de Sinaloa"},"content":{"rendered":"<p>&nbsp;<\/p>\n<p><strong>Ciudad de M\u00e9xico.\u2013<\/strong> La tensi\u00f3n pol\u00edtica se intensific\u00f3 luego de que l\u00edderes de oposici\u00f3n lanzaran una ofensiva simult\u00e1nea contra Morena y funcionarios de Sinaloa, con acusaciones y exigencias que escalan el conflicto al plano internacional.<\/p>\n<p><img loading=\"lazy\" decoding=\"async\" class=\"alignnone size-medium wp-image-138791 aligncenter\" src=\"https:\/\/plataformanoticias.mx\/wp-content\/uploads\/2026\/05\/IMG_8142-300x200.jpeg\" alt=\"\" width=\"300\" height=\"200\" srcset=\"https:\/\/plataformanoticias.mx\/wp-content\/uploads\/2026\/05\/IMG_8142-300x200.jpeg 300w, https:\/\/plataformanoticias.mx\/wp-content\/uploads\/2026\/05\/IMG_8142-1024x683.jpeg 1024w, https:\/\/plataformanoticias.mx\/wp-content\/uploads\/2026\/05\/IMG_8142-768x512.jpeg 768w, https:\/\/plataformanoticias.mx\/wp-content\/uploads\/2026\/05\/IMG_8142-1536x1024.jpeg 1536w, https:\/\/plataformanoticias.mx\/wp-content\/uploads\/2026\/05\/IMG_8142.jpeg 2048w\" sizes=\"auto, (max-width: 300px) 100vw, 300px\" \/><\/p>\n<p>El dirigente nacional del PRI, Alejandro Moreno, inform\u00f3 que present\u00f3 solicitudes formales ante los Departamentos de Estado, Justicia y del Tesoro de Estados Unidos para que Morena sea catalogado como \u201corganizaci\u00f3n terrorista\u201d. De manera paralela, acudi\u00f3 al Instituto Nacional Electoral (INE) para pedir el retiro del registro del partido, al que calific\u00f3 como un \u201cnarcopartido\u201d.<\/p>\n<figure id=\"attachment_138792\" aria-describedby=\"caption-attachment-138792\" style=\"width: 300px\" class=\"wp-caption aligncenter\"><img loading=\"lazy\" decoding=\"async\" class=\"size-medium wp-image-138792\" src=\"https:\/\/plataformanoticias.mx\/wp-content\/uploads\/2026\/05\/IMG_8143-300x162.jpeg\" alt=\"\" width=\"300\" height=\"162\" srcset=\"https:\/\/plataformanoticias.mx\/wp-content\/uploads\/2026\/05\/IMG_8143-300x162.jpeg 300w, https:\/\/plataformanoticias.mx\/wp-content\/uploads\/2026\/05\/IMG_8143-1024x552.jpeg 1024w, https:\/\/plataformanoticias.mx\/wp-content\/uploads\/2026\/05\/IMG_8143-768x414.jpeg 768w, https:\/\/plataformanoticias.mx\/wp-content\/uploads\/2026\/05\/IMG_8143.jpeg 1206w\" sizes=\"auto, (max-width: 300px) 100vw, 300px\" \/><figcaption id=\"caption-attachment-138792\" class=\"wp-caption-text\">Screenshot<\/figcaption><\/figure>\n<p>En la misma l\u00ednea de presi\u00f3n, el senador del PAN, Ricardo Anaya, exigi\u00f3 la \u201cdetenci\u00f3n inmediata\u201d del gobernador con licencia de Sinaloa, Rub\u00e9n Rocha Moya, as\u00ed como del senador Enrique Inzunza, argumentando que existe riesgo de que evadan la justicia ante se\u00f1alamientos provenientes de Estados Unidos. Anaya critic\u00f3 cualquier posible dilaci\u00f3n en las acciones judiciales, se\u00f1alando que podr\u00eda interpretarse como una ventana para la fuga.<\/p>\n<p><img loading=\"lazy\" decoding=\"async\" class=\"alignnone size-medium wp-image-138795 aligncenter\" src=\"https:\/\/plataformanoticias.mx\/wp-content\/uploads\/2026\/05\/3df681c5-2ff2-4414-9a06-5244a85b0043-300x200.jpeg\" alt=\"\" width=\"300\" height=\"200\" srcset=\"https:\/\/plataformanoticias.mx\/wp-content\/uploads\/2026\/05\/3df681c5-2ff2-4414-9a06-5244a85b0043-300x200.jpeg 300w, https:\/\/plataformanoticias.mx\/wp-content\/uploads\/2026\/05\/3df681c5-2ff2-4414-9a06-5244a85b0043-1024x682.jpeg 1024w, https:\/\/plataformanoticias.mx\/wp-content\/uploads\/2026\/05\/3df681c5-2ff2-4414-9a06-5244a85b0043-768x512.jpeg 768w, https:\/\/plataformanoticias.mx\/wp-content\/uploads\/2026\/05\/3df681c5-2ff2-4414-9a06-5244a85b0043.jpeg 1280w\" sizes=\"auto, (max-width: 300px) 100vw, 300px\" \/><\/p>\n<p>Por su parte, Movimiento Ciudadano (MC) adopt\u00f3 una postura distinta en el fondo, pero igual de contundente en la forma: plante\u00f3 que las investigaciones y eventuales procesos contra Rocha Moya y otros se\u00f1alados deben llevarse a cabo en M\u00e9xico. No obstante, tambi\u00e9n respald\u00f3 la solicitud de desaparici\u00f3n de poderes en Sinaloa, elevando la presi\u00f3n institucional sobre el estado.<\/p>\n<p>Este conjunto de acciones refleja una escalada pol\u00edtica en torno a acusaciones de presuntos v\u00ednculos con el crimen organizado, en un contexto donde los se\u00f1alamientos internacionales comienzan a incidir en la agenda interna. Hasta el momento, Morena no ha emitido una postura oficial conjunta frente a estos pronunciamientos.<\/p>\n<p>El desarrollo de este conflicto podr\u00eda tener implicaciones tanto en el \u00e1mbito electoral como en la relaci\u00f3n bilateral con Estados Unidos, especialmente si las solicitudes planteadas por la oposici\u00f3n avanzan en instancias internacionales.<\/p>\n","protected":false},"excerpt":{"rendered":"<p>&nbsp; Ciudad de M\u00e9xico.\u2013 La tensi\u00f3n pol\u00edtica se intensific\u00f3 luego de que l\u00edderes de oposici\u00f3n lanzaran una ofensiva simult\u00e1nea contra Morena y funcionarios de Sinaloa, con acusaciones y exigencias que escalan el conflicto al plano internacional. El dirigente nacional del PRI, Alejandro Moreno, inform\u00f3 que present\u00f3 solicitudes formales ante los Departamentos de Estado, Justicia y<\/p>\n","protected":false},"author":6,"featured_media":138793,"comment_status":"closed","ping_status":"closed","sticky":false,"template":"","format":"standard","meta":{"footnotes":""},"categories":[31],"tags":[],"class_list":["post-138789","post","type-post","status-publish","format-standard","has-post-thumbnail","hentry","category-politica"],"_links":{"self":[{"href":"https:\/\/plataformanoticias.mx\/index.php?rest_route=\/wp\/v2\/posts\/138789","targetHints":{"allow":["GET"]}}],"collection":[{"href":"https:\/\/plataformanoticias.mx\/index.php?rest_route=\/wp\/v2\/posts"}],"about":[{"href":"https:\/\/plataformanoticias.mx\/index.php?rest_route=\/wp\/v2\/types\/post"}],"author":[{"embeddable":true,"href":"https:\/\/plataformanoticias.mx\/index.php?rest_route=\/wp\/v2\/users\/6"}],"replies":[{"embeddable":true,"href":"https:\/\/plataformanoticias.mx\/index.php?rest_route=%2Fwp%2Fv2%2Fcomments&post=138789"}],"version-history":[{"count":2,"href":"https:\/\/plataformanoticias.mx\/index.php?rest_route=\/wp\/v2\/posts\/138789\/revisions"}],"predecessor-version":[{"id":138796,"href":"https:\/\/plataformanoticias.mx\/index.php?rest_route=\/wp\/v2\/posts\/138789\/revisions\/138796"}],"wp:featuredmedia":[{"embeddable":true,"href":"https:\/\/plataformanoticias.mx\/index.php?rest_route=\/wp\/v2\/media\/138793"}],"wp:attachment":[{"href":"https:\/\/plataformanoticias.mx\/index.php?rest_route=%2Fwp%2Fv2%2Fmedia&parent=138789"}],"wp:term":[{"taxonomy":"category","embeddable":true,"href":"https:\/\/plataformanoticias.mx\/index.php?rest_route=%2Fwp%2Fv2%2Fcategories&post=138789"},{"taxonomy":"post_tag","embeddable":true,"href":"https:\/\/plataformanoticias.mx\/index.php?rest_route=%2Fwp%2Fv2%2Ftags&post=138789"}],"curies":[{"name":"wp","href":"https:\/\/api.w.org\/{rel}","templated":true}]}}