{"id":138797,"date":"2026-05-06T16:18:39","date_gmt":"2026-05-06T23:18:39","guid":{"rendered":"https:\/\/plataformanoticias.mx\/?p=138797"},"modified":"2026-05-06T16:18:39","modified_gmt":"2026-05-06T23:18:39","slug":"no-te-lo-puedes-perder-la-parranda-tour-2-0-llegara-a-los-mochis","status":"publish","type":"post","link":"https:\/\/plataformanoticias.mx\/?p=138797","title":{"rendered":"\u00a1No te lo puedes perder! \u201cLa Parranda Tour 2.0\u201d llegar\u00e1 a Los Mochis"},"content":{"rendered":"<p><strong>Los Mochis, Sinaloa.<\/strong>&#8211; La gira musical \u201cLa Parranda Tour 2.0\u201d llegar\u00e1 a Los Mochis este pr\u00f3ximo 16 de mayo con una presentaci\u00f3n en el Centro de Usos M\u00faltiples (CUM), donde se reunir\u00e1n reconocidos exponentes del regional mexicano.<\/p>\n<p>El concierto contar\u00e1 con la participaci\u00f3n de Alta Consigna, Crecer Germ\u00e1n, Grupo Codiciado, Jos\u00e9 Manuel, Dariel Ram\u00edrez y Los Perdidos de Sinaloa, quienes prometen revivir los \u00e9xitos que marcaron a toda una generaci\u00f3n entre 2014 y 2016.<\/p>\n<p><img loading=\"lazy\" decoding=\"async\" class=\"alignnone size-medium wp-image-138799 aligncenter\" src=\"https:\/\/plataformanoticias.mx\/wp-content\/uploads\/2026\/05\/26377375-2e8e-4c24-ac40-688159ef889a-300x225.jpeg\" alt=\"\" width=\"300\" height=\"225\" srcset=\"https:\/\/plataformanoticias.mx\/wp-content\/uploads\/2026\/05\/26377375-2e8e-4c24-ac40-688159ef889a-300x225.jpeg 300w, https:\/\/plataformanoticias.mx\/wp-content\/uploads\/2026\/05\/26377375-2e8e-4c24-ac40-688159ef889a-1024x768.jpeg 1024w, https:\/\/plataformanoticias.mx\/wp-content\/uploads\/2026\/05\/26377375-2e8e-4c24-ac40-688159ef889a-768x576.jpeg 768w, https:\/\/plataformanoticias.mx\/wp-content\/uploads\/2026\/05\/26377375-2e8e-4c24-ac40-688159ef889a-1536x1152.jpeg 1536w, https:\/\/plataformanoticias.mx\/wp-content\/uploads\/2026\/05\/26377375-2e8e-4c24-ac40-688159ef889a.jpeg 1600w\" sizes=\"auto, (max-width: 300px) 100vw, 300px\" \/><\/p>\n<p>Dariel Ram\u00edrez destac\u00f3 que esta gira est\u00e1 dirigida a quienes crecieron escuchando este estilo musical y hoy buscan reencontrarse con esa etapa a trav\u00e9s de un espect\u00e1culo lleno de nostalgia, romanticismo y fiesta.<\/p>\n<p>El evento iniciar\u00e1 a las 20:00 horas y tendr\u00e1 una duraci\u00f3n aproximada de tres horas. Los boletos contin\u00faan disponibles a trav\u00e9s de <a href=\"http:\/\/boletito.com\/\">boletito.com<\/a>.<\/p>\n","protected":false},"excerpt":{"rendered":"<p>Los Mochis, Sinaloa.&#8211; La gira musical \u201cLa Parranda Tour 2.0\u201d llegar\u00e1 a Los Mochis este pr\u00f3ximo 16 de mayo con una presentaci\u00f3n en el Centro de Usos M\u00faltiples (CUM), donde se reunir\u00e1n reconocidos exponentes del regional mexicano. El concierto contar\u00e1 con la participaci\u00f3n de Alta Consigna, Crecer Germ\u00e1n, Grupo Codiciado, Jos\u00e9 Manuel, Dariel Ram\u00edrez y<\/p>\n","protected":false},"author":6,"featured_media":138800,"comment_status":"closed","ping_status":"closed","sticky":false,"template":"","format":"standard","meta":{"footnotes":""},"categories":[38],"tags":[],"class_list":["post-138797","post","type-post","status-publish","format-standard","has-post-thumbnail","hentry","category-locales"],"_links":{"self":[{"href":"https:\/\/plataformanoticias.mx\/index.php?rest_route=\/wp\/v2\/posts\/138797","targetHints":{"allow":["GET"]}}],"collection":[{"href":"https:\/\/plataformanoticias.mx\/index.php?rest_route=\/wp\/v2\/posts"}],"about":[{"href":"https:\/\/plataformanoticias.mx\/index.php?rest_route=\/wp\/v2\/types\/post"}],"author":[{"embeddable":true,"href":"https:\/\/plataformanoticias.mx\/index.php?rest_route=\/wp\/v2\/users\/6"}],"replies":[{"embeddable":true,"href":"https:\/\/plataformanoticias.mx\/index.php?rest_route=%2Fwp%2Fv2%2Fcomments&post=138797"}],"version-history":[{"count":1,"href":"https:\/\/plataformanoticias.mx\/index.php?rest_route=\/wp\/v2\/posts\/138797\/revisions"}],"predecessor-version":[{"id":138801,"href":"https:\/\/plataformanoticias.mx\/index.php?rest_route=\/wp\/v2\/posts\/138797\/revisions\/138801"}],"wp:featuredmedia":[{"embeddable":true,"href":"https:\/\/plataformanoticias.mx\/index.php?rest_route=\/wp\/v2\/media\/138800"}],"wp:attachment":[{"href":"https:\/\/plataformanoticias.mx\/index.php?rest_route=%2Fwp%2Fv2%2Fmedia&parent=138797"}],"wp:term":[{"taxonomy":"category","embeddable":true,"href":"https:\/\/plataformanoticias.mx\/index.php?rest_route=%2Fwp%2Fv2%2Fcategories&post=138797"},{"taxonomy":"post_tag","embeddable":true,"href":"https:\/\/plataformanoticias.mx\/index.php?rest_route=%2Fwp%2Fv2%2Ftags&post=138797"}],"curies":[{"name":"wp","href":"https:\/\/api.w.org\/{rel}","templated":true}]}}