{"id":138835,"date":"2026-05-07T11:07:42","date_gmt":"2026-05-07T18:07:42","guid":{"rendered":"https:\/\/plataformanoticias.mx\/?p=138835"},"modified":"2026-05-07T11:07:42","modified_gmt":"2026-05-07T18:07:42","slug":"fiscal-general-toma-protesta-a-jose-roberto-quinonez-coronado-como-encargado-de-la-vicefiscalia-general-de-la-fge-sinaloa","status":"publish","type":"post","link":"https:\/\/plataformanoticias.mx\/?p=138835","title":{"rendered":"Fiscal General toma protesta a Jos\u00e9 Roberto Qui\u00f1onez Coronado como Encargado de la Vicefiscal\u00eda General de la FGE Sinaloa"},"content":{"rendered":"<p><strong><img loading=\"lazy\" decoding=\"async\" class=\"alignnone size-medium wp-image-138838 aligncenter\" src=\"https:\/\/plataformanoticias.mx\/wp-content\/uploads\/2026\/05\/d4a3554d-b80a-4cd2-8e0f-9213613e6df2-300x172.jpeg\" alt=\"\" width=\"300\" height=\"172\" srcset=\"https:\/\/plataformanoticias.mx\/wp-content\/uploads\/2026\/05\/d4a3554d-b80a-4cd2-8e0f-9213613e6df2-300x172.jpeg 300w, https:\/\/plataformanoticias.mx\/wp-content\/uploads\/2026\/05\/d4a3554d-b80a-4cd2-8e0f-9213613e6df2-1024x586.jpeg 1024w, https:\/\/plataformanoticias.mx\/wp-content\/uploads\/2026\/05\/d4a3554d-b80a-4cd2-8e0f-9213613e6df2-768x439.jpeg 768w, https:\/\/plataformanoticias.mx\/wp-content\/uploads\/2026\/05\/d4a3554d-b80a-4cd2-8e0f-9213613e6df2-1536x878.jpeg 1536w, https:\/\/plataformanoticias.mx\/wp-content\/uploads\/2026\/05\/d4a3554d-b80a-4cd2-8e0f-9213613e6df2-555x320.jpeg 555w, https:\/\/plataformanoticias.mx\/wp-content\/uploads\/2026\/05\/d4a3554d-b80a-4cd2-8e0f-9213613e6df2.jpeg 1600w\" sizes=\"auto, (max-width: 300px) 100vw, 300px\" \/><br \/>\nCuliac\u00e1n, Sinaloa<\/strong>.-La Fiscal\u00eda General del Estado de Sinaloa informa que la Fiscal General, Claudia Zulema S\u00e1nchez Kondo, tom\u00f3 protesta de ley a Jos\u00e9 Roberto Qui\u00f1onez Coronado como Encargado de la Vicefiscal\u00eda General de la Fiscal\u00eda General del Estado de Sinaloa.<\/p>\n<p>Asimismo, fue designada Roc\u00edo Yamileth Aguilar Zazueta como Encargada de la Vicefiscal\u00eda Regional Zona Centro de la Fiscal\u00eda General del Estado de Sinaloa.<\/p>\n<p>Durante el acto, la Fiscal General exhort\u00f3 a las personas designadas a desempe\u00f1ar sus funciones con apego a los principios de legalidad, eficiencia, profesionalismo y honradez, y a realizar, de manera conjunta, el mayor esfuerzo para fortalecer la procuraci\u00f3n de justicia en la entidad, contribuyendo al Estado de Derecho y a la seguridad de las y los sinaloenses.<\/p>\n<p>Asimismo, expres\u00f3 que contar\u00e1n con el respaldo institucional para el adecuado desempe\u00f1o de sus responsabilidades, y les convoc\u00f3 a conducirse con compromiso y pleno respeto a la institucionalidad.<\/p>\n<p>Estos nombramientos se realizan con fundamento en lo dispuesto por los art\u00edculos 76 y 76 Bis de la Constituci\u00f3n Pol\u00edtica del Estado de Sinaloa; 1, 2, 3, 4, 7 fracci\u00f3n III, 9 fracci\u00f3n I y 17 fracci\u00f3n X de la Ley Org\u00e1nica de la Fiscal\u00eda General del Estado de Sinaloa; as\u00ed como 12 fracci\u00f3n III, 38, 39 y 133 fracci\u00f3n II de su Reglamento.<\/p>\n","protected":false},"excerpt":{"rendered":"<p>Culiac\u00e1n, Sinaloa.-La Fiscal\u00eda General del Estado de Sinaloa informa que la Fiscal General, Claudia Zulema S\u00e1nchez Kondo, tom\u00f3 protesta de ley a Jos\u00e9 Roberto Qui\u00f1onez Coronado como Encargado de la Vicefiscal\u00eda General de la Fiscal\u00eda General del Estado de Sinaloa. Asimismo, fue designada Roc\u00edo Yamileth Aguilar Zazueta como Encargada de la Vicefiscal\u00eda Regional Zona Centro<\/p>\n","protected":false},"author":6,"featured_media":138837,"comment_status":"closed","ping_status":"closed","sticky":false,"template":"","format":"standard","meta":{"footnotes":""},"categories":[28],"tags":[],"class_list":["post-138835","post","type-post","status-publish","format-standard","has-post-thumbnail","hentry","category-centro"],"_links":{"self":[{"href":"https:\/\/plataformanoticias.mx\/index.php?rest_route=\/wp\/v2\/posts\/138835","targetHints":{"allow":["GET"]}}],"collection":[{"href":"https:\/\/plataformanoticias.mx\/index.php?rest_route=\/wp\/v2\/posts"}],"about":[{"href":"https:\/\/plataformanoticias.mx\/index.php?rest_route=\/wp\/v2\/types\/post"}],"author":[{"embeddable":true,"href":"https:\/\/plataformanoticias.mx\/index.php?rest_route=\/wp\/v2\/users\/6"}],"replies":[{"embeddable":true,"href":"https:\/\/plataformanoticias.mx\/index.php?rest_route=%2Fwp%2Fv2%2Fcomments&post=138835"}],"version-history":[{"count":1,"href":"https:\/\/plataformanoticias.mx\/index.php?rest_route=\/wp\/v2\/posts\/138835\/revisions"}],"predecessor-version":[{"id":138839,"href":"https:\/\/plataformanoticias.mx\/index.php?rest_route=\/wp\/v2\/posts\/138835\/revisions\/138839"}],"wp:featuredmedia":[{"embeddable":true,"href":"https:\/\/plataformanoticias.mx\/index.php?rest_route=\/wp\/v2\/media\/138837"}],"wp:attachment":[{"href":"https:\/\/plataformanoticias.mx\/index.php?rest_route=%2Fwp%2Fv2%2Fmedia&parent=138835"}],"wp:term":[{"taxonomy":"category","embeddable":true,"href":"https:\/\/plataformanoticias.mx\/index.php?rest_route=%2Fwp%2Fv2%2Fcategories&post=138835"},{"taxonomy":"post_tag","embeddable":true,"href":"https:\/\/plataformanoticias.mx\/index.php?rest_route=%2Fwp%2Fv2%2Ftags&post=138835"}],"curies":[{"name":"wp","href":"https:\/\/api.w.org\/{rel}","templated":true}]}}