{"id":138846,"date":"2026-05-08T06:39:13","date_gmt":"2026-05-08T13:39:13","guid":{"rendered":"https:\/\/plataformanoticias.mx\/?p=138846"},"modified":"2026-05-08T06:39:13","modified_gmt":"2026-05-08T13:39:13","slug":"gobernadora-yeraldine-sostiene-acercamiento-con-familiares-de-victimas-de-incendio-en-los-mochis","status":"publish","type":"post","link":"https:\/\/plataformanoticias.mx\/?p=138846","title":{"rendered":"Gobernadora Yeraldine sostiene acercamiento con familiares de v\u00edctimas de incendio en Los Mochis"},"content":{"rendered":"<p>La mandataria estatal recorri\u00f3 cl\u00ednicas y hospitales, donde ofreci\u00f3 total apoyo a lesionados y a familiares de personas fallecidas_<\/p>\n<p>Instruye a cuerpos de seguridad y auxilio para atender en todo lo que se requiera esta emergencia<\/p>\n<p><img loading=\"lazy\" decoding=\"async\" class=\"alignnone size-medium wp-image-138849\" src=\"https:\/\/plataformanoticias.mx\/wp-content\/uploads\/2026\/05\/292bc4ea-8926-44d6-80b0-340da6df5e78-300x225.jpeg\" alt=\"\" width=\"300\" height=\"225\" srcset=\"https:\/\/plataformanoticias.mx\/wp-content\/uploads\/2026\/05\/292bc4ea-8926-44d6-80b0-340da6df5e78-300x225.jpeg 300w, https:\/\/plataformanoticias.mx\/wp-content\/uploads\/2026\/05\/292bc4ea-8926-44d6-80b0-340da6df5e78-1024x768.jpeg 1024w, https:\/\/plataformanoticias.mx\/wp-content\/uploads\/2026\/05\/292bc4ea-8926-44d6-80b0-340da6df5e78-768x576.jpeg 768w, https:\/\/plataformanoticias.mx\/wp-content\/uploads\/2026\/05\/292bc4ea-8926-44d6-80b0-340da6df5e78-1536x1152.jpeg 1536w, https:\/\/plataformanoticias.mx\/wp-content\/uploads\/2026\/05\/292bc4ea-8926-44d6-80b0-340da6df5e78-2048x1536.jpeg 2048w\" sizes=\"auto, (max-width: 300px) 100vw, 300px\" \/><\/p>\n<p><strong>Los Mochis, Sinaloa.-<\/strong> La gobernadora Geraldine Bonilla Valverde recorri\u00f3 este jueves todos los hospitales p\u00fablicos y privados donde se encuentran personas que resultaron lesionadas luego del incendio en una plaza comercial en la ciudad de Los Mochis, y les ofreci\u00f3 total apoyo a las v\u00edctimas y sus familias.<\/p>\n<p>Personalmente, la mandataria estatal platic\u00f3 con la mayor\u00eda de los familiares, y de primera mano se inform\u00f3 de su situaci\u00f3n, ofreciendo su respaldo y solidaridad para atenderlos y salvaguardar su bienestar.<\/p>\n<p>\u201cLes brindamos todo el apoyo para que est\u00e9n tranquilas y seguras, de parte de Gobierno del Estado tienen nuestra solidaridad, todo el apoyo para que resuelvan esta situaci\u00f3n por la que est\u00e1n pasando\u201d, dijo la gobernadora.<\/p>\n<p><img loading=\"lazy\" decoding=\"async\" class=\"alignnone size-medium wp-image-138850\" src=\"https:\/\/plataformanoticias.mx\/wp-content\/uploads\/2026\/05\/44e7738d-8391-438b-b8b1-486fec097da0-300x210.jpeg\" alt=\"\" width=\"300\" height=\"210\" srcset=\"https:\/\/plataformanoticias.mx\/wp-content\/uploads\/2026\/05\/44e7738d-8391-438b-b8b1-486fec097da0-300x210.jpeg 300w, https:\/\/plataformanoticias.mx\/wp-content\/uploads\/2026\/05\/44e7738d-8391-438b-b8b1-486fec097da0-1024x716.jpeg 1024w, https:\/\/plataformanoticias.mx\/wp-content\/uploads\/2026\/05\/44e7738d-8391-438b-b8b1-486fec097da0-768x537.jpeg 768w, https:\/\/plataformanoticias.mx\/wp-content\/uploads\/2026\/05\/44e7738d-8391-438b-b8b1-486fec097da0-1536x1075.jpeg 1536w, https:\/\/plataformanoticias.mx\/wp-content\/uploads\/2026\/05\/44e7738d-8391-438b-b8b1-486fec097da0-2048x1433.jpeg 2048w\" sizes=\"auto, (max-width: 300px) 100vw, 300px\" \/><\/p>\n<p>Acompa\u00f1ada del secretario de Salud, Dr. Cuitl\u00e1huac Gonz\u00e1lez Galindo, del Director de Protecci\u00f3n Civil, Roy Navarrete Cuevas y del alcalde de Ahome, Antonio Men\u00e9ndez, Bonilla Valverde acudi\u00f3 tambi\u00e9n al lugar del siniestro y verific\u00f3 que todas las corporaciones de socorro estuvieran trabajando para seguir brindando la ayuda necesaria en el lugar de los hechos.<\/p>\n<p>Destac\u00f3 la gran coordinaci\u00f3n entre los cuerpos de seguridad y auxilio de los tres niveles de gobierno, as\u00ed como de la Marina, Guardia Nacional y Defensa, ya que su oportuna intervenci\u00f3n y log\u00edstica permitieron un combate r\u00e1pido al siniestro, que la noche de este jueves ya estaba controlado en un 95 por ciento.<\/p>\n<p>Agradeci\u00f3 especialmente a la presidenta Claudia Sheinbaum Pardo el inmediato apoyo brindado a Sinaloa para atender esta contingencia, y anunci\u00f3 que este viernes estar\u00e1n en Los Mochis personal y equipo especializado del Gobierno Federal para apoyar en todas las tareas que se requieran.<\/p>\n<p>De igual manera, reconoci\u00f3 la gran labor de socorristas y bomberos locales, as\u00ed como de municipios cercanos que acudieron con ayuda.<\/p>\n<p>El saldo hasta la noche del jueves es de cinco personas fallecidas y alrededor de 30 lesionados, la mayor\u00eda por intoxicaci\u00f3n por mon\u00f3xido de carbono.<\/p>\n<p>Tambi\u00e9n acompa\u00f1aron a la gobernadora el encargado del Despacho de la Secretar\u00eda General de Gobierno, Pablo Francisco Bedoya Ba\u00f1uelos; el secretario de Seguridad P\u00fablica, General Sinuh\u00e9 T\u00e9llez L\u00f3pez; el Jefe de la Oficina de la Gobernadora, Jos\u00e9 Ismael Inzunza Sosa; el Vicefiscal Zona Norte, Jes\u00fas Arnoldo Serrano Castelo, entre otros.<\/p>\n","protected":false},"excerpt":{"rendered":"<p>La mandataria estatal recorri\u00f3 cl\u00ednicas y hospitales, donde ofreci\u00f3 total apoyo a lesionados y a familiares de personas fallecidas_ Instruye a cuerpos de seguridad y auxilio para atender en todo lo que se requiera esta emergencia Los Mochis, Sinaloa.- La gobernadora Geraldine Bonilla Valverde recorri\u00f3 este jueves todos los hospitales p\u00fablicos y privados donde se<\/p>\n","protected":false},"author":6,"featured_media":138848,"comment_status":"closed","ping_status":"closed","sticky":false,"template":"","format":"standard","meta":{"footnotes":""},"categories":[38],"tags":[],"class_list":["post-138846","post","type-post","status-publish","format-standard","has-post-thumbnail","hentry","category-locales"],"_links":{"self":[{"href":"https:\/\/plataformanoticias.mx\/index.php?rest_route=\/wp\/v2\/posts\/138846","targetHints":{"allow":["GET"]}}],"collection":[{"href":"https:\/\/plataformanoticias.mx\/index.php?rest_route=\/wp\/v2\/posts"}],"about":[{"href":"https:\/\/plataformanoticias.mx\/index.php?rest_route=\/wp\/v2\/types\/post"}],"author":[{"embeddable":true,"href":"https:\/\/plataformanoticias.mx\/index.php?rest_route=\/wp\/v2\/users\/6"}],"replies":[{"embeddable":true,"href":"https:\/\/plataformanoticias.mx\/index.php?rest_route=%2Fwp%2Fv2%2Fcomments&post=138846"}],"version-history":[{"count":1,"href":"https:\/\/plataformanoticias.mx\/index.php?rest_route=\/wp\/v2\/posts\/138846\/revisions"}],"predecessor-version":[{"id":138851,"href":"https:\/\/plataformanoticias.mx\/index.php?rest_route=\/wp\/v2\/posts\/138846\/revisions\/138851"}],"wp:featuredmedia":[{"embeddable":true,"href":"https:\/\/plataformanoticias.mx\/index.php?rest_route=\/wp\/v2\/media\/138848"}],"wp:attachment":[{"href":"https:\/\/plataformanoticias.mx\/index.php?rest_route=%2Fwp%2Fv2%2Fmedia&parent=138846"}],"wp:term":[{"taxonomy":"category","embeddable":true,"href":"https:\/\/plataformanoticias.mx\/index.php?rest_route=%2Fwp%2Fv2%2Fcategories&post=138846"},{"taxonomy":"post_tag","embeddable":true,"href":"https:\/\/plataformanoticias.mx\/index.php?rest_route=%2Fwp%2Fv2%2Ftags&post=138846"}],"curies":[{"name":"wp","href":"https:\/\/api.w.org\/{rel}","templated":true}]}}