{"id":138852,"date":"2026-05-08T12:27:36","date_gmt":"2026-05-08T19:27:36","guid":{"rendered":"https:\/\/plataformanoticias.mx\/?p=138852"},"modified":"2026-05-08T12:27:36","modified_gmt":"2026-05-08T19:27:36","slug":"reconoce-proteccion-civil-coordinacion-y-apoyo-ciudadano-durante-labores-de-rescate-por-incendio-en-los-mochis","status":"publish","type":"post","link":"https:\/\/plataformanoticias.mx\/?p=138852","title":{"rendered":"Reconoce Protecci\u00f3n Civil coordinaci\u00f3n y apoyo ciudadano durante labores de rescate por incendio en Los Mochis."},"content":{"rendered":"<p class=\"s9\"><span class=\"s8\">El <\/span><span class=\"s8\">Teniente<\/span><span class=\"s8\"> Mario Cosme <\/span><span class=\"s8\">Gallardo<\/span><span class=\"s8\"> inform\u00f3 que participaron alrededor de 470 elementos de los tres \u00f3rdenes de gobierno, adem\u00e1s de cuerpos de emergencia y grupos voluntarios que se sumaron a la atenci\u00f3n del incidente<\/span><span class=\"s8\">\u2026<\/span><\/p>\n<p class=\"s7\" style=\"text-align: center\"><span class=\"s8\"> <img loading=\"lazy\" decoding=\"async\" class=\"alignnone size-medium wp-image-138854\" src=\"https:\/\/plataformanoticias.mx\/wp-content\/uploads\/2026\/05\/7154dacd-22dd-4774-b628-ff97d795c53c-300x200.jpeg\" alt=\"\" width=\"300\" height=\"200\" srcset=\"https:\/\/plataformanoticias.mx\/wp-content\/uploads\/2026\/05\/7154dacd-22dd-4774-b628-ff97d795c53c-300x200.jpeg 300w, https:\/\/plataformanoticias.mx\/wp-content\/uploads\/2026\/05\/7154dacd-22dd-4774-b628-ff97d795c53c-1024x684.jpeg 1024w, https:\/\/plataformanoticias.mx\/wp-content\/uploads\/2026\/05\/7154dacd-22dd-4774-b628-ff97d795c53c-768x513.jpeg 768w, https:\/\/plataformanoticias.mx\/wp-content\/uploads\/2026\/05\/7154dacd-22dd-4774-b628-ff97d795c53c-1536x1025.jpeg 1536w, https:\/\/plataformanoticias.mx\/wp-content\/uploads\/2026\/05\/7154dacd-22dd-4774-b628-ff97d795c53c-2048x1367.jpeg 2048w\" sizes=\"auto, (max-width: 300px) 100vw, 300px\" \/><\/span><\/p>\n<p class=\"s7\"><span class=\"s10\"><span class=\"bumpedFont15\">Los Mochis<\/span><\/span><span class=\"s10\"><span class=\"bumpedFont15\">, Ahome, Sinaloa<\/span><\/span><span class=\"s10\"><span class=\"bumpedFont15\">. A<\/span><\/span> <span class=\"s10\"><span class=\"bumpedFont15\">0<\/span><\/span><span class=\"s10\"><span class=\"bumpedFont15\">8<\/span><\/span><span class=\"s10\"><span class=\"bumpedFont15\"> de <\/span><\/span><span class=\"s10\"><span class=\"bumpedFont15\">Mayo<\/span><\/span> <span class=\"s10\"><span class=\"bumpedFont15\">de 202<\/span><\/span><span class=\"s10\"><span class=\"bumpedFont15\">6<\/span><\/span><span class=\"s10\"><span class=\"bumpedFont15\">.- <\/span><\/span><span class=\"s11\"><span class=\"bumpedFont15\">La coordinaci\u00f3n entre corporaciones de emergencia, instituciones de los tres \u00f3rdenes de gobierno y grupos voluntarios fue fundamental para atender el incendio registrado en la ciudad de Los Mochis, inform\u00f3 el <\/span><\/span><span class=\"s11\"><span class=\"bumpedFont15\">Teniente<\/span><\/span><span class=\"s11\"><span class=\"bumpedFont15\">Mario Cosme <\/span><\/span><span class=\"s11\"><span class=\"bumpedFont15\">Gallardo<\/span><\/span><span class=\"s11\"><span class=\"bumpedFont15\">, Coordinador Municipal de Protecci\u00f3n Civil.<\/span><\/span><\/p>\n<p class=\"s7\"><span class=\"s11\">\u00a0<\/span><\/p>\n<p class=\"s7\"><span class=\"s11\"><span class=\"bumpedFont15\">El funcionario municipal explic\u00f3 que en las labores de rescate, auxilio y atenci\u00f3n participaron alrededor de 470 elementos, quienes se distribuyeron en diferentes tareas para proteger la integridad de las personas, trasladar a lesionados y contener el fuego.<\/span><\/span><\/p>\n<p class=\"s7\"><span class=\"s11\">\u00a0<\/span><\/p>\n<p class=\"s7\"><span class=\"s11\"><span class=\"bumpedFont15\">Detall\u00f3 que el grupo de emergencias y ambulancias se encarg\u00f3 del traslado de personas lesionadas a los diferentes nosocomios, mientras que elementos de Bomberos<\/span><\/span><span class=\"s11\"><span class=\"bumpedFont15\">, tanto locales como<\/span><\/span><span class=\"s11\"><span class=\"bumpedFont15\"> de Culiac\u00e1n, Guasave, Juan Jos\u00e9 R\u00edos, El Fuerte, as\u00ed como del estado de Sonora, particularmente de Navojoa, apoyaron en las labores de extinci\u00f3n del incendio.<\/span><\/span><\/p>\n<p class=\"s7\" style=\"text-align: center\"><span class=\"s11\"> <img loading=\"lazy\" decoding=\"async\" class=\"alignnone size-medium wp-image-138855\" src=\"https:\/\/plataformanoticias.mx\/wp-content\/uploads\/2026\/05\/69ca42a0-cc66-41d1-8d97-23490b4bdf7a-300x200.jpeg\" alt=\"\" width=\"300\" height=\"200\" srcset=\"https:\/\/plataformanoticias.mx\/wp-content\/uploads\/2026\/05\/69ca42a0-cc66-41d1-8d97-23490b4bdf7a-300x200.jpeg 300w, https:\/\/plataformanoticias.mx\/wp-content\/uploads\/2026\/05\/69ca42a0-cc66-41d1-8d97-23490b4bdf7a-1024x683.jpeg 1024w, https:\/\/plataformanoticias.mx\/wp-content\/uploads\/2026\/05\/69ca42a0-cc66-41d1-8d97-23490b4bdf7a-768x512.jpeg 768w, https:\/\/plataformanoticias.mx\/wp-content\/uploads\/2026\/05\/69ca42a0-cc66-41d1-8d97-23490b4bdf7a-1536x1025.jpeg 1536w, https:\/\/plataformanoticias.mx\/wp-content\/uploads\/2026\/05\/69ca42a0-cc66-41d1-8d97-23490b4bdf7a-2048x1367.jpeg 2048w\" sizes=\"auto, (max-width: 300px) 100vw, 300px\" \/><\/span><\/p>\n<p class=\"s7\"><span class=\"s11\"><span class=\"bumpedFont15\">El Coordinador Municipal de Protecci\u00f3n Civil subray\u00f3 que la coordinaci\u00f3n fue clave para evitar que el fuego alcanzara otras zonas del inmueble.<\/span><\/span><\/p>\n<p class=\"s7\"><span class=\"s11\">\u00a0<\/span><\/p>\n<p class=\"s7\"><span class=\"s11\"><span class=\"bumpedFont15\">\u201cEso fue lo que nos ayud\u00f3 much\u00edsimo para evitar que el incendio se propagara a los dem\u00e1s departamentos de la plaza\u201d, expres\u00f3.<\/span><\/span><\/p>\n<p class=\"s7\"><span class=\"s11\">\u00a0<\/span><\/p>\n<p class=\"s7\"><span class=\"s11\"><span class=\"bumpedFont15\">Mario Cosme <\/span><\/span><span class=\"s11\"><span class=\"bumpedFont15\">Gallardo<\/span><\/span><span class=\"s11\"><span class=\"bumpedFont15\"> tambi\u00e9n inform\u00f3 sobre la presencia del Capit\u00e1n Sergio Monroy Dom\u00ednguez, enlace de la Coordinaci\u00f3n Nacional de Protecci\u00f3n Civil, <\/span><\/span><span class=\"s11\"><span class=\"bumpedFont15\">quien encabeza la misi\u00f3n ECO (Misi\u00f3n de Enlace y Coordinaci\u00f3n)<\/span><\/span><span class=\"s11\"><span class=\"bumpedFont15\">, <\/span><\/span><span class=\"s11\"><span class=\"bumpedFont15\">acudi\u00f3 por instrucciones de la <\/span><\/span><span class=\"s11\"><span class=\"bumpedFont15\">Presidenta<\/span><\/span><span class=\"s11\"><span class=\"bumpedFont15\"> de la Rep\u00fablica, Claudia Sheinbaum Pardo, para coordinar apoyos y dar seguimiento a las atenciones derivadas del incidente.<\/span><\/span><\/p>\n<p class=\"s7\"><span class=\"s11\"><span class=\"bumpedFont15\">\u201cEl Capit\u00e1n Monroy es el enlace por parte de la Coordinaci\u00f3n Nacional de Protecci\u00f3n Civil; se establece precisamente para coordinar los apoyos y las atenciones de todo lo que se va a manifestar en este incidente\u201d, puntualiz\u00f3.<\/span><\/span><\/p>\n<p><img loading=\"lazy\" decoding=\"async\" class=\"alignnone size-medium wp-image-138856 aligncenter\" src=\"https:\/\/plataformanoticias.mx\/wp-content\/uploads\/2026\/05\/d6429ff7-c61f-4e28-92ea-c1c0efce0b58-300x200.jpeg\" alt=\"\" width=\"300\" height=\"200\" srcset=\"https:\/\/plataformanoticias.mx\/wp-content\/uploads\/2026\/05\/d6429ff7-c61f-4e28-92ea-c1c0efce0b58-300x200.jpeg 300w, https:\/\/plataformanoticias.mx\/wp-content\/uploads\/2026\/05\/d6429ff7-c61f-4e28-92ea-c1c0efce0b58-1024x684.jpeg 1024w, https:\/\/plataformanoticias.mx\/wp-content\/uploads\/2026\/05\/d6429ff7-c61f-4e28-92ea-c1c0efce0b58-768x513.jpeg 768w, https:\/\/plataformanoticias.mx\/wp-content\/uploads\/2026\/05\/d6429ff7-c61f-4e28-92ea-c1c0efce0b58-1536x1025.jpeg 1536w, https:\/\/plataformanoticias.mx\/wp-content\/uploads\/2026\/05\/d6429ff7-c61f-4e28-92ea-c1c0efce0b58-2048x1367.jpeg 2048w\" sizes=\"auto, (max-width: 300px) 100vw, 300px\" \/><\/p>\n<p class=\"s7\"><span class=\"s11\">\u00a0<\/span><span class=\"s11\"><span class=\"bumpedFont15\">Asimismo, el <\/span><\/span><span class=\"s11\"><span class=\"bumpedFont15\">Teniente<\/span><\/span><span class=\"s11\"><span class=\"bumpedFont15\"> reconoci\u00f3 la entrega de los cuerpos de emergencia y grupos voluntarios que participaron en las labores de auxilio, muchos de ellos con riesgo para su propia integridad.<\/span><\/span><\/p>\n<p class=\"s7\"><span class=\"s11\">\u00a0<\/span>\u201cDarles las gracias por la buena disposici\u00f3n de todos los cuerpos de emergencia. Sin el apoyo y sin la presencia de los grupos de emergencia y grupos voluntarios, no hubiera sido posible realizar todo este tipo de acciones\u201d, manifest\u00f3.<\/p>\n<p class=\"s7\"><span class=\"s11\"><span class=\"bumpedFont15\">Finalmente, destac\u00f3 la solidaridad de la ciudadan\u00eda, que<\/span><\/span><span class=\"s11\"><span class=\"bumpedFont15\">, incluso<\/span><\/span><span class=\"s11\"><span class=\"bumpedFont15\"> durante la noche y la madrugada se acerc\u00f3 para apoyar con alimentos, agua, pilas y diversos insumos necesarios para sostener la operaci\u00f3n de respuesta.<\/span><\/span><\/p>\n","protected":false},"excerpt":{"rendered":"<p>El Teniente Mario Cosme Gallardo inform\u00f3 que participaron alrededor de 470 elementos de los tres \u00f3rdenes de gobierno, adem\u00e1s de cuerpos de emergencia y grupos voluntarios que se sumaron a la atenci\u00f3n del incidente\u2026 Los Mochis, Ahome, Sinaloa. A 08 de Mayo de 2026.- La coordinaci\u00f3n entre corporaciones de emergencia, instituciones de los tres \u00f3rdenes<\/p>\n","protected":false},"author":6,"featured_media":138857,"comment_status":"closed","ping_status":"closed","sticky":false,"template":"","format":"standard","meta":{"footnotes":""},"categories":[38],"tags":[],"class_list":["post-138852","post","type-post","status-publish","format-standard","has-post-thumbnail","hentry","category-locales"],"_links":{"self":[{"href":"https:\/\/plataformanoticias.mx\/index.php?rest_route=\/wp\/v2\/posts\/138852","targetHints":{"allow":["GET"]}}],"collection":[{"href":"https:\/\/plataformanoticias.mx\/index.php?rest_route=\/wp\/v2\/posts"}],"about":[{"href":"https:\/\/plataformanoticias.mx\/index.php?rest_route=\/wp\/v2\/types\/post"}],"author":[{"embeddable":true,"href":"https:\/\/plataformanoticias.mx\/index.php?rest_route=\/wp\/v2\/users\/6"}],"replies":[{"embeddable":true,"href":"https:\/\/plataformanoticias.mx\/index.php?rest_route=%2Fwp%2Fv2%2Fcomments&post=138852"}],"version-history":[{"count":1,"href":"https:\/\/plataformanoticias.mx\/index.php?rest_route=\/wp\/v2\/posts\/138852\/revisions"}],"predecessor-version":[{"id":138858,"href":"https:\/\/plataformanoticias.mx\/index.php?rest_route=\/wp\/v2\/posts\/138852\/revisions\/138858"}],"wp:featuredmedia":[{"embeddable":true,"href":"https:\/\/plataformanoticias.mx\/index.php?rest_route=\/wp\/v2\/media\/138857"}],"wp:attachment":[{"href":"https:\/\/plataformanoticias.mx\/index.php?rest_route=%2Fwp%2Fv2%2Fmedia&parent=138852"}],"wp:term":[{"taxonomy":"category","embeddable":true,"href":"https:\/\/plataformanoticias.mx\/index.php?rest_route=%2Fwp%2Fv2%2Fcategories&post=138852"},{"taxonomy":"post_tag","embeddable":true,"href":"https:\/\/plataformanoticias.mx\/index.php?rest_route=%2Fwp%2Fv2%2Ftags&post=138852"}],"curies":[{"name":"wp","href":"https:\/\/api.w.org\/{rel}","templated":true}]}}