{"id":139032,"date":"2026-05-14T14:56:50","date_gmt":"2026-05-14T21:56:50","guid":{"rendered":"https:\/\/plataformanoticias.mx\/?p=139032"},"modified":"2026-05-14T14:57:28","modified_gmt":"2026-05-14T21:57:28","slug":"encabeza-alcaldesa-evangelina-llanes-carreon-sesion-para-cierre-de-ejercicio-2025-y-propuesta-de-inversion-2026-del-ramo-33","status":"publish","type":"post","link":"https:\/\/plataformanoticias.mx\/?p=139032","title":{"rendered":"Encabeza alcaldesa Evangelina Llanes Carre\u00f3n sesi\u00f3n para cierre de ejercicio 2025 y propuesta de inversi\u00f3n 2026 del Ramo 33."},"content":{"rendered":"<p>&nbsp;<\/p>\n<p><strong>Juan Jos\u00e9 R\u00edos, Sinaloa.<\/strong>&#8211; Con el objetivo de dar transparencia al uso de recursos y planear las obras para el pr\u00f3ximo a\u00f1o, el H. Ayuntamiento realiz\u00f3 la sesi\u00f3n de Cierre Definitivo del Ejercicio 2025 y Presentaci\u00f3n de Propuesta de Inversi\u00f3n del Ejercicio 2026 del Fondo de Aportaciones para la Infraestructura Social Municipal, Ramo 33.<\/p>\n<p>La reuni\u00f3n fue encabezada por la alcaldesa y presidenta del Subcomit\u00e9 de Desarrollo, Evangelina Llanes Carre\u00f3n, quien dio el mensaje de bienvenida y dirigi\u00f3 los trabajos del orden del d\u00eda, destacando la importancia del trabajo coordinado con todas y todos los integrantes, fortaleciendo el bienestar integral e infraestructural de Juan Jos\u00e9 R\u00edos.<\/p>\n<p><img loading=\"lazy\" decoding=\"async\" class=\"alignnone size-medium wp-image-139035\" src=\"https:\/\/plataformanoticias.mx\/wp-content\/uploads\/2026\/05\/6a193194-e8c3-41d0-8606-51c16a5f52c1-300x200.jpeg\" alt=\"\" width=\"300\" height=\"200\" srcset=\"https:\/\/plataformanoticias.mx\/wp-content\/uploads\/2026\/05\/6a193194-e8c3-41d0-8606-51c16a5f52c1-300x200.jpeg 300w, https:\/\/plataformanoticias.mx\/wp-content\/uploads\/2026\/05\/6a193194-e8c3-41d0-8606-51c16a5f52c1-1024x684.jpeg 1024w, https:\/\/plataformanoticias.mx\/wp-content\/uploads\/2026\/05\/6a193194-e8c3-41d0-8606-51c16a5f52c1-768x513.jpeg 768w, https:\/\/plataformanoticias.mx\/wp-content\/uploads\/2026\/05\/6a193194-e8c3-41d0-8606-51c16a5f52c1-1536x1025.jpeg 1536w, https:\/\/plataformanoticias.mx\/wp-content\/uploads\/2026\/05\/6a193194-e8c3-41d0-8606-51c16a5f52c1.jpeg 1600w\" sizes=\"auto, (max-width: 300px) 100vw, 300px\" \/><\/p>\n<p>Durante la sesi\u00f3n, participaron la Arq. Gabriela Cervantes Castro, Directora General de Obras y Servicios P\u00fablicos, el Prof. Alfredo Magallanes Ovalles, Secretario del Ayuntamiento, tesorero municipal Miguel Martha Palafox y funcionarios p\u00fablicos, s\u00edndicos representantes del sector educativo, social, de c\u00e1maras y empresariales.<\/p>\n<p>En el encuentro se present\u00f3 el cierre definitivo del ejercicio fiscal 2025 y se puso a consideraci\u00f3n la propuesta de inversi\u00f3n 2026, enfocada en obras de infraestructura social b\u00e1sica que beneficien directamente a las comunidades y colonias con mayor rezago en el municipio.<\/p>\n<p>Llanes Carre\u00f3n reiter\u00f3 que los recursos del Ramo 33 se aplicar\u00e1n con total transparencia y priorizando las necesidades reales de la poblaci\u00f3n.<\/p>\n<p>Con estas acciones, el Gobierno Municipal refrenda su compromiso de planear, ejecutar y vigilar obras que mejoren la calidad de vida de las familias de Juan Jos\u00e9 R\u00edos.<\/p>\n","protected":false},"excerpt":{"rendered":"<p>&nbsp; Juan Jos\u00e9 R\u00edos, Sinaloa.&#8211; Con el objetivo de dar transparencia al uso de recursos y planear las obras para el pr\u00f3ximo a\u00f1o, el H. Ayuntamiento realiz\u00f3 la sesi\u00f3n de Cierre Definitivo del Ejercicio 2025 y Presentaci\u00f3n de Propuesta de Inversi\u00f3n del Ejercicio 2026 del Fondo de Aportaciones para la Infraestructura Social Municipal, Ramo 33.<\/p>\n","protected":false},"author":6,"featured_media":139036,"comment_status":"closed","ping_status":"closed","sticky":false,"template":"","format":"standard","meta":{"footnotes":""},"categories":[27],"tags":[],"class_list":["post-139032","post","type-post","status-publish","format-standard","has-post-thumbnail","hentry","category-norte"],"_links":{"self":[{"href":"https:\/\/plataformanoticias.mx\/index.php?rest_route=\/wp\/v2\/posts\/139032","targetHints":{"allow":["GET"]}}],"collection":[{"href":"https:\/\/plataformanoticias.mx\/index.php?rest_route=\/wp\/v2\/posts"}],"about":[{"href":"https:\/\/plataformanoticias.mx\/index.php?rest_route=\/wp\/v2\/types\/post"}],"author":[{"embeddable":true,"href":"https:\/\/plataformanoticias.mx\/index.php?rest_route=\/wp\/v2\/users\/6"}],"replies":[{"embeddable":true,"href":"https:\/\/plataformanoticias.mx\/index.php?rest_route=%2Fwp%2Fv2%2Fcomments&post=139032"}],"version-history":[{"count":2,"href":"https:\/\/plataformanoticias.mx\/index.php?rest_route=\/wp\/v2\/posts\/139032\/revisions"}],"predecessor-version":[{"id":139043,"href":"https:\/\/plataformanoticias.mx\/index.php?rest_route=\/wp\/v2\/posts\/139032\/revisions\/139043"}],"wp:featuredmedia":[{"embeddable":true,"href":"https:\/\/plataformanoticias.mx\/index.php?rest_route=\/wp\/v2\/media\/139036"}],"wp:attachment":[{"href":"https:\/\/plataformanoticias.mx\/index.php?rest_route=%2Fwp%2Fv2%2Fmedia&parent=139032"}],"wp:term":[{"taxonomy":"category","embeddable":true,"href":"https:\/\/plataformanoticias.mx\/index.php?rest_route=%2Fwp%2Fv2%2Fcategories&post=139032"},{"taxonomy":"post_tag","embeddable":true,"href":"https:\/\/plataformanoticias.mx\/index.php?rest_route=%2Fwp%2Fv2%2Ftags&post=139032"}],"curies":[{"name":"wp","href":"https:\/\/api.w.org\/{rel}","templated":true}]}}