{"id":139077,"date":"2026-05-15T10:02:37","date_gmt":"2026-05-15T17:02:37","guid":{"rendered":"https:\/\/plataformanoticias.mx\/?p=139077"},"modified":"2026-05-15T10:02:37","modified_gmt":"2026-05-15T17:02:37","slug":"presas-de-sinaloa-al-16-se-agudiza-la-crisis-hidrica","status":"publish","type":"post","link":"https:\/\/plataformanoticias.mx\/?p=139077","title":{"rendered":"Presas de Sinaloa al 16% : Se agudiza la crisis h\u00eddrica"},"content":{"rendered":"<p>&nbsp;<\/p>\n<p><strong>Los Mochis , Sinaloa<\/strong>.- Las 11 presas principales de Sinaloa amanecieron hoy viernes 15 de mayo de 2026 con apenas 16.0% de su capacidad, seg\u00fan el \u00faltimo reporte de la Comisi\u00f3n Nacional del Agua.<\/p>\n<p>Los datos clave<\/p>\n<p>&#8211; Almacenamiento total: 2,528.8 millones de m\u00b3 de 15,784.9 Mm\u00b3 posibles.<br \/>\n&#8211; D\u00e9ficit diario: Entran solo 0.2 Mm\u00b3 por escurrimientos, pero salen 5.6 Mm\u00b3 para riego y ciudades. Se pierden -5.4 Mm\u00b3 cada 24 horas.<br \/>\n&#8211; Comparativo: Hace un a\u00f1o ten\u00edan el doble de agua. Hace 3 meses hab\u00eda mil millones de m\u00b3 m\u00e1s.<\/p>\n<p>Las m\u00e1s cr\u00edticas<\/p>\n<p>1. Miguel Hidalgo y Costilla: 7.2%.<br \/>\n2. Adolfo L\u00f3pez Mateos: 9.9%.<br \/>\n3. Jos\u00e9 L\u00f3pez Portillo: 14.3%.<br \/>\n4. Sanalona: 20.1%.<\/p>\n<p>Panorama:<br \/>\nCumplen 3 a\u00f1os de sequ\u00eda acumulada. El 50% del estado tiene sequ\u00eda moderada y 5% ya est\u00e1 en nivel extremo. Con 0.0 Mm\u00b3 de aportaci\u00f3n diaria en la mayor\u00eda de presas, el sistema sobrevive solo de lo guardado en 2024.<\/p>\n<p>Riesgo inmediato: Si junio no trae lluvias, el nivel podr\u00eda caer al 6.0%, el m\u00ednimo hist\u00f3rico registrado el 19 de junio de 2025.<\/p>\n<p>Protecci\u00f3n Civil mantiene la esperanza: con un temporal normal, las presas llegar\u00edan al 70% al cierre de la temporada de lluvias 2026.<\/p>\n<p>Por ahora, 110 comunidades de 13 municipios dependen de pipas y se prev\u00e9 que entre 100 mil y 200 mil hect\u00e1reas no se siembren este a\u00f1o.<\/p>\n","protected":false},"excerpt":{"rendered":"<p>&nbsp; Los Mochis , Sinaloa.- Las 11 presas principales de Sinaloa amanecieron hoy viernes 15 de mayo de 2026 con apenas 16.0% de su capacidad, seg\u00fan el \u00faltimo reporte de la Comisi\u00f3n Nacional del Agua. Los datos clave &#8211; Almacenamiento total: 2,528.8 millones de m\u00b3 de 15,784.9 Mm\u00b3 posibles. &#8211; D\u00e9ficit diario: Entran solo 0.2<\/p>\n","protected":false},"author":6,"featured_media":139079,"comment_status":"closed","ping_status":"closed","sticky":false,"template":"","format":"standard","meta":{"footnotes":""},"categories":[38],"tags":[],"class_list":["post-139077","post","type-post","status-publish","format-standard","has-post-thumbnail","hentry","category-locales"],"_links":{"self":[{"href":"https:\/\/plataformanoticias.mx\/index.php?rest_route=\/wp\/v2\/posts\/139077","targetHints":{"allow":["GET"]}}],"collection":[{"href":"https:\/\/plataformanoticias.mx\/index.php?rest_route=\/wp\/v2\/posts"}],"about":[{"href":"https:\/\/plataformanoticias.mx\/index.php?rest_route=\/wp\/v2\/types\/post"}],"author":[{"embeddable":true,"href":"https:\/\/plataformanoticias.mx\/index.php?rest_route=\/wp\/v2\/users\/6"}],"replies":[{"embeddable":true,"href":"https:\/\/plataformanoticias.mx\/index.php?rest_route=%2Fwp%2Fv2%2Fcomments&post=139077"}],"version-history":[{"count":1,"href":"https:\/\/plataformanoticias.mx\/index.php?rest_route=\/wp\/v2\/posts\/139077\/revisions"}],"predecessor-version":[{"id":139080,"href":"https:\/\/plataformanoticias.mx\/index.php?rest_route=\/wp\/v2\/posts\/139077\/revisions\/139080"}],"wp:featuredmedia":[{"embeddable":true,"href":"https:\/\/plataformanoticias.mx\/index.php?rest_route=\/wp\/v2\/media\/139079"}],"wp:attachment":[{"href":"https:\/\/plataformanoticias.mx\/index.php?rest_route=%2Fwp%2Fv2%2Fmedia&parent=139077"}],"wp:term":[{"taxonomy":"category","embeddable":true,"href":"https:\/\/plataformanoticias.mx\/index.php?rest_route=%2Fwp%2Fv2%2Fcategories&post=139077"},{"taxonomy":"post_tag","embeddable":true,"href":"https:\/\/plataformanoticias.mx\/index.php?rest_route=%2Fwp%2Fv2%2Ftags&post=139077"}],"curies":[{"name":"wp","href":"https:\/\/api.w.org\/{rel}","templated":true}]}}