{"id":139087,"date":"2026-05-15T10:18:08","date_gmt":"2026-05-15T17:18:08","guid":{"rendered":"https:\/\/plataformanoticias.mx\/?p=139087"},"modified":"2026-05-15T10:18:08","modified_gmt":"2026-05-15T17:18:08","slug":"los-maestros-de-ahome-son-ejemplo-de-vocacion-y-humanismo-mis-respetos-para-ustedes-antonio-menendez","status":"publish","type":"post","link":"https:\/\/plataformanoticias.mx\/?p=139087","title":{"rendered":"\u201cLos maestros de Ahome son ejemplo de vocaci\u00f3n y humanismo; mis respetos para ustedes\u201d: Antonio Men\u00e9ndez."},"content":{"rendered":"<p class=\"s6\">\n<p class=\"s6\"><span class=\"s5\">\u00a0<\/span><\/p>\n<p class=\"s6\"><span class=\"s7\">*E<\/span><span class=\"s7\">l Presidente Municipal acompa\u00f1\u00f3 al magisterio en la c<\/span><span class=\"s7\">e<\/span><span class=\"s7\">remonia c<\/span><span class=\"s7\">\u00ed<\/span><span class=\"s7\">vica y <\/span><span class=\"s7\">en <\/span><span class=\"s7\">la entrega de medallas y reconocimientos a <\/span><span class=\"s7\">las maestras y maestros del Municipio de Ahome en su d\u00eda por sus a\u00f1os de servicio\u2026<\/span><\/p>\n<p class=\"s6\" style=\"text-align: center\"><span class=\"s7\"><img loading=\"lazy\" decoding=\"async\" class=\"alignnone size-medium wp-image-139089\" src=\"https:\/\/plataformanoticias.mx\/wp-content\/uploads\/2026\/05\/c1bdadee-4ab0-4c79-a2ad-12b69aee1237-200x300.jpeg\" alt=\"\" width=\"200\" height=\"300\" srcset=\"https:\/\/plataformanoticias.mx\/wp-content\/uploads\/2026\/05\/c1bdadee-4ab0-4c79-a2ad-12b69aee1237-200x300.jpeg 200w, https:\/\/plataformanoticias.mx\/wp-content\/uploads\/2026\/05\/c1bdadee-4ab0-4c79-a2ad-12b69aee1237-683x1024.jpeg 683w, https:\/\/plataformanoticias.mx\/wp-content\/uploads\/2026\/05\/c1bdadee-4ab0-4c79-a2ad-12b69aee1237-768x1151.jpeg 768w, https:\/\/plataformanoticias.mx\/wp-content\/uploads\/2026\/05\/c1bdadee-4ab0-4c79-a2ad-12b69aee1237.jpeg 854w\" sizes=\"auto, (max-width: 200px) 100vw, 200px\" \/>\u00a0<\/span><\/p>\n<p class=\"s10\"><strong><span class=\"s8\"><span class=\"bumpedFont15\">Los Mochis, <\/span><\/span><span class=\"s8\"><span class=\"bumpedFont15\">Ahome, <\/span><\/span><span class=\"s8\"><span class=\"bumpedFont15\">Sinaloa<\/span><\/span><span class=\"s8\"><span class=\"bumpedFont15\">.- <\/span><\/span><\/strong><span class=\"s9\"><span class=\"bumpedFont15\"><strong>L<\/strong>os <\/span><\/span><span class=\"s9\"><span class=\"bumpedFont15\">maestros de Ahome son ejemplo de perseverancia y compromiso social para construir una sociedad m\u00e1s justa, expres\u00f3 el Alcalde Antonio Men\u00e9ndez De Llano Berm\u00fadez, durante la ceremonia c\u00edvica por el D\u00eda del Maestro.<\/span><\/span><\/p>\n<p class=\"s10\"><span class=\"s9\"><span class=\"bumpedFont15\">\u201cMi r<\/span><\/span><span class=\"s9\"><span class=\"bumpedFont15\">espeto y profundo recon<\/span><\/span><span class=\"s9\"><span class=\"bumpedFont15\">ocimiento por la ense\u00f1anza, compromiso <\/span><\/span><span class=\"s9\"><span class=\"bumpedFont15\">d<\/span><\/span><span class=\"s9\"><span class=\"bumpedFont15\">e<\/span><\/span><span class=\"s9\"><span class=\"bumpedFont15\"> vida<\/span><\/span><span class=\"s9\"><span class=\"bumpedFont15\"> y vocaci\u00f3n<\/span><\/span><span class=\"s9\"><span class=\"bumpedFont15\"> por <\/span><\/span><span class=\"s9\"><span class=\"bumpedFont15\">la <\/span><\/span><span class=\"s9\"><span class=\"bumpedFont15\">comunidad<\/span><\/span><span class=\"s9\"><span class=\"bumpedFont15\">, porque <\/span><\/span><span class=\"s9\"><span class=\"bumpedFont15\">construyen el pres<\/span><\/span><span class=\"s9\"><span class=\"bumpedFont15\">e<\/span><\/span><span class=\"s9\"><span class=\"bumpedFont15\">nte <\/span><\/span><span class=\"s9\"><span class=\"bumpedFont15\">y futuro <\/span><\/span><span class=\"s9\"><span class=\"bumpedFont15\">de Ahom<\/span><\/span><span class=\"s9\"><span class=\"bumpedFont15\">e<\/span><\/span><span class=\"s9\"><span class=\"bumpedFont15\">, Sinaloa y <\/span><\/span><span class=\"s9\"><span class=\"bumpedFont15\">M\u00e9xico. Son ustedes el mejor ejemplo de una de <\/span><\/span><span class=\"s9\"><span class=\"bumpedFont15\">las prof<\/span><\/span><span class=\"s9\"><span class=\"bumpedFont15\">e<\/span><\/span><span class=\"s9\"><span class=\"bumpedFont15\">s<\/span><\/span><span class=\"s9\"><span class=\"bumpedFont15\">i<\/span><\/span><span class=\"s9\"><span class=\"bumpedFont15\">on<\/span><\/span><span class=\"s9\"><span class=\"bumpedFont15\">e<\/span><\/span><span class=\"s9\"><span class=\"bumpedFont15\">s m<\/span><\/span><span class=\"s9\"><span class=\"bumpedFont15\">\u00e1<\/span><\/span><span class=\"s9\"><span class=\"bumpedFont15\">s noble y trascen<\/span><\/span><span class=\"s9\"><span class=\"bumpedFont15\">dentes\u201d, manifest\u00f3.<\/span><\/span><\/p>\n<p class=\"s10\"><span class=\"s9\"><span class=\"bumpedFont15\">Subray\u00f3 que el hecho de f<\/span><\/span><span class=\"s9\"><span class=\"bumpedFont15\">ormar<\/span><\/span> <span class=\"s9\"><span class=\"bumpedFont15\">seres hum<\/span><\/span><span class=\"s9\"><span class=\"bumpedFont15\">anos<\/span><\/span><span class=\"s9\"><span class=\"bumpedFont15\"> de<\/span><\/span><span class=\"s9\"><span class=\"bumpedFont15\"> respeto, con valores <\/span><\/span><span class=\"s9\"><span class=\"bumpedFont15\">e inter\u00e9s <\/span><\/span><span class=\"s9\"><span class=\"bumpedFont15\">por servir a los dem\u00e1s, es ejemplar y se debe reconocer y apreciar.<\/span><\/span><\/p>\n<p class=\"s10\"><span class=\"s9\"><span class=\"bumpedFont15\">\u201cMi e<\/span><\/span><span class=\"s9\"><span class=\"bumpedFont15\">mpat<\/span><\/span><span class=\"s9\"><span class=\"bumpedFont15\">\u00ed<\/span><\/span><span class=\"s9\"><span class=\"bumpedFont15\">a <\/span><\/span><span class=\"s9\"><span class=\"bumpedFont15\">y <\/span><\/span><span class=\"s9\"><span class=\"bumpedFont15\">so<\/span><\/span><span class=\"s9\"><span class=\"bumpedFont15\">l<\/span><\/span><span class=\"s9\"><span class=\"bumpedFont15\">id<\/span><\/span><span class=\"s9\"><span class=\"bumpedFont15\">aridad con ustedes por su <\/span><\/span><span class=\"s9\"><span class=\"bumpedFont15\">disci<\/span><\/span><span class=\"s9\"><span class=\"bumpedFont15\">p<\/span><\/span><span class=\"s9\"><span class=\"bumpedFont15\">lina<\/span><\/span><span class=\"s9\"><span class=\"bumpedFont15\">, <\/span><\/span><span class=\"s9\"><span class=\"bumpedFont15\">h<\/span><\/span><span class=\"s9\"><span class=\"bumpedFont15\">onestidad <\/span><\/span><span class=\"s9\"><span class=\"bumpedFont15\">y<\/span><\/span><span class=\"s9\"><span class=\"bumpedFont15\"> p<\/span><\/span><span class=\"s9\"><span class=\"bumpedFont15\">or <\/span><\/span><span class=\"s9\"><span class=\"bumpedFont15\">e<\/span><\/span><span class=\"s9\"><span class=\"bumpedFont15\">l <\/span><\/span><span class=\"s9\"><span class=\"bumpedFont15\">valioso <\/span><\/span><span class=\"s9\"><span class=\"bumpedFont15\">servi<\/span><\/span><span class=\"s9\"><span class=\"bumpedFont15\">cio a la sociedad\u201d, remarc\u00f3.<\/span><\/span><\/p>\n<p class=\"s10\"><span class=\"s9\"><span class=\"bumpedFont15\">A nombre de la comunidad magisterial, particip\u00f3 la coordinadora del <\/span><\/span><span class=\"s9\"><span class=\"bumpedFont15\">Sindicato Independiente de Trabajadores de la Educaci\u00f3n de M\u00e9xico<\/span><\/span><span class=\"s9\"><span class=\"bumpedFont15\"> (<\/span><\/span><span class=\"s9\"><span class=\"bumpedFont15\">SITEM<\/span><\/span><span class=\"s9\"><span class=\"bumpedFont15\">), <\/span><\/span><span class=\"s9\"><span class=\"bumpedFont15\">Gabriel<\/span><\/span><span class=\"s9\"><span class=\"bumpedFont15\">a<\/span><\/span><span class=\"s9\"><span class=\"bumpedFont15\"> G<\/span><\/span><span class=\"s9\"><span class=\"bumpedFont15\">uti\u00e9rrez <\/span><\/span><span class=\"s9\"><span class=\"bumpedFont15\">Godoy<\/span><\/span><span class=\"s9\"><span class=\"bumpedFont15\">, quien exalt\u00f3 el trabajo de las y los maestros de Ahome, y agradeci\u00f3 el respaldo de la autoridad municipal que encabeza Antonio Men\u00e9ndez De Llano, por ser un buen aliado con ellos y la educaci\u00f3n de Ahome.<\/span><\/span><\/p>\n<p class=\"s10\"><span class=\"s9\"><span class=\"bumpedFont15\">La ceremonia c\u00edvica se realiz\u00f3 en el Monumento al Maestro sobre el bulevar Rosendo G. Castro, donde se mont\u00f3 guardia de honor y ofrenda floral<\/span><\/span><span class=\"s9\"><span class=\"bumpedFont15\">, con la participaci\u00f3n de mandos militares y educativos, engalanados por la Escolta y Banda de Guerra de la Secretar\u00eda de Seguridad y Protecci\u00f3n Ciudadana de Ahome<\/span><\/span><span class=\"s9\"><span class=\"bumpedFont15\">.<\/span><\/span><\/p>\n","protected":false},"excerpt":{"rendered":"<p>\u00a0 *El Presidente Municipal acompa\u00f1\u00f3 al magisterio en la ceremonia c\u00edvica y en la entrega de medallas y reconocimientos a las maestras y maestros del Municipio de Ahome en su d\u00eda por sus a\u00f1os de servicio\u2026 \u00a0 Los Mochis, Ahome, Sinaloa.- Los maestros de Ahome son ejemplo de perseverancia y compromiso social para construir una<\/p>\n","protected":false},"author":6,"featured_media":139090,"comment_status":"closed","ping_status":"closed","sticky":false,"template":"","format":"standard","meta":{"footnotes":""},"categories":[38],"tags":[],"class_list":["post-139087","post","type-post","status-publish","format-standard","has-post-thumbnail","hentry","category-locales"],"_links":{"self":[{"href":"https:\/\/plataformanoticias.mx\/index.php?rest_route=\/wp\/v2\/posts\/139087","targetHints":{"allow":["GET"]}}],"collection":[{"href":"https:\/\/plataformanoticias.mx\/index.php?rest_route=\/wp\/v2\/posts"}],"about":[{"href":"https:\/\/plataformanoticias.mx\/index.php?rest_route=\/wp\/v2\/types\/post"}],"author":[{"embeddable":true,"href":"https:\/\/plataformanoticias.mx\/index.php?rest_route=\/wp\/v2\/users\/6"}],"replies":[{"embeddable":true,"href":"https:\/\/plataformanoticias.mx\/index.php?rest_route=%2Fwp%2Fv2%2Fcomments&post=139087"}],"version-history":[{"count":1,"href":"https:\/\/plataformanoticias.mx\/index.php?rest_route=\/wp\/v2\/posts\/139087\/revisions"}],"predecessor-version":[{"id":139091,"href":"https:\/\/plataformanoticias.mx\/index.php?rest_route=\/wp\/v2\/posts\/139087\/revisions\/139091"}],"wp:featuredmedia":[{"embeddable":true,"href":"https:\/\/plataformanoticias.mx\/index.php?rest_route=\/wp\/v2\/media\/139090"}],"wp:attachment":[{"href":"https:\/\/plataformanoticias.mx\/index.php?rest_route=%2Fwp%2Fv2%2Fmedia&parent=139087"}],"wp:term":[{"taxonomy":"category","embeddable":true,"href":"https:\/\/plataformanoticias.mx\/index.php?rest_route=%2Fwp%2Fv2%2Fcategories&post=139087"},{"taxonomy":"post_tag","embeddable":true,"href":"https:\/\/plataformanoticias.mx\/index.php?rest_route=%2Fwp%2Fv2%2Ftags&post=139087"}],"curies":[{"name":"wp","href":"https:\/\/api.w.org\/{rel}","templated":true}]}}