{"id":139093,"date":"2026-05-15T11:42:21","date_gmt":"2026-05-15T18:42:21","guid":{"rendered":"https:\/\/plataformanoticias.mx\/?p=139093"},"modified":"2026-05-15T11:42:28","modified_gmt":"2026-05-15T18:42:28","slug":"reconocen-en-ahome-a-60-docentes-con-la-medalla-al-merito-educativo-profesor-rafael-ramirez","status":"publish","type":"post","link":"https:\/\/plataformanoticias.mx\/?p=139093","title":{"rendered":"Reconocen en Ahome a 60 docentes con la Medalla al M\u00e9rito Educativo \u201cProfesor Rafael Ram\u00edrez\u201d"},"content":{"rendered":"<p class=\"s7\"><span class=\"s8\">En representaci\u00f3n del <\/span><span class=\"s8\">Presidente<\/span><span class=\"s8\"> Municipal Antonio Men\u00e9ndez De Llano Berm\u00fadez, la regidora Mar\u00eda Esther Robles Soto destac\u00f3 la entrega, vocaci\u00f3n y legado de maestras y maestros con 30 a\u00f1os de servicio en la educaci\u00f3n p\u00fablica\u2026<\/span><span class=\"s8\">\u2026<\/span><\/p>\n<p class=\"s7\" style=\"text-align: center\"><span class=\"s8\"> <img loading=\"lazy\" decoding=\"async\" class=\"alignnone size-medium wp-image-139095\" src=\"https:\/\/plataformanoticias.mx\/wp-content\/uploads\/2026\/05\/d93bc91d-98b4-4275-b895-a1c4f8bbb246-300x200.jpeg\" alt=\"\" width=\"300\" height=\"200\" srcset=\"https:\/\/plataformanoticias.mx\/wp-content\/uploads\/2026\/05\/d93bc91d-98b4-4275-b895-a1c4f8bbb246-300x200.jpeg 300w, https:\/\/plataformanoticias.mx\/wp-content\/uploads\/2026\/05\/d93bc91d-98b4-4275-b895-a1c4f8bbb246-1024x683.jpeg 1024w, https:\/\/plataformanoticias.mx\/wp-content\/uploads\/2026\/05\/d93bc91d-98b4-4275-b895-a1c4f8bbb246-768x512.jpeg 768w, https:\/\/plataformanoticias.mx\/wp-content\/uploads\/2026\/05\/d93bc91d-98b4-4275-b895-a1c4f8bbb246-1536x1025.jpeg 1536w, https:\/\/plataformanoticias.mx\/wp-content\/uploads\/2026\/05\/d93bc91d-98b4-4275-b895-a1c4f8bbb246-2048x1367.jpeg 2048w\" sizes=\"auto, (max-width: 300px) 100vw, 300px\" \/><\/span><\/p>\n<p class=\"s7\"><strong><span class=\"s10\"><span class=\"bumpedFont15\">Los Mochis<\/span><\/span><span class=\"s10\"><span class=\"bumpedFont15\">, Ahome, Sinaloa<\/span><\/span><\/strong><span class=\"s10\"><span class=\"bumpedFont15\">&#8211; <\/span><\/span><span class=\"s11\"><span class=\"bumpedFont15\">En reconocimiento a una vida de entrega, vocaci\u00f3n y compromiso con la formaci\u00f3n de generaciones, el Gobierno Municipal de Ahome particip\u00f3 en la ceremonia de entrega de la Medalla al M\u00e9rito Educativo \u201cProfesor Rafael Ram\u00edrez\u201d, donde fueron homenajeados 60 docentes por sus 30 a\u00f1os de servicio perseverante y distinguido en la educaci\u00f3n p\u00fablica.<\/span><\/span><\/p>\n<p class=\"s7\"><span class=\"s11\"><span class=\"bumpedFont15\">En representaci\u00f3n del <\/span><\/span><span class=\"s11\"><span class=\"bumpedFont15\">Presidente<\/span><\/span><span class=\"s11\"><span class=\"bumpedFont15\"> Municipal Antonio Men\u00e9ndez <\/span><\/span><span class=\"s11\"><span class=\"bumpedFont15\">d<\/span><\/span><span class=\"s11\"><span class=\"bumpedFont15\">e Llano Berm\u00fadez, acudi\u00f3 la <\/span><\/span><span class=\"s11\"><span class=\"bumpedFont15\">maestra <\/span><\/span><span class=\"s11\"><span class=\"bumpedFont15\">Mar\u00eda Esther Robles Soto, regidora y presidenta de la Comisi\u00f3n de Educaci\u00f3n del Municipio de Ahome, quien expres\u00f3 el saludo y reconocimiento del <\/span><\/span><span class=\"s11\"><span class=\"bumpedFont15\">A<\/span><\/span><span class=\"s11\"><span class=\"bumpedFont15\">lcalde<\/span><\/span><span class=\"s11\"><span class=\"bumpedFont15\"> a <\/span><\/span><span class=\"s11\"><span class=\"bumpedFont15\">los <\/span><\/span><span class=\"s11\"><span class=\"bumpedFont15\">maestros galardonados.<\/span><\/span><\/p>\n<p class=\"s7\"><span class=\"s11\"><span class=\"bumpedFont15\">Durante el evento tambi\u00e9n estuvieron presentes Silvia Evelin Ward Bringas, <\/span><\/span><span class=\"s11\"><span class=\"bumpedFont15\">S<\/span><\/span><span class=\"s11\"><span class=\"bumpedFont15\">ubsecretaria de Educaci\u00f3n B\u00e1sica en Sinaloa, quien acudi\u00f3 en representaci\u00f3n de la Gobernadora del Estado de Sinaloa, Yeraldine Bonilla Valverde; Jos\u00e9 Cruz Mac\u00edas Due\u00f1as, <\/span><\/span><span class=\"s11\"><span class=\"bumpedFont15\">Jefe<\/span><\/span><span class=\"s11\"><span class=\"bumpedFont15\"> de Servicios Regionales de la <\/span><\/span><span class=\"s11\"><span class=\"bumpedFont15\">SEPyC<\/span><\/span><span class=\"s11\"><span class=\"bumpedFont15\">en Ahome; Kiabeth Medell\u00edn Lara, <\/span><\/span><span class=\"s11\"><span class=\"bumpedFont15\">Directora<\/span><\/span><span class=\"s11\"><span class=\"bumpedFont15\"> de Educaci\u00f3n; Mar\u00eda Teresa Flores Heredia, <\/span><\/span><span class=\"s11\"><span class=\"bumpedFont15\">Directora<\/span><\/span><span class=\"s11\"><span class=\"bumpedFont15\"> del Instituto Municipal de Arte y Cultura (IMAC), entre otros invitados especiales.<\/span><\/span><\/p>\n<p class=\"s7\"><span class=\"s11\"><span class=\"bumpedFont15\">Durante su mensaje, Robles Soto destac\u00f3 que dicho reconocimiento honra no s\u00f3lo los a\u00f1os de servicio, sino toda una vida dedicada a la ense\u00f1anza, al recordar que el legado del profesor Rafael Ram\u00edrez sigue vigente en cada docente que trabaja con compromiso, sensibilidad y responsabilidad en las aulas.<\/span><\/span><\/p>\n<p class=\"s7\"><span class=\"s11\"><span class=\"bumpedFont15\">\u201cHoy en Ahome reconocemos a 60 docentes que han dedicado 30 a\u00f1os de servicio perseverante y distinguido a la educaci\u00f3n p\u00fablica; 46 maestras y maestros federales y 14 maestras y maestros estatales, de distintos niveles educativos\u201d, expres\u00f3.<\/span><\/span><\/p>\n<p class=\"s7\"><span class=\"s11\"><span class=\"bumpedFont15\">La regidora se\u00f1al\u00f3 que los homenajeados representan \u00e1reas como educaci\u00f3n f\u00edsica, educaci\u00f3n especial, educaci\u00f3n ind\u00edgena, preescolar, primaria, secundaria y telesecundaria, por lo que su labor ha dejado huella en innumerables estudiantes y comunidades.<\/span><\/span><\/p>\n<p class=\"s7\"><span class=\"s11\"><span class=\"bumpedFont15\">Subray\u00f3 que tres d\u00e9cadas de servicio significan miles de clases impartidas, reuniones escolares, horas de preparaci\u00f3n, sacrificios personales y retos superados, pero sobre todo una vocaci\u00f3n sostenida con amor y responsabilidad.<\/span><\/span><\/p>\n<p class=\"s7\"><span class=\"s11\"><span class=\"bumpedFont15\">\u201cEducar no es una tarea sencilla. Ser maestro implica tener paciencia en los momentos dif\u00edciles, sensibilidad para comprender a los alumnos y firmeza para guiarlos por el camino correcto\u201d, manifest\u00f3.<\/span><\/span><\/p>\n<p class=\"s7\"><span class=\"s11\"><span class=\"bumpedFont15\">Finalmente, reiter\u00f3 que en Ahome se cree en la educaci\u00f3n como el motor m\u00e1s importante para el desarrollo social, por lo que se continuar\u00e1 el trabajo de la mano del sector educativo para fortalecer acciones que dignifiquen la labor docente.<\/span><\/span><\/p>\n","protected":false},"excerpt":{"rendered":"<p>En representaci\u00f3n del Presidente Municipal Antonio Men\u00e9ndez De Llano Berm\u00fadez, la regidora Mar\u00eda Esther Robles Soto destac\u00f3 la entrega, vocaci\u00f3n y legado de maestras y maestros con 30 a\u00f1os de servicio en la educaci\u00f3n p\u00fablica\u2026\u2026 Los Mochis, Ahome, Sinaloa&#8211; En reconocimiento a una vida de entrega, vocaci\u00f3n y compromiso con la formaci\u00f3n de generaciones, el<\/p>\n","protected":false},"author":6,"featured_media":139096,"comment_status":"closed","ping_status":"closed","sticky":false,"template":"","format":"standard","meta":{"footnotes":""},"categories":[38],"tags":[],"class_list":["post-139093","post","type-post","status-publish","format-standard","has-post-thumbnail","hentry","category-locales"],"_links":{"self":[{"href":"https:\/\/plataformanoticias.mx\/index.php?rest_route=\/wp\/v2\/posts\/139093","targetHints":{"allow":["GET"]}}],"collection":[{"href":"https:\/\/plataformanoticias.mx\/index.php?rest_route=\/wp\/v2\/posts"}],"about":[{"href":"https:\/\/plataformanoticias.mx\/index.php?rest_route=\/wp\/v2\/types\/post"}],"author":[{"embeddable":true,"href":"https:\/\/plataformanoticias.mx\/index.php?rest_route=\/wp\/v2\/users\/6"}],"replies":[{"embeddable":true,"href":"https:\/\/plataformanoticias.mx\/index.php?rest_route=%2Fwp%2Fv2%2Fcomments&post=139093"}],"version-history":[{"count":1,"href":"https:\/\/plataformanoticias.mx\/index.php?rest_route=\/wp\/v2\/posts\/139093\/revisions"}],"predecessor-version":[{"id":139097,"href":"https:\/\/plataformanoticias.mx\/index.php?rest_route=\/wp\/v2\/posts\/139093\/revisions\/139097"}],"wp:featuredmedia":[{"embeddable":true,"href":"https:\/\/plataformanoticias.mx\/index.php?rest_route=\/wp\/v2\/media\/139096"}],"wp:attachment":[{"href":"https:\/\/plataformanoticias.mx\/index.php?rest_route=%2Fwp%2Fv2%2Fmedia&parent=139093"}],"wp:term":[{"taxonomy":"category","embeddable":true,"href":"https:\/\/plataformanoticias.mx\/index.php?rest_route=%2Fwp%2Fv2%2Fcategories&post=139093"},{"taxonomy":"post_tag","embeddable":true,"href":"https:\/\/plataformanoticias.mx\/index.php?rest_route=%2Fwp%2Fv2%2Ftags&post=139093"}],"curies":[{"name":"wp","href":"https:\/\/api.w.org\/{rel}","templated":true}]}}