{"id":139098,"date":"2026-05-15T14:23:24","date_gmt":"2026-05-15T21:23:24","guid":{"rendered":"https:\/\/plataformanoticias.mx\/?p=139098"},"modified":"2026-05-15T14:23:24","modified_gmt":"2026-05-15T21:23:24","slug":"merida-sanchez-se-declara-no-culpable-en-estados-unidos","status":"publish","type":"post","link":"https:\/\/plataformanoticias.mx\/?p=139098","title":{"rendered":"M\u00e9rida S\u00e1nchez se declara NO culpable en Estados Unidos"},"content":{"rendered":"<p>El general en retiro Gerardo M\u00e9rida S\u00e1nchez se declar\u00f3 NO culpable ante la Corte Federal de Brooklyn, Nueva York, donde enfrenta se\u00f1alamientos por presuntos v\u00ednculos con el grupo de \u201cLos Chapitos\u201d, facci\u00f3n del C\u00e1rtel de Sinaloa.<\/p>\n<p>El ex secretario de Seguridad P\u00fablica de Sinaloa compareci\u00f3 ante autoridades estadounidenses tras ser detenido en Arizona y trasladado a Nueva York para el inicio del proceso judicial en su contra.<\/p>\n<p>De acuerdo con la acusaci\u00f3n, las autoridades de Estados Unidos lo investigan por supuestamente brindar protecci\u00f3n y colaboraci\u00f3n a integrantes del grupo criminal encabezado por los hijos de Joaqu\u00edn \u201cEl Chapo\u201d Guzm\u00e1n.<\/p>\n<p>Durante la audiencia inicial en la corte de Brooklyn, M\u00e9rida rechaz\u00f3 los cargos formulados por la fiscal\u00eda y su defensa solicit\u00f3 continuar el proceso conforme al debido procedimiento legal.<\/p>\n<p>El caso ha generado fuerte impacto pol\u00edtico y de seguridad en Sinaloa, debido a que Gerardo M\u00e9rida ocup\u00f3 la titularidad de la Secretar\u00eda de Seguridad estatal durante el gobierno de Rub\u00e9n Rocha Moya.<\/p>\n","protected":false},"excerpt":{"rendered":"<p>El general en retiro Gerardo M\u00e9rida S\u00e1nchez se declar\u00f3 NO culpable ante la Corte Federal de Brooklyn, Nueva York, donde enfrenta se\u00f1alamientos por presuntos v\u00ednculos con el grupo de \u201cLos Chapitos\u201d, facci\u00f3n del C\u00e1rtel de Sinaloa. El ex secretario de Seguridad P\u00fablica de Sinaloa compareci\u00f3 ante autoridades estadounidenses tras ser detenido en Arizona y trasladado<\/p>\n","protected":false},"author":6,"featured_media":139100,"comment_status":"closed","ping_status":"closed","sticky":false,"template":"","format":"standard","meta":{"footnotes":""},"categories":[31],"tags":[],"class_list":["post-139098","post","type-post","status-publish","format-standard","has-post-thumbnail","hentry","category-politica"],"_links":{"self":[{"href":"https:\/\/plataformanoticias.mx\/index.php?rest_route=\/wp\/v2\/posts\/139098","targetHints":{"allow":["GET"]}}],"collection":[{"href":"https:\/\/plataformanoticias.mx\/index.php?rest_route=\/wp\/v2\/posts"}],"about":[{"href":"https:\/\/plataformanoticias.mx\/index.php?rest_route=\/wp\/v2\/types\/post"}],"author":[{"embeddable":true,"href":"https:\/\/plataformanoticias.mx\/index.php?rest_route=\/wp\/v2\/users\/6"}],"replies":[{"embeddable":true,"href":"https:\/\/plataformanoticias.mx\/index.php?rest_route=%2Fwp%2Fv2%2Fcomments&post=139098"}],"version-history":[{"count":1,"href":"https:\/\/plataformanoticias.mx\/index.php?rest_route=\/wp\/v2\/posts\/139098\/revisions"}],"predecessor-version":[{"id":139101,"href":"https:\/\/plataformanoticias.mx\/index.php?rest_route=\/wp\/v2\/posts\/139098\/revisions\/139101"}],"wp:featuredmedia":[{"embeddable":true,"href":"https:\/\/plataformanoticias.mx\/index.php?rest_route=\/wp\/v2\/media\/139100"}],"wp:attachment":[{"href":"https:\/\/plataformanoticias.mx\/index.php?rest_route=%2Fwp%2Fv2%2Fmedia&parent=139098"}],"wp:term":[{"taxonomy":"category","embeddable":true,"href":"https:\/\/plataformanoticias.mx\/index.php?rest_route=%2Fwp%2Fv2%2Fcategories&post=139098"},{"taxonomy":"post_tag","embeddable":true,"href":"https:\/\/plataformanoticias.mx\/index.php?rest_route=%2Fwp%2Fv2%2Ftags&post=139098"}],"curies":[{"name":"wp","href":"https:\/\/api.w.org\/{rel}","templated":true}]}}