{"id":139112,"date":"2026-05-15T14:41:02","date_gmt":"2026-05-15T21:41:02","guid":{"rendered":"https:\/\/plataformanoticias.mx\/?p=139112"},"modified":"2026-05-15T14:44:11","modified_gmt":"2026-05-15T21:44:11","slug":"realizaran-censo-en-villa-juarez-navolato-para-brindar-apoyos-a-la-poblacion-gobernadora-yeraldine","status":"publish","type":"post","link":"https:\/\/plataformanoticias.mx\/?p=139112","title":{"rendered":"Realizar\u00e1n censo en Villa Ju\u00e1rez, Navolato, para brindar apoyos a la poblaci\u00f3n: Gobernadora Yeraldine"},"content":{"rendered":"<p>La Secretar\u00eda de Gobernaci\u00f3n y el Gobierno de Sinaloa encuestar\u00e1n a ciudadanos sobre temas de salud, vivienda, educaci\u00f3n, apoyos sociales y m\u00e1s.<\/p>\n<p>&nbsp;<\/p>\n<p><strong>Culiac\u00e1n, Sinaloa.-<\/strong> A partir del pr\u00f3ximo lunes 18 de mayo se iniciar\u00e1 un censo en la sindicatura de Villa Ju\u00e1rez, en el municipio de Navolato, para detectar las necesidades de la poblaci\u00f3n y atenderlas de inmediato, en materia de salud, vivienda, educaci\u00f3n, apoyos sociales, seguridad p\u00fablica y otros temas.<\/p>\n<p>La gobernadora de Sinaloa, Yeraldine Bonilla Valverde, dio a conocer que este censo lo realiza la Secretar\u00eda de Gobernaci\u00f3n del gobierno federal, en equipo con el Gobierno de Sinaloa.<\/p>\n<p>\u201cEl pr\u00f3ximo lunes inicia en Villa Ju\u00e1rez un censo por parte de la Secretar\u00eda de Gobernaci\u00f3n, sobre temas de salud, vivienda y apoyos sociales del gobierno federal. Se entrevistar\u00e1 a los ciudadanos para conocer m\u00e1s sus necesidades\u201d, detall\u00f3 la mandataria estatal.<\/p>\n<p>Dijo que se empezar\u00e1 el lunes en esta sindicatura, y el programa se har\u00e1 extensivo a otros municipios.<\/p>\n<p>\u201cEs un plan integral que vamos a iniciar en Villa Ju\u00e1rez y se har\u00e1 pr\u00f3ximamente en otros lugares, ya tenemos siete listos y les informaremos como ir\u00e1n desarroll\u00e1ndose\u201d, expres\u00f3 Bonilla Valverde.<\/p>\n<p>Invit\u00f3 a las y los habitantes de Villa Ju\u00e1rez a participar y atender al personal que realizar\u00e1 las entrevistas y encuestas, para poder conocer m\u00e1s sus necesidades y apoyarlos de inmediato.<\/p>\n","protected":false},"excerpt":{"rendered":"<p>La Secretar\u00eda de Gobernaci\u00f3n y el Gobierno de Sinaloa encuestar\u00e1n a ciudadanos sobre temas de salud, vivienda, educaci\u00f3n, apoyos sociales y m\u00e1s. &nbsp; Culiac\u00e1n, Sinaloa.- A partir del pr\u00f3ximo lunes 18 de mayo se iniciar\u00e1 un censo en la sindicatura de Villa Ju\u00e1rez, en el municipio de Navolato, para detectar las necesidades de la poblaci\u00f3n<\/p>\n","protected":false},"author":6,"featured_media":139116,"comment_status":"closed","ping_status":"closed","sticky":false,"template":"","format":"standard","meta":{"footnotes":""},"categories":[28],"tags":[],"class_list":["post-139112","post","type-post","status-publish","format-standard","has-post-thumbnail","hentry","category-centro"],"_links":{"self":[{"href":"https:\/\/plataformanoticias.mx\/index.php?rest_route=\/wp\/v2\/posts\/139112","targetHints":{"allow":["GET"]}}],"collection":[{"href":"https:\/\/plataformanoticias.mx\/index.php?rest_route=\/wp\/v2\/posts"}],"about":[{"href":"https:\/\/plataformanoticias.mx\/index.php?rest_route=\/wp\/v2\/types\/post"}],"author":[{"embeddable":true,"href":"https:\/\/plataformanoticias.mx\/index.php?rest_route=\/wp\/v2\/users\/6"}],"replies":[{"embeddable":true,"href":"https:\/\/plataformanoticias.mx\/index.php?rest_route=%2Fwp%2Fv2%2Fcomments&post=139112"}],"version-history":[{"count":1,"href":"https:\/\/plataformanoticias.mx\/index.php?rest_route=\/wp\/v2\/posts\/139112\/revisions"}],"predecessor-version":[{"id":139115,"href":"https:\/\/plataformanoticias.mx\/index.php?rest_route=\/wp\/v2\/posts\/139112\/revisions\/139115"}],"wp:featuredmedia":[{"embeddable":true,"href":"https:\/\/plataformanoticias.mx\/index.php?rest_route=\/wp\/v2\/media\/139116"}],"wp:attachment":[{"href":"https:\/\/plataformanoticias.mx\/index.php?rest_route=%2Fwp%2Fv2%2Fmedia&parent=139112"}],"wp:term":[{"taxonomy":"category","embeddable":true,"href":"https:\/\/plataformanoticias.mx\/index.php?rest_route=%2Fwp%2Fv2%2Fcategories&post=139112"},{"taxonomy":"post_tag","embeddable":true,"href":"https:\/\/plataformanoticias.mx\/index.php?rest_route=%2Fwp%2Fv2%2Ftags&post=139112"}],"curies":[{"name":"wp","href":"https:\/\/api.w.org\/{rel}","templated":true}]}}