{"id":139117,"date":"2026-05-15T15:11:18","date_gmt":"2026-05-15T22:11:18","guid":{"rendered":"https:\/\/plataformanoticias.mx\/?p=139117"},"modified":"2026-05-15T15:11:18","modified_gmt":"2026-05-15T22:11:18","slug":"con-musica-regalos-y-gratitud-celebran-a-maestros-y-maestras-de-juan-jose-rios","status":"publish","type":"post","link":"https:\/\/plataformanoticias.mx\/?p=139117","title":{"rendered":"Con m\u00fasica, regalos y gratitud celebran a maestros y maestras de Juan Jos\u00e9 R\u00edos"},"content":{"rendered":"<p>&nbsp;<\/p>\n<p><strong>Juan Jos\u00e9 R\u00edos, Sinaloa<\/strong>.- En el marco del D\u00eda del Maestro y la Maestra, el Ayuntamiento encabezado por la alcaldesa Evangelina Llanes Carre\u00f3n en coordinaci\u00f3n con la SEPyC a trav\u00e9s de la Direcci\u00f3n de Educaci\u00f3n, Licda. Gloria Elena Martinez Estrada, celebraron a maestras y maestros del municipio con emotivo y representativo evento, teniendo como sede Lazarito Ranch.<\/p>\n<p><img loading=\"lazy\" decoding=\"async\" class=\"alignnone size-medium wp-image-139120 aligncenter\" src=\"https:\/\/plataformanoticias.mx\/wp-content\/uploads\/2026\/05\/126edbc9-52ec-4567-94cd-e23cab5dfe3d-300x200.jpeg\" alt=\"\" width=\"300\" height=\"200\" srcset=\"https:\/\/plataformanoticias.mx\/wp-content\/uploads\/2026\/05\/126edbc9-52ec-4567-94cd-e23cab5dfe3d-300x200.jpeg 300w, https:\/\/plataformanoticias.mx\/wp-content\/uploads\/2026\/05\/126edbc9-52ec-4567-94cd-e23cab5dfe3d-1024x684.jpeg 1024w, https:\/\/plataformanoticias.mx\/wp-content\/uploads\/2026\/05\/126edbc9-52ec-4567-94cd-e23cab5dfe3d-768x513.jpeg 768w, https:\/\/plataformanoticias.mx\/wp-content\/uploads\/2026\/05\/126edbc9-52ec-4567-94cd-e23cab5dfe3d-1536x1025.jpeg 1536w, https:\/\/plataformanoticias.mx\/wp-content\/uploads\/2026\/05\/126edbc9-52ec-4567-94cd-e23cab5dfe3d.jpeg 1600w\" sizes=\"auto, (max-width: 300px) 100vw, 300px\" \/><\/p>\n<p>Durante la celebraci\u00f3n la presidenta municipal reconoci\u00f3 la trayectoria de todos los celebrados, otorgando un reconocimiento honorable mediante regalos y grandes sorpresas realzando el arduo trabajo de esta profesi\u00f3n.<\/p>\n<p>Asimismo, el festejo fue todo un \u00e9xito, las y los asistentes se mostraron agradecidos y muy alegres disfrutando de una presentaci\u00f3n del Ballet folcl\u00f3rico del grupo Nicte-Ha, amenizando esta agradable ma\u00f1ana.<\/p>\n<p>Entre regalos y un ambiente de sana convivencia en honor a quienes dedican su vida a la educaci\u00f3n; agradeci\u00e9ndoles por ser agentes de transformaci\u00f3n, por respetar la diversidad, sembrar valores de igualdad y por construir, desde el aula, una comunidad m\u00e1s fuerte.<\/p>\n<p><img loading=\"lazy\" decoding=\"async\" class=\"alignnone size-medium wp-image-139121 aligncenter\" src=\"https:\/\/plataformanoticias.mx\/wp-content\/uploads\/2026\/05\/24a15957-61e0-4d04-9777-127f9699d80f-300x200.jpeg\" alt=\"\" width=\"300\" height=\"200\" srcset=\"https:\/\/plataformanoticias.mx\/wp-content\/uploads\/2026\/05\/24a15957-61e0-4d04-9777-127f9699d80f-300x200.jpeg 300w, https:\/\/plataformanoticias.mx\/wp-content\/uploads\/2026\/05\/24a15957-61e0-4d04-9777-127f9699d80f-1024x684.jpeg 1024w, https:\/\/plataformanoticias.mx\/wp-content\/uploads\/2026\/05\/24a15957-61e0-4d04-9777-127f9699d80f-768x513.jpeg 768w, https:\/\/plataformanoticias.mx\/wp-content\/uploads\/2026\/05\/24a15957-61e0-4d04-9777-127f9699d80f-1536x1025.jpeg 1536w, https:\/\/plataformanoticias.mx\/wp-content\/uploads\/2026\/05\/24a15957-61e0-4d04-9777-127f9699d80f.jpeg 1600w\" sizes=\"auto, (max-width: 300px) 100vw, 300px\" \/><\/p>\n<p>Por otro lado, en el evento estuvieron presentes docentes, directivos y supervisores de todo el municipio asistiendo de preescolar, primaria, secundaria, nivel media superior, superior y maestros de educaci\u00f3n Fisica; representando a la Gobernadora y a la Lic. Gloria Himelda Felix Nieblas Secretaria de Educaci\u00f3n P\u00fablica y Cultura, el maestro Pablo Antonio Pe\u00f1uelas Mondaca, Director de Organismos Sectorizados de la SEPyC; Prof. Octavio Vega Jimenez, en representaci\u00f3n de servicios regionales Guasave; as\u00ed como en representaci\u00f3n del SNTE 27 del estado de Sinaloa, la maestra Bellita Irasema Ibarra de Le\u00f3n.<\/p>\n<p>As\u00ed mismo, acompa\u00f1aron en la mesa del presidium el S\u00edndico Procurador Jos\u00e9 Othon Adam Ayala; los regidores, Doroteo L\u00f3pez, Yadira Salazar Mart\u00ednez, Mar\u00eda Teresa Mondaca Cota y Manuel Antonio Gallardo S\u00e1nchez; tambi\u00e9n la Directora Gral. de Bienestar, Reyna S\u00e1nchez Pedroza.<\/p>\n","protected":false},"excerpt":{"rendered":"<p>&nbsp; Juan Jos\u00e9 R\u00edos, Sinaloa.- En el marco del D\u00eda del Maestro y la Maestra, el Ayuntamiento encabezado por la alcaldesa Evangelina Llanes Carre\u00f3n en coordinaci\u00f3n con la SEPyC a trav\u00e9s de la Direcci\u00f3n de Educaci\u00f3n, Licda. Gloria Elena Martinez Estrada, celebraron a maestras y maestros del municipio con emotivo y representativo evento, teniendo como<\/p>\n","protected":false},"author":6,"featured_media":139119,"comment_status":"closed","ping_status":"closed","sticky":false,"template":"","format":"standard","meta":{"footnotes":""},"categories":[27],"tags":[],"class_list":["post-139117","post","type-post","status-publish","format-standard","has-post-thumbnail","hentry","category-norte"],"_links":{"self":[{"href":"https:\/\/plataformanoticias.mx\/index.php?rest_route=\/wp\/v2\/posts\/139117","targetHints":{"allow":["GET"]}}],"collection":[{"href":"https:\/\/plataformanoticias.mx\/index.php?rest_route=\/wp\/v2\/posts"}],"about":[{"href":"https:\/\/plataformanoticias.mx\/index.php?rest_route=\/wp\/v2\/types\/post"}],"author":[{"embeddable":true,"href":"https:\/\/plataformanoticias.mx\/index.php?rest_route=\/wp\/v2\/users\/6"}],"replies":[{"embeddable":true,"href":"https:\/\/plataformanoticias.mx\/index.php?rest_route=%2Fwp%2Fv2%2Fcomments&post=139117"}],"version-history":[{"count":1,"href":"https:\/\/plataformanoticias.mx\/index.php?rest_route=\/wp\/v2\/posts\/139117\/revisions"}],"predecessor-version":[{"id":139122,"href":"https:\/\/plataformanoticias.mx\/index.php?rest_route=\/wp\/v2\/posts\/139117\/revisions\/139122"}],"wp:featuredmedia":[{"embeddable":true,"href":"https:\/\/plataformanoticias.mx\/index.php?rest_route=\/wp\/v2\/media\/139119"}],"wp:attachment":[{"href":"https:\/\/plataformanoticias.mx\/index.php?rest_route=%2Fwp%2Fv2%2Fmedia&parent=139117"}],"wp:term":[{"taxonomy":"category","embeddable":true,"href":"https:\/\/plataformanoticias.mx\/index.php?rest_route=%2Fwp%2Fv2%2Fcategories&post=139117"},{"taxonomy":"post_tag","embeddable":true,"href":"https:\/\/plataformanoticias.mx\/index.php?rest_route=%2Fwp%2Fv2%2Ftags&post=139117"}],"curies":[{"name":"wp","href":"https:\/\/api.w.org\/{rel}","templated":true}]}}