{"id":139123,"date":"2026-05-15T15:54:48","date_gmt":"2026-05-15T22:54:48","guid":{"rendered":"https:\/\/plataformanoticias.mx\/?p=139123"},"modified":"2026-05-15T15:54:48","modified_gmt":"2026-05-15T22:54:48","slug":"alcalde-antonio-menendez-instala-consejo-municipal-de-proteccion-civil-ante-temporada-de-lluvias-y-ciclones2026","status":"publish","type":"post","link":"https:\/\/plataformanoticias.mx\/?p=139123","title":{"rendered":"Alcalde Antonio Men\u00e9ndez instala Consejo Municipal de Protecci\u00f3n Civil ante temporada de lluvias y ciclones2026"},"content":{"rendered":"<p class=\"s9\"><span class=\"s8\">El <\/span><span class=\"s8\">Presidente<\/span><span class=\"s8\"> Municipal<\/span><span class=\"s8\"> de Ahome<\/span><span class=\"s8\"> declar\u00f3 en sesi\u00f3n permanente este \u00f3rgano de coordinaci\u00f3n, con el objetivo de fortalecer la prevenci\u00f3n y la respuesta ante posibles contingencias<\/span><span class=\"s8\">\u2026<\/span><\/p>\n<p class=\"s7\"><span class=\"s8\"><img loading=\"lazy\" decoding=\"async\" class=\"alignnone size-medium wp-image-139126\" src=\"https:\/\/plataformanoticias.mx\/wp-content\/uploads\/2026\/05\/652c73ab-a5df-48cb-91de-c41dbc4b4906-300x200.jpeg\" alt=\"\" width=\"300\" height=\"200\" srcset=\"https:\/\/plataformanoticias.mx\/wp-content\/uploads\/2026\/05\/652c73ab-a5df-48cb-91de-c41dbc4b4906-300x200.jpeg 300w, https:\/\/plataformanoticias.mx\/wp-content\/uploads\/2026\/05\/652c73ab-a5df-48cb-91de-c41dbc4b4906-1024x684.jpeg 1024w, https:\/\/plataformanoticias.mx\/wp-content\/uploads\/2026\/05\/652c73ab-a5df-48cb-91de-c41dbc4b4906-768x513.jpeg 768w, https:\/\/plataformanoticias.mx\/wp-content\/uploads\/2026\/05\/652c73ab-a5df-48cb-91de-c41dbc4b4906-1536x1025.jpeg 1536w, https:\/\/plataformanoticias.mx\/wp-content\/uploads\/2026\/05\/652c73ab-a5df-48cb-91de-c41dbc4b4906-2048x1367.jpeg 2048w\" sizes=\"auto, (max-width: 300px) 100vw, 300px\" \/><\/span><\/p>\n<p class=\"s7\"><strong><span class=\"s10\"><span class=\"bumpedFont15\">Los Mochis<\/span><\/span><span class=\"s10\"><span class=\"bumpedFont15\">, Ahome, Sinaloa<\/span><\/span><span class=\"s10\"><span class=\"bumpedFont15\">.- <\/span><\/span><\/strong><span class=\"s11\"><span class=\"bumpedFont15\">Con el objetivo de proteger la integridad, la seguridad y el patrimonio de las familias <\/span><\/span><span class=\"s11\"><span class=\"bumpedFont15\">ahomenses<\/span><\/span><span class=\"s11\"><span class=\"bumpedFont15\">, el Presidente Municipal Antonio Men\u00e9ndez de Llano Berm\u00fadez encabez\u00f3 la instalaci\u00f3n y apertura oficial del Consejo Municipal de Protecci\u00f3n Civil, en el marco del inicio de la temporada de lluvias y ciclones tropicales 2026.<\/span><\/span><\/p>\n<p class=\"s7\"><span class=\"s11\"><span class=\"bumpedFont15\">Durante la sesi\u00f3n, el <\/span><\/span><span class=\"s11\"><span class=\"bumpedFont15\">Alcalde<\/span><\/span><span class=\"s11\"><span class=\"bumpedFont15\"> destac\u00f3 que, de acuerdo con los pron\u00f3sticos de la Comisi\u00f3n Nacional del Agua y el Servicio Meteorol\u00f3gico Nacional, se prev\u00e9 una temporada activa de ciclones tropicales y huracanes en el Oc\u00e9ano Pac\u00edfico, por lo que resulta fundamental reforzar las acciones de prevenci\u00f3n y coordinaci\u00f3n entre autoridades, instituciones y cuerpos de auxilio.<\/span><\/span><\/p>\n<p class=\"s7\"><span class=\"s11\"><span class=\"bumpedFont15\">\u201c<\/span><\/span><span class=\"s11\"><span class=\"bumpedFont15\">Nos<\/span><\/span><span class=\"s11\"><span class=\"bumpedFont15\"> reunimos con el compromiso de proteger la integridad, seguridad y patrimonio de las familias <\/span><\/span><span class=\"s11\"><span class=\"bumpedFont15\">ahomenses<\/span><\/span><span class=\"s11\"><span class=\"bumpedFont15\">, llevando a cabo la instalaci\u00f3n y apertura oficial del Consejo Municipal de Protecci\u00f3n Civil, en el marco del inicio de la temporada de lluvias y ciclones tropicales 2026\u201d, expres\u00f3 Men\u00e9ndez de Llano Berm\u00fadez.<\/span><\/span><\/p>\n<p class=\"s7\"><span class=\"s11\"><span class=\"bumpedFont15\">El <\/span><\/span><span class=\"s11\"><span class=\"bumpedFont15\">Presidente<\/span><\/span><span class=\"s11\"><span class=\"bumpedFont15\"> Municipal subray\u00f3 que este Consejo tiene como prop\u00f3sito consolidar el trabajo conjunto entre los tres \u00f3rdenes de gobierno, cuerpos de emergencia, sector salud, seguridad p\u00fablica y sociedad civil, para garantizar una respuesta eficiente y oportuna ante cualquier contingencia.<\/span><\/span><\/p>\n<p class=\"s7\"><span class=\"s11\"><span class=\"bumpedFont15\">Asimismo, hizo un llamado a la ciudadan\u00eda para mantenerse informada a trav\u00e9s de medios oficiales y comunicados de las autoridades.<\/span><\/span><\/p>\n<p class=\"s7\"><span class=\"s11\">\u00a0<\/span><span class=\"s11\"><span class=\"bumpedFont15\">Por su parte, el Teniente Mario Cosme <\/span><\/span><span class=\"s11\"><span class=\"bumpedFont15\">Gallardo<\/span><\/span><span class=\"s11\"><span class=\"bumpedFont15\">, Coordinador Municipal de Protecci\u00f3n Civil en Ahome, inform\u00f3 que, para esta temporada, se contempla la posible formaci\u00f3n de entre 18 y 21 ciclones tropicales en el Oc\u00e9ano Pac\u00edfico, algunos de ellos con potencial de alcanzar categor\u00edas mayores, mientras que para el Oc\u00e9ano Atl\u00e1ntico, que incluye el Golfo de M\u00e9xico y el Mar Caribe, se pronostican de 11 a 15 sistemas, por lo que reiter\u00f3 la importancia de fortalecer las acciones preventivas y la coordinaci\u00f3n institucional<\/span><\/span><span class=\"s11\"><span class=\"bumpedFont15\">.<\/span><\/span><\/p>\n<p class=\"s7\"><span class=\"s11\"><span class=\"bumpedFont15\">Ante este escenario, explic\u00f3 que el Gobierno Municipal de Ahome, encabezado por el <\/span><\/span><span class=\"s11\"><span class=\"bumpedFont15\">Alcalde<\/span><\/span><span class=\"s11\"><span class=\"bumpedFont15\"> Antonio Men\u00e9ndez de Llano Berm\u00fadez, refrenda su compromiso de fortalecer la coordinaci\u00f3n interinstitucional, prevenci\u00f3n y capacidad de respuesta, con prioridad en la protecci\u00f3n de la vida y la seguridad de las familias.<\/span><\/span><\/p>\n<p class=\"s7\"><span class=\"s11\"><span class=\"bumpedFont15\">Cosme <\/span><\/span><span class=\"s11\"><span class=\"bumpedFont15\">Gallardo<\/span><\/span><span class=\"s11\"><span class=\"bumpedFont15\"> detall\u00f3 que, de acuerdo con el Atlas de Riesgo del municipio, ya se tienen identificadas colonias y comunidades con mayor vulnerabilidad a inundaciones, tanto en la zona urbana como en las sindicaturas.<\/span><\/span><\/p>\n<p class=\"s7\"><span class=\"s11\"><span class=\"bumpedFont15\">El Coordinador Municipal de Protecci\u00f3n Civil tambi\u00e9n inform\u00f3 que Ahome cuenta con 107 refugios temporales registrados, de los cuales 16 se tienen considerados como primera respuesta, con capacidad para recibir a 6 mil 150 personas en caso de ser necesario.<\/span><\/span><\/p>\n<p class=\"s7\"><span class=\"s11\"><span class=\"bumpedFont15\">Agreg\u00f3 que, como parte de las nuevas disposiciones de la Coordinaci\u00f3n Nacional de Protecci\u00f3n Civil, los refugios temporales tambi\u00e9n deber\u00e1n considerar espacios seguros para mascotas y animales de compa\u00f1\u00eda, as\u00ed como para animales de granja, en coordinaci\u00f3n con DIF Municipal, Salud Municipal, Bienestar y Protecci\u00f3n Civil.<\/span><\/span><\/p>\n<p class=\"s7\"><span class=\"s11\"><span class=\"bumpedFont15\">Durante la reuni\u00f3n tambi\u00e9n se hizo un llamado a la poblaci\u00f3n a no tirar basura en drenes, canales y cuerpos de agua, ya que esto afecta el flujo pluvial y aumenta el riesgo de inundaciones en colonias y comunidades.<\/span><\/span><\/p>\n<p class=\"s7\"><span class=\"s11\"><span class=\"bumpedFont15\">De igual manera, Protecci\u00f3n Civil recomend\u00f3 a las familias preparar una mochila de emergencia con documentos importantes, medicamentos, l\u00e1mpara, pilas, botiqu\u00edn, llaves, alimentos no perecederos, silbato, gel <\/span><\/span><span class=\"s11\"><span class=\"bumpedFont15\">antibacterial<\/span><\/span><span class=\"s11\"><span class=\"bumpedFont15\"> y art\u00edculos b\u00e1sicos para ni\u00f1as, ni\u00f1os y mascotas.<\/span><\/span><\/p>\n<p class=\"s7\"><span class=\"s11\"><span class=\"bumpedFont15\">En el acto estuvieron presentes integrantes del Consejo Municipal de Protecci\u00f3n Civil, entre ellos autoridades municipales, representantes de dependencias estatales y federales, cuerpos de auxilio, m\u00f3dulos de riego, s\u00edndicos municipales, DIF Ahome, Secretar\u00eda de Bienestar, Obras P\u00fablicas, Comisi\u00f3n Federal de Electricidad, Capitan\u00eda de Puerto de Topolobampo, as\u00ed como representantes del Instituto Estatal de Protecci\u00f3n Civil.<\/span><\/span><\/p>\n","protected":false},"excerpt":{"rendered":"<p>El Presidente Municipal de Ahome declar\u00f3 en sesi\u00f3n permanente este \u00f3rgano de coordinaci\u00f3n, con el objetivo de fortalecer la prevenci\u00f3n y la respuesta ante posibles contingencias\u2026 Los Mochis, Ahome, Sinaloa.- Con el objetivo de proteger la integridad, la seguridad y el patrimonio de las familias ahomenses, el Presidente Municipal Antonio Men\u00e9ndez de Llano Berm\u00fadez encabez\u00f3<\/p>\n","protected":false},"author":6,"featured_media":139125,"comment_status":"closed","ping_status":"closed","sticky":false,"template":"","format":"standard","meta":{"footnotes":""},"categories":[38],"tags":[],"class_list":["post-139123","post","type-post","status-publish","format-standard","has-post-thumbnail","hentry","category-locales"],"_links":{"self":[{"href":"https:\/\/plataformanoticias.mx\/index.php?rest_route=\/wp\/v2\/posts\/139123","targetHints":{"allow":["GET"]}}],"collection":[{"href":"https:\/\/plataformanoticias.mx\/index.php?rest_route=\/wp\/v2\/posts"}],"about":[{"href":"https:\/\/plataformanoticias.mx\/index.php?rest_route=\/wp\/v2\/types\/post"}],"author":[{"embeddable":true,"href":"https:\/\/plataformanoticias.mx\/index.php?rest_route=\/wp\/v2\/users\/6"}],"replies":[{"embeddable":true,"href":"https:\/\/plataformanoticias.mx\/index.php?rest_route=%2Fwp%2Fv2%2Fcomments&post=139123"}],"version-history":[{"count":1,"href":"https:\/\/plataformanoticias.mx\/index.php?rest_route=\/wp\/v2\/posts\/139123\/revisions"}],"predecessor-version":[{"id":139127,"href":"https:\/\/plataformanoticias.mx\/index.php?rest_route=\/wp\/v2\/posts\/139123\/revisions\/139127"}],"wp:featuredmedia":[{"embeddable":true,"href":"https:\/\/plataformanoticias.mx\/index.php?rest_route=\/wp\/v2\/media\/139125"}],"wp:attachment":[{"href":"https:\/\/plataformanoticias.mx\/index.php?rest_route=%2Fwp%2Fv2%2Fmedia&parent=139123"}],"wp:term":[{"taxonomy":"category","embeddable":true,"href":"https:\/\/plataformanoticias.mx\/index.php?rest_route=%2Fwp%2Fv2%2Fcategories&post=139123"},{"taxonomy":"post_tag","embeddable":true,"href":"https:\/\/plataformanoticias.mx\/index.php?rest_route=%2Fwp%2Fv2%2Ftags&post=139123"}],"curies":[{"name":"wp","href":"https:\/\/api.w.org\/{rel}","templated":true}]}}