{"id":139128,"date":"2026-05-16T08:42:14","date_gmt":"2026-05-16T15:42:14","guid":{"rendered":"https:\/\/plataformanoticias.mx\/?p=139128"},"modified":"2026-05-16T08:42:14","modified_gmt":"2026-05-16T15:42:14","slug":"culiacan-se-apaga-la-capital-se-convirtio-en-cementerio-de-negocios-cerrados","status":"publish","type":"post","link":"https:\/\/plataformanoticias.mx\/?p=139128","title":{"rendered":"Culiac\u00e1n se apaga: la capital se convirti\u00f3 en cementerio de negocios cerrados"},"content":{"rendered":"<p>&nbsp;<\/p>\n<p><strong>Culiac\u00e1n, Sinaloa<\/strong>.- En Culiac\u00e1n ya no solo se bajan cortinas por la noche. Se bajan para siempre. Tras 20 meses de guerra entre \u201cLos Chapitos\u201d y \u201cLa Mayiza\u201d, la capital se convirti\u00f3 en un cementerio de negocios cerrados que arrastra empleos, sue\u00f1os y la vida de barrio.<\/p>\n<p>El dato que duele<\/p>\n<p>La pugna interna del C\u00e1rtel de Sinaloa dej\u00f3 1,800 homicidios y 2,300 desaparecidos en un a\u00f1o. Pero el golpe silencioso est\u00e1 en las calles: locales vac\u00edos, plazas comerciales con la mitad de las tiendas tapiadas y empresarios que prefieren malbaratar o huir antes que pagar \u201cpiso\u201d o esperar la siguiente balacera.<\/p>\n<p>\u201cYa no alcanza ni para el miedo\u201d<\/p>\n<p>Comerciantes del centro relatan lo mismo: ventas desplomadas 70%, clientes que no salen despu\u00e9s de las 6 p.m., y rentas que siguen llegando. \u201cEntre la extorsi\u00f3n, el cobro de la luz y el terror, no queda nada\u201d, dice Laura, due\u00f1a de una est\u00e9tica que cerr\u00f3 en abril. Calculan que por cada negocio que baja la cortina se pierden 4 empleos directos.<\/p>\n<p>La confianza, rota<\/p>\n<p>Colectivos empresariales acusan abandono institucional. Tras las acusaciones de EE.UU. contra Rocha Moya, el sector pidi\u00f3 su salida: \u201cNo se puede invertir donde el gobierno est\u00e1 se\u00f1alado de pactar con quien nos mata\u201d. El 29 de abril, empresarios advirtieron una nueva ola de violencia si no hay cambios.<\/p>\n<p>Mientras, la ciudad vive bajo la ley de los retenes y los incendios nocturnos. \u00bfSe puede gobernar una ciudad que le pertenece al narco despu\u00e9s de las 8 p.m.? Hoy, en Culiac\u00e1n, emprender es un acto de resistencia. Y resistir, cada d\u00eda, cuesta m\u00e1s.<\/p>\n","protected":false},"excerpt":{"rendered":"<p>&nbsp; Culiac\u00e1n, Sinaloa.- En Culiac\u00e1n ya no solo se bajan cortinas por la noche. Se bajan para siempre. Tras 20 meses de guerra entre \u201cLos Chapitos\u201d y \u201cLa Mayiza\u201d, la capital se convirti\u00f3 en un cementerio de negocios cerrados que arrastra empleos, sue\u00f1os y la vida de barrio. El dato que duele La pugna interna<\/p>\n","protected":false},"author":6,"featured_media":139130,"comment_status":"closed","ping_status":"closed","sticky":false,"template":"","format":"standard","meta":{"footnotes":""},"categories":[28],"tags":[],"class_list":["post-139128","post","type-post","status-publish","format-standard","has-post-thumbnail","hentry","category-centro"],"_links":{"self":[{"href":"https:\/\/plataformanoticias.mx\/index.php?rest_route=\/wp\/v2\/posts\/139128","targetHints":{"allow":["GET"]}}],"collection":[{"href":"https:\/\/plataformanoticias.mx\/index.php?rest_route=\/wp\/v2\/posts"}],"about":[{"href":"https:\/\/plataformanoticias.mx\/index.php?rest_route=\/wp\/v2\/types\/post"}],"author":[{"embeddable":true,"href":"https:\/\/plataformanoticias.mx\/index.php?rest_route=\/wp\/v2\/users\/6"}],"replies":[{"embeddable":true,"href":"https:\/\/plataformanoticias.mx\/index.php?rest_route=%2Fwp%2Fv2%2Fcomments&post=139128"}],"version-history":[{"count":1,"href":"https:\/\/plataformanoticias.mx\/index.php?rest_route=\/wp\/v2\/posts\/139128\/revisions"}],"predecessor-version":[{"id":139131,"href":"https:\/\/plataformanoticias.mx\/index.php?rest_route=\/wp\/v2\/posts\/139128\/revisions\/139131"}],"wp:featuredmedia":[{"embeddable":true,"href":"https:\/\/plataformanoticias.mx\/index.php?rest_route=\/wp\/v2\/media\/139130"}],"wp:attachment":[{"href":"https:\/\/plataformanoticias.mx\/index.php?rest_route=%2Fwp%2Fv2%2Fmedia&parent=139128"}],"wp:term":[{"taxonomy":"category","embeddable":true,"href":"https:\/\/plataformanoticias.mx\/index.php?rest_route=%2Fwp%2Fv2%2Fcategories&post=139128"},{"taxonomy":"post_tag","embeddable":true,"href":"https:\/\/plataformanoticias.mx\/index.php?rest_route=%2Fwp%2Fv2%2Ftags&post=139128"}],"curies":[{"name":"wp","href":"https:\/\/api.w.org\/{rel}","templated":true}]}}