{"id":139137,"date":"2026-05-16T12:12:40","date_gmt":"2026-05-16T19:12:40","guid":{"rendered":"https:\/\/plataformanoticias.mx\/?p=139137"},"modified":"2026-05-16T12:12:40","modified_gmt":"2026-05-16T19:12:40","slug":"los-mochis-en-el-horno-preven-hasta-47%e2%81%b0-c-sabado-16-de-mayo","status":"publish","type":"post","link":"https:\/\/plataformanoticias.mx\/?p=139137","title":{"rendered":"Los Mochis en el horno: prev\u00e9n hasta 47\u2070 C s\u00e1bado 16 de mayo"},"content":{"rendered":"<p>&nbsp;<\/p>\n<p><strong>Los Mochis, Sinaloa<\/strong>.-Abrir la puerta ser\u00e1 como asomarse a un horno. Este s\u00e1bado 16 de mayo, Los Mochis enfrentar\u00e1 uno de los d\u00edas m\u00e1s calientes de 2026: el Servicio Meteorol\u00f3gico Nacional pronostica m\u00e1ximas de 44\u00b0C a 47\u00b0C para la regi\u00f3n de Ahome, El Fuerte, Choix, Guasave y Sinaloa municipio.<\/p>\n<p>\u00bfPor qu\u00e9 tan extremo?<\/p>\n<p>1. Ola de calor activa: La segunda ola de calor del a\u00f1o sigue firme en el noroeste. Sonora y Sinaloa son los estados con temperaturas m\u00e1s altas del pa\u00eds: *45\u00b0C a 50\u00b0C* en zonas espec\u00edficas.<\/p>\n<p>2. Sin tregua nocturna: Las m\u00ednimas no bajar\u00e1n de 27\u00b0C. El asfalto y el concreto seguir\u00e1n irradiando calor toda la madrugada.<\/p>\n<p>3.Sensaci\u00f3n t\u00e9rmica peor: Con humedad del Valle del Fuerte, la sensaci\u00f3n puede superar los 50\u00b0C al mediod\u00eda.<\/p>\n<p>El impacto en la calle<\/p>\n<p>En Los Mochis, el calor no es an\u00e9cdota. Es recibo de luz de 5 mil pesos, golpes de calor y hospitales saturados. Comerciantes del Mercado Independencia ya instalan ventiladores extra y venden suero oral como agua. \u201cA las 11 a.m. ya no se puede estar en la banqueta\u201d, dice Don Manuel, vendedor de raspados con 30 a\u00f1os en el centro.<\/p>\n<p>Protecci\u00f3n Civil municipal activ\u00f3 alerta amarilla:<br \/>\nhidratarse, no exponerse al sol de 11:00 a 16 horas y cuidar a adultos mayores y ni\u00f1os.<\/p>\n<p>Lo que viene<\/p>\n<p>El calor extremo se mantendr\u00e1 hasta el domingo. Apenas el lunes entrar\u00eda un frente fr\u00edo por la frontera norte que podr\u00eda dar un respiro con lluvias y vientos fuertes.<\/p>\n<p>Hoy el term\u00f3metro avisa: en Los Mochis, sobrevivir al verano cuesta. Y ma\u00f1ana costar\u00e1 47 grados.<\/p>\n<p>Recomendaci\u00f3n: Si sales, lleva agua, gorra y busca sombra. El calor mata, y este s\u00e1bado va con todo.<\/p>\n","protected":false},"excerpt":{"rendered":"<p>&nbsp; Los Mochis, Sinaloa.-Abrir la puerta ser\u00e1 como asomarse a un horno. Este s\u00e1bado 16 de mayo, Los Mochis enfrentar\u00e1 uno de los d\u00edas m\u00e1s calientes de 2026: el Servicio Meteorol\u00f3gico Nacional pronostica m\u00e1ximas de 44\u00b0C a 47\u00b0C para la regi\u00f3n de Ahome, El Fuerte, Choix, Guasave y Sinaloa municipio. \u00bfPor qu\u00e9 tan extremo? 1.<\/p>\n","protected":false},"author":6,"featured_media":139139,"comment_status":"closed","ping_status":"closed","sticky":false,"template":"","format":"standard","meta":{"footnotes":""},"categories":[38],"tags":[],"class_list":["post-139137","post","type-post","status-publish","format-standard","has-post-thumbnail","hentry","category-locales"],"_links":{"self":[{"href":"https:\/\/plataformanoticias.mx\/index.php?rest_route=\/wp\/v2\/posts\/139137","targetHints":{"allow":["GET"]}}],"collection":[{"href":"https:\/\/plataformanoticias.mx\/index.php?rest_route=\/wp\/v2\/posts"}],"about":[{"href":"https:\/\/plataformanoticias.mx\/index.php?rest_route=\/wp\/v2\/types\/post"}],"author":[{"embeddable":true,"href":"https:\/\/plataformanoticias.mx\/index.php?rest_route=\/wp\/v2\/users\/6"}],"replies":[{"embeddable":true,"href":"https:\/\/plataformanoticias.mx\/index.php?rest_route=%2Fwp%2Fv2%2Fcomments&post=139137"}],"version-history":[{"count":1,"href":"https:\/\/plataformanoticias.mx\/index.php?rest_route=\/wp\/v2\/posts\/139137\/revisions"}],"predecessor-version":[{"id":139140,"href":"https:\/\/plataformanoticias.mx\/index.php?rest_route=\/wp\/v2\/posts\/139137\/revisions\/139140"}],"wp:featuredmedia":[{"embeddable":true,"href":"https:\/\/plataformanoticias.mx\/index.php?rest_route=\/wp\/v2\/media\/139139"}],"wp:attachment":[{"href":"https:\/\/plataformanoticias.mx\/index.php?rest_route=%2Fwp%2Fv2%2Fmedia&parent=139137"}],"wp:term":[{"taxonomy":"category","embeddable":true,"href":"https:\/\/plataformanoticias.mx\/index.php?rest_route=%2Fwp%2Fv2%2Fcategories&post=139137"},{"taxonomy":"post_tag","embeddable":true,"href":"https:\/\/plataformanoticias.mx\/index.php?rest_route=%2Fwp%2Fv2%2Ftags&post=139137"}],"curies":[{"name":"wp","href":"https:\/\/api.w.org\/{rel}","templated":true}]}}