{"id":139152,"date":"2026-05-16T20:08:06","date_gmt":"2026-05-17T03:08:06","guid":{"rendered":"https:\/\/plataformanoticias.mx\/?p=139152"},"modified":"2026-05-16T20:08:06","modified_gmt":"2026-05-17T03:08:06","slug":"la-presencia-del-presidente-antonio-y-sus-funcionarios-son-de-gran-ayuda-y-valor-para-la-jaramillo-elena-felix","status":"publish","type":"post","link":"https:\/\/plataformanoticias.mx\/?p=139152","title":{"rendered":"\u201cLa presencia del Presidente Antonio y sus funcionarios son de gran ayuda y valor para la Jaramillo\u201d: Elena F\u00e9lix"},"content":{"rendered":"<p class=\"s6\"><span class=\"s5\">.<\/span><\/p>\n<p class=\"s6\"><span class=\"s5\">\u00a0<\/span><\/p>\n<p class=\"s6\"><span class=\"s7\">*E<\/span><span class=\"s7\">l<\/span> <span class=\"s7\">Presidente Municipal Antonio Men\u00e9ndez acompa\u00f1ado de su hija Marissa Presidenta de DIF Ahome y el gabinete municipal acudieron para atender a las familias de ese populoso sector en la escuela primaria\u2026<\/span><\/p>\n<p class=\"s6\" style=\"text-align: center\"><span class=\"s7\"> <img loading=\"lazy\" decoding=\"async\" class=\"alignnone size-medium wp-image-139154\" src=\"https:\/\/plataformanoticias.mx\/wp-content\/uploads\/2026\/05\/edd731b8-9418-436a-9f69-eb63fdb29655-300x200.jpeg\" alt=\"\" width=\"300\" height=\"200\" srcset=\"https:\/\/plataformanoticias.mx\/wp-content\/uploads\/2026\/05\/edd731b8-9418-436a-9f69-eb63fdb29655-300x200.jpeg 300w, https:\/\/plataformanoticias.mx\/wp-content\/uploads\/2026\/05\/edd731b8-9418-436a-9f69-eb63fdb29655-1024x683.jpeg 1024w, https:\/\/plataformanoticias.mx\/wp-content\/uploads\/2026\/05\/edd731b8-9418-436a-9f69-eb63fdb29655-768x512.jpeg 768w, https:\/\/plataformanoticias.mx\/wp-content\/uploads\/2026\/05\/edd731b8-9418-436a-9f69-eb63fdb29655.jpeg 1280w\" sizes=\"auto, (max-width: 300px) 100vw, 300px\" \/><\/span><\/p>\n<p class=\"s10\"><strong><span class=\"s8\"><span class=\"bumpedFont15\">Los Mochis, <\/span><\/span><span class=\"s8\"><span class=\"bumpedFont15\">Ahome, <\/span><\/span><span class=\"s8\"><span class=\"bumpedFont15\">Sinaloa<\/span><\/span><\/strong><span class=\"s8\"><span class=\"bumpedFont15\"><strong>.<\/strong>&#8211; <\/span><\/span><span class=\"s9\"><span class=\"bumpedFont15\">Familias del sector Jaramillo de Los Mochis y colonias aleda\u00f1as recibieron la visita del Alcalde Antonio Men\u00e9ndez De Llano Berm\u00fadez, quien acompa\u00f1ado de su hija Marissa Men\u00e9ndez De Llano Ch\u00e1vez, Presidenta de<\/span><\/span><span class=\"s9\"><span class=\"bumpedFont15\">l Sistema para el Desarrollo Integral de la Familia (<\/span><\/span><span class=\"s9\"><span class=\"bumpedFont15\">DIF<\/span><\/span><span class=\"s9\"><span class=\"bumpedFont15\">)<\/span><\/span><span class=\"s9\"><span class=\"bumpedFont15\"> Ahome<\/span><\/span><span class=\"s9\"><span class=\"bumpedFont15\">,<\/span><\/span><span class=\"s9\"><span class=\"bumpedFont15\"> y funcionarios municipales, acudieron hasta su barrio para atenderlos de manera integral con los programas de la Caravana del Bienestar en la escuela primaria de la colonia<\/span><\/span><span class=\"s9\"><span class=\"bumpedFont15\">.<\/span><\/span><\/p>\n<p class=\"s10\"><span class=\"s9\"><span class=\"bumpedFont15\">A nombre de la comunidad, la se\u00f1ora Mar\u00eda <\/span><\/span><span class=\"s9\"><span class=\"bumpedFont15\">Elena F\u00e9lix Acosta<\/span><\/span><span class=\"s9\"><span class=\"bumpedFont15\">,<\/span><\/span><span class=\"s9\"><span class=\"bumpedFont15\"> l\u00edder de la colonia<\/span><\/span><span class=\"s9\"><span class=\"bumpedFont15\"> Rub\u00e9n Jaramillo, <\/span><\/span><span class=\"s9\"><span class=\"bumpedFont15\">dio la bienvenida a las autoridades, y <\/span><\/span><span class=\"s9\"><span class=\"bumpedFont15\">en breve<\/span><\/span><span class=\"s9\"><span class=\"bumpedFont15\"> mensaje <\/span><\/span><span class=\"s9\"><span class=\"bumpedFont15\">agradeci\u00f3 la visita de<\/span><\/span><span class=\"s9\"><span class=\"bumpedFont15\">l Presidente Municipal Antonio Men\u00e9ndez De Llano Berm\u00fadez y su equipo de funcionarios y empleados municipales, por <\/span><\/span><span class=\"s9\"><span class=\"bumpedFont15\">el valioso apoyo que les<\/span><\/span> <span class=\"s9\"><span class=\"bumpedFont15\">lleva<\/span><\/span><span class=\"s9\"><span class=\"bumpedFont15\">n<\/span><\/span><span class=\"s9\"><span class=\"bumpedFont15\"> para su bienestar.<\/span><\/span><\/p>\n<p class=\"s10\"><span class=\"s9\"><span class=\"bumpedFont15\">\u201cGracias por acercarnos los servicios a <\/span><\/span><span class=\"s9\"><span class=\"bumpedFont15\">la <\/span><\/span><span class=\"s9\"><span class=\"bumpedFont15\">comunidad y estar atentos a nuestras necesidades, su presencia y su ayuda es de gran valor para nuestras familias se\u00f1or Presidente Antonio Men\u00e9ndez\u201d, expres\u00f3 la presidenta de la colonia.<\/span><\/span><\/p>\n<p class=\"s10\"><span class=\"s9\"><span class=\"bumpedFont15\">Por su parte el Presidente <\/span><\/span><span class=\"s9\"><span class=\"bumpedFont15\">Municipal dijo a los ciudadanos que las gracias no se las deben dar al Gobierno, ya que es una obligaci\u00f3n de toda autoridad acercar y facilitar este tipo de programas y atenderlos de la mejor manera.<\/span><\/span><\/p>\n<p class=\"s10\"><span class=\"s9\"><span class=\"bumpedFont15\">\u201cPor lo contrario nosotros les damos las gracias a ustedes por permitirnos ser \u00fatiles para su bienestar, y por la confianza en nuestro trabajo\u201d.<\/span><\/span><\/p>\n<p class=\"s10\"><span class=\"s9\"><span class=\"bumpedFont15\">Por su parte el titular de la Secretar\u00eda del Bienestar y coordinador de dichas Caravanas, Joaqu\u00edn P\u00e1ez Roiz, dijo que este programa se instituy\u00f3 por instrucci\u00f3n del Alcalde siguiendo el ejemplo de la Presidenta Claudia Sheinbaum Pardo y la Gobernadora Yeraldine Boinilla, de ejercer un gobierno humanista y cercano a la gente, anteponiendo a los ciudadanos en el centro de la atenci\u00f3n.<\/span><\/span><\/p>\n<p class=\"s10\"><span class=\"s9\">\u00a0<\/span><\/p>\n<p class=\"s10\"><span class=\"s9\"><span class=\"bumpedFont15\">\u201c<\/span><\/span><span class=\"s9\"><span class=\"bumpedFont15\">Muchas Gracias a las familias de la colonia Rub\u00e9n Jaramillo y zonas aleda\u00f1as por recibirnos en su escuela primaria Gabriel M. L\u00f3pez, este fin de semana, donde nos reunimos para realizar la Caravana del Bienestar, con todos los programas y servicios del Ayuntamiento de Ahome en sus propios barrios.<\/span><\/span> <span class=\"s9\"><span class=\"bumpedFont15\">Para el Gobierno de Ahome, La Casa de Todos, es muy satisfactorio poder atenderlos de la mejor manera y evitarles traslados hasta Palacio Municipal u otras oficinas de Gobierno<\/span><\/span><span class=\"s9\"><span class=\"bumpedFont15\">\u201d<\/span><\/span><span class=\"s9\"><span class=\"bumpedFont15\">, puntualiz\u00f3.<\/span><\/span><\/p>\n<p class=\"s10\"><span class=\"s9\">\u00a0<\/span><\/p>\n","protected":false},"excerpt":{"rendered":"<p>. \u00a0 *El Presidente Municipal Antonio Men\u00e9ndez acompa\u00f1ado de su hija Marissa Presidenta de DIF Ahome y el gabinete municipal acudieron para atender a las familias de ese populoso sector en la escuela primaria\u2026 Los Mochis, Ahome, Sinaloa.&#8211; Familias del sector Jaramillo de Los Mochis y colonias aleda\u00f1as recibieron la visita del Alcalde Antonio Men\u00e9ndez<\/p>\n","protected":false},"author":6,"featured_media":139155,"comment_status":"closed","ping_status":"closed","sticky":false,"template":"","format":"standard","meta":{"footnotes":""},"categories":[38],"tags":[],"class_list":["post-139152","post","type-post","status-publish","format-standard","has-post-thumbnail","hentry","category-locales"],"_links":{"self":[{"href":"https:\/\/plataformanoticias.mx\/index.php?rest_route=\/wp\/v2\/posts\/139152","targetHints":{"allow":["GET"]}}],"collection":[{"href":"https:\/\/plataformanoticias.mx\/index.php?rest_route=\/wp\/v2\/posts"}],"about":[{"href":"https:\/\/plataformanoticias.mx\/index.php?rest_route=\/wp\/v2\/types\/post"}],"author":[{"embeddable":true,"href":"https:\/\/plataformanoticias.mx\/index.php?rest_route=\/wp\/v2\/users\/6"}],"replies":[{"embeddable":true,"href":"https:\/\/plataformanoticias.mx\/index.php?rest_route=%2Fwp%2Fv2%2Fcomments&post=139152"}],"version-history":[{"count":1,"href":"https:\/\/plataformanoticias.mx\/index.php?rest_route=\/wp\/v2\/posts\/139152\/revisions"}],"predecessor-version":[{"id":139156,"href":"https:\/\/plataformanoticias.mx\/index.php?rest_route=\/wp\/v2\/posts\/139152\/revisions\/139156"}],"wp:featuredmedia":[{"embeddable":true,"href":"https:\/\/plataformanoticias.mx\/index.php?rest_route=\/wp\/v2\/media\/139155"}],"wp:attachment":[{"href":"https:\/\/plataformanoticias.mx\/index.php?rest_route=%2Fwp%2Fv2%2Fmedia&parent=139152"}],"wp:term":[{"taxonomy":"category","embeddable":true,"href":"https:\/\/plataformanoticias.mx\/index.php?rest_route=%2Fwp%2Fv2%2Fcategories&post=139152"},{"taxonomy":"post_tag","embeddable":true,"href":"https:\/\/plataformanoticias.mx\/index.php?rest_route=%2Fwp%2Fv2%2Ftags&post=139152"}],"curies":[{"name":"wp","href":"https:\/\/api.w.org\/{rel}","templated":true}]}}