{"id":139181,"date":"2026-05-17T11:41:52","date_gmt":"2026-05-17T18:41:52","guid":{"rendered":"https:\/\/plataformanoticias.mx\/?p=139181"},"modified":"2026-05-17T11:41:52","modified_gmt":"2026-05-17T18:41:52","slug":"reconocen-en-los-mochis-a-destacados-ahomenses-con-la-medalla-a-la-trayectoria-del-club-juvenil-de-ayuda","status":"publish","type":"post","link":"https:\/\/plataformanoticias.mx\/?p=139181","title":{"rendered":"Reconocen en Los Mochis a destacados ahomenses con la Medalla a la Trayectoria del Club Juvenil de Ayuda"},"content":{"rendered":"<p><strong>Los Mochis, Sinaloa.-<\/strong> En una ceremonia realizada en Los Mochis, el Club Juvenil de Ayuda AC entreg\u00f3 medallas a destacadas personalidades ahomenses por su trayectoria y aportaciones a la sociedad en \u00e1mbitos como derechos humanos, pol\u00edtica, activismo, deporte, cultura, periodismo, empresariado y radiodifusi\u00f3n.<\/p>\n<p>Entre los reconocidos destac\u00f3 Fernando Sol\u00eds Verduzco, quien recibi\u00f3 la Medalla Arnoldo Corrales por su trayectoria en radiodifusi\u00f3n, as\u00ed como el ex campe\u00f3n mundial Fernando \u201cKochulito\u201d Montiel por su legado deportivo.<\/p>\n<p><img loading=\"lazy\" decoding=\"async\" class=\"alignnone size-medium wp-image-139184 aligncenter\" src=\"https:\/\/plataformanoticias.mx\/wp-content\/uploads\/2026\/05\/be761602-8b6a-4298-8bee-f9878b4c5029-300x200.jpeg\" alt=\"\" width=\"300\" height=\"200\" srcset=\"https:\/\/plataformanoticias.mx\/wp-content\/uploads\/2026\/05\/be761602-8b6a-4298-8bee-f9878b4c5029-300x200.jpeg 300w, https:\/\/plataformanoticias.mx\/wp-content\/uploads\/2026\/05\/be761602-8b6a-4298-8bee-f9878b4c5029-1024x684.jpeg 1024w, https:\/\/plataformanoticias.mx\/wp-content\/uploads\/2026\/05\/be761602-8b6a-4298-8bee-f9878b4c5029-768x513.jpeg 768w, https:\/\/plataformanoticias.mx\/wp-content\/uploads\/2026\/05\/be761602-8b6a-4298-8bee-f9878b4c5029-1536x1025.jpeg 1536w, https:\/\/plataformanoticias.mx\/wp-content\/uploads\/2026\/05\/be761602-8b6a-4298-8bee-f9878b4c5029.jpeg 2048w\" sizes=\"auto, (max-width: 300px) 100vw, 300px\" \/><\/p>\n<p>El fundador del organismo, Juan Carlos Gabriel Carl\u00f3n Moreno, se\u00f1al\u00f3 que el objetivo de estos reconocimientos es destacar ejemplos positivos que inspiren a las nuevas generaciones y fortalezcan el tejido social de Ahome y Sinaloa.<\/p>\n<p>Los Mochis, el Club Juvenil de Ayuda AC entreg\u00f3 medallas a destacadas personalidades ahomenses por su trayectoria y aportaciones a la sociedad en \u00e1mbitos como derechos humanos, pol\u00edtica, activismo, deporte, cultura, periodismo, empresariado y radiodifusi\u00f3n.<\/p>\n<p>Entre los reconocidos destac\u00f3 Fernando Sol\u00eds Verduzco, quien recibi\u00f3 la Medalla Arnoldo Corrales por su trayectoria en radiodifusi\u00f3n, as\u00ed como el ex campe\u00f3n mundial Fernando \u201cKochulito\u201d Montiel por su legado deportivo.<\/p>\n<p>&nbsp;<\/p>\n<p>El fundador del organismo, Juan Carlos Gabriel Carl\u00f3n Moreno, se\u00f1al\u00f3 que el objetivo de estos reconocimientos es destacar ejemplos positivos que inspiren a las nuevas generaciones y fortalezcan el tejido social de Ahome y Sinaloa.<\/p>\n<p>A quienes se les entregaron las preseas fueron; Brenda L\u00e1tigo recibi\u00f3 la Medalla Mirna Nereida Medina por trayectoria en derechos humanos; Policarpo Infante obtuvo la Medalla Francisco Labastida Ochoa por trayectoria pol\u00edtica; Claribel L\u00f3pez F\u00e9lix recibi\u00f3 la Medalla Erika Acosta por activismo social; Kenia Moreno D\u00edaz fue galardonada con la Medalla Mario L\u00f3pez Valdez por trayectoria empresarial; Jos\u00e9 Rodr\u00edguez recibi\u00f3 la Medalla Dulcina Parra por trayectoria en periodismo; Fernando \u201cKochulito\u201d Montiel obtuvo la Medalla Teodoro Higuera por trayectoria deportiva; El doctor Mor\u00e1n fue nombrado Ciudadano del A\u00f1o; el profesor Melchor Ruiz recibi\u00f3 la Medalla Evelia Rodr\u00edguez por trayectoria cultural y Fernando Sol\u00eds Verduzco fue reconocido con la Medalla Arnoldo Corrales por trayectoria en radiodifusi\u00f3n.<\/p>\n<p>El evento reuni\u00f3 a representantes de distintos sectores sociales y concluy\u00f3 con un llamado a seguir impulsando ejemplos positivos que fortalezcan el tejido social de Ahome y Sinaloa.<\/p>\n","protected":false},"excerpt":{"rendered":"<p>Los Mochis, Sinaloa.- En una ceremonia realizada en Los Mochis, el Club Juvenil de Ayuda AC entreg\u00f3 medallas a destacadas personalidades ahomenses por su trayectoria y aportaciones a la sociedad en \u00e1mbitos como derechos humanos, pol\u00edtica, activismo, deporte, cultura, periodismo, empresariado y radiodifusi\u00f3n. Entre los reconocidos destac\u00f3 Fernando Sol\u00eds Verduzco, quien recibi\u00f3 la Medalla Arnoldo<\/p>\n","protected":false},"author":6,"featured_media":139183,"comment_status":"closed","ping_status":"closed","sticky":false,"template":"","format":"standard","meta":{"footnotes":""},"categories":[38],"tags":[],"class_list":["post-139181","post","type-post","status-publish","format-standard","has-post-thumbnail","hentry","category-locales"],"_links":{"self":[{"href":"https:\/\/plataformanoticias.mx\/index.php?rest_route=\/wp\/v2\/posts\/139181","targetHints":{"allow":["GET"]}}],"collection":[{"href":"https:\/\/plataformanoticias.mx\/index.php?rest_route=\/wp\/v2\/posts"}],"about":[{"href":"https:\/\/plataformanoticias.mx\/index.php?rest_route=\/wp\/v2\/types\/post"}],"author":[{"embeddable":true,"href":"https:\/\/plataformanoticias.mx\/index.php?rest_route=\/wp\/v2\/users\/6"}],"replies":[{"embeddable":true,"href":"https:\/\/plataformanoticias.mx\/index.php?rest_route=%2Fwp%2Fv2%2Fcomments&post=139181"}],"version-history":[{"count":1,"href":"https:\/\/plataformanoticias.mx\/index.php?rest_route=\/wp\/v2\/posts\/139181\/revisions"}],"predecessor-version":[{"id":139185,"href":"https:\/\/plataformanoticias.mx\/index.php?rest_route=\/wp\/v2\/posts\/139181\/revisions\/139185"}],"wp:featuredmedia":[{"embeddable":true,"href":"https:\/\/plataformanoticias.mx\/index.php?rest_route=\/wp\/v2\/media\/139183"}],"wp:attachment":[{"href":"https:\/\/plataformanoticias.mx\/index.php?rest_route=%2Fwp%2Fv2%2Fmedia&parent=139181"}],"wp:term":[{"taxonomy":"category","embeddable":true,"href":"https:\/\/plataformanoticias.mx\/index.php?rest_route=%2Fwp%2Fv2%2Fcategories&post=139181"},{"taxonomy":"post_tag","embeddable":true,"href":"https:\/\/plataformanoticias.mx\/index.php?rest_route=%2Fwp%2Fv2%2Ftags&post=139181"}],"curies":[{"name":"wp","href":"https:\/\/api.w.org\/{rel}","templated":true}]}}