{"id":139278,"date":"2026-05-18T11:44:30","date_gmt":"2026-05-18T18:44:30","guid":{"rendered":"https:\/\/plataformanoticias.mx\/?p=139278"},"modified":"2026-05-18T11:44:30","modified_gmt":"2026-05-18T18:44:30","slug":"aprueba-subcomite-de-desarrollo-social-ahome-paquete-de-obras-por-54-mdp","status":"publish","type":"post","link":"https:\/\/plataformanoticias.mx\/?p=139278","title":{"rendered":"Aprueba Subcomit\u00e9 de Desarrollo Social Ahome, paquete de obras por 54 mdp."},"content":{"rendered":"<p class=\"s6\"><span class=\"s5\">\u00a0<\/span><span class=\"s7\">La reuni\u00f3n estuvo presidida por el Alcalde Antonio Men\u00e9ndez De Llano Berm\u00fadez, quien agradeci\u00f3 el aval de los integrantes del organismo, y detall\u00f3 que las obras son para atender los principales rezagos en servicios b\u00e1sicos como agua, drenaje, alumbrado, vialidades y mejoramiento de espacios comunes\u2026<\/span><\/p>\n<p class=\"s6\" style=\"text-align: center\"><span class=\"s7\"> <img loading=\"lazy\" decoding=\"async\" class=\"alignnone size-medium wp-image-139280\" src=\"https:\/\/plataformanoticias.mx\/wp-content\/uploads\/2026\/05\/960ac127-f361-42dc-83b7-5357b1b98c50-300x200.jpeg\" alt=\"\" width=\"300\" height=\"200\" srcset=\"https:\/\/plataformanoticias.mx\/wp-content\/uploads\/2026\/05\/960ac127-f361-42dc-83b7-5357b1b98c50-300x200.jpeg 300w, https:\/\/plataformanoticias.mx\/wp-content\/uploads\/2026\/05\/960ac127-f361-42dc-83b7-5357b1b98c50-1024x683.jpeg 1024w, https:\/\/plataformanoticias.mx\/wp-content\/uploads\/2026\/05\/960ac127-f361-42dc-83b7-5357b1b98c50-768x512.jpeg 768w, https:\/\/plataformanoticias.mx\/wp-content\/uploads\/2026\/05\/960ac127-f361-42dc-83b7-5357b1b98c50.jpeg 1280w\" sizes=\"auto, (max-width: 300px) 100vw, 300px\" \/><\/span><\/p>\n<p class=\"s10\"><strong><span class=\"s8\"><span class=\"bumpedFont15\">Los Mochis, <\/span><\/span><span class=\"s8\"><span class=\"bumpedFont15\">Ahome, <\/span><\/span><span class=\"s8\"><span class=\"bumpedFont15\">Sinaloa<\/span><\/span><span class=\"s8\"><span class=\"bumpedFont15\">.- <\/span><\/span><\/strong><span class=\"s9\"><span class=\"bumpedFont15\">En sesi\u00f3n del Subcomit\u00e9 de Desarrollo Social del Municipio de Ahome, integrado por autoridades gubernamentales de los tres \u00f3rdenes de gobierno y ciudadanos, se autoriz\u00f3 por unanimidad el plan de obras de infraestructura social para el bienestar de las y los ahomenses, para el segundo semestre del a\u00f1o 2026, con una inversi\u00f3n aproximada a los 54 millones de pesos.<\/span><\/span><\/p>\n<p class=\"s10\"><span class=\"s9\">\u00a0<\/span><span class=\"s9\"><span class=\"bumpedFont15\">La reuni\u00f3n fue presidida y dirigida por el Alcalde Antonio Men\u00e9ndez De Llano Berm\u00fadez como presi<\/span><\/span><span class=\"s9\"><span class=\"bumpedFont15\">d<\/span><\/span><span class=\"s9\"><span class=\"bumpedFont15\">ente de dicho Subcomit\u00e9,<\/span><\/span><span class=\"s9\"><span class=\"bumpedFont15\"> en el que participan los funcionarios de las \u00e1reas t\u00e9cnicas, los s\u00edndicos municipales, representantes de los gobiernos Federal y Estatal, as\u00ed como de organismos sociales p\u00fablicos y privados de la sociedad ahomense, quienes por unanimidad aprobaron los proyectos.<\/span><\/span><\/p>\n<p class=\"s10\"><span class=\"s9\"><span class=\"bumpedFont15\">\u201c<\/span><\/span><span class=\"s9\"><span class=\"bumpedFont15\">Se ati<\/span><\/span><span class=\"s9\"><span class=\"bumpedFont15\">e<\/span><\/span><span class=\"s9\"><span class=\"bumpedFont15\">n<\/span><\/span><span class=\"s9\"><span class=\"bumpedFont15\">den <\/span><\/span><span class=\"s9\"><span class=\"bumpedFont15\">las s<\/span><\/span><span class=\"s9\"><span class=\"bumpedFont15\">olicitudes de los ciudadanos a trav\u00e9s de sus s\u00edndicos y representantes comunitarios, se realiza<\/span><\/span><span class=\"s9\"><span class=\"bumpedFont15\">n<\/span><\/span><span class=\"s9\"><span class=\"bumpedFont15\"> las proyecciones, planeaci\u00f3n, <\/span><\/span><span class=\"s9\"><span class=\"bumpedFont15\">y <\/span><\/span><span class=\"s9\"><span class=\"bumpedFont15\">se analizan y aprueban en este Subcomit\u00e9\u201d, expres\u00f3 Men\u00e9ndez De Llano Berm\u00fadez.<\/span><\/span><\/p>\n<p class=\"s10\"><span class=\"s9\"><span class=\"bumpedFont15\">El Alcalde detall\u00f3 que los principales proyectos de obras son <\/span><\/span><span class=\"s9\"><span class=\"bumpedFont15\">atendiendo las pri<\/span><\/span><span class=\"s9\"><span class=\"bumpedFont15\">oridades <\/span><\/span><span class=\"s9\"><span class=\"bumpedFont15\">y necesidades de la poblaci\u00f3n, como alumbrado p\u00fablico, <\/span><\/span><span class=\"s9\"><span class=\"bumpedFont15\">manteni<\/span><\/span><span class=\"s9\"><span class=\"bumpedFont15\">miento <\/span><\/span><span class=\"s9\"><span class=\"bumpedFont15\">d<\/span><\/span><span class=\"s9\"><span class=\"bumpedFont15\">e<\/span><\/span> <span class=\"s9\"><span class=\"bumpedFont15\">\u00e1<\/span><\/span><span class=\"s9\"><span class=\"bumpedFont15\">re<\/span><\/span><span class=\"s9\"><span class=\"bumpedFont15\">as<\/span><\/span> <span class=\"s9\"><span class=\"bumpedFont15\">c<\/span><\/span><span class=\"s9\"><span class=\"bumpedFont15\">omunes, dre<\/span><\/span><span class=\"s9\"><span class=\"bumpedFont15\">n<\/span><\/span><span class=\"s9\"><span class=\"bumpedFont15\">aje,<\/span><\/span> <span class=\"s9\"><span class=\"bumpedFont15\">agua <\/span><\/span><span class=\"s9\"><span class=\"bumpedFont15\">potable y mejoramiento de vialidades entre otros <\/span><\/span><span class=\"s9\"><span class=\"bumpedFont15\">servic<\/span><\/span><span class=\"s9\"><span class=\"bumpedFont15\">i<\/span><\/span><span class=\"s9\"><span class=\"bumpedFont15\">os b<\/span><\/span><span class=\"s9\"><span class=\"bumpedFont15\">\u00e1<\/span><\/span><span class=\"s9\"><span class=\"bumpedFont15\">sic<\/span><\/span><span class=\"s9\"><span class=\"bumpedFont15\">os.<\/span><\/span><\/p>\n<p class=\"s10\"><span class=\"s9\"><span class=\"bumpedFont15\">\u201cY posterior a esta sesi\u00f3n, tendremos otra a fin de mes, para revisar <\/span><\/span><span class=\"s9\"><span class=\"bumpedFont15\">los programas<\/span><\/span><span class=\"s9\"><span class=\"bumpedFont15\"> y ver la posibilidad de incluir otras necesidades, porque debido a los cambios de las reglas de operaci\u00f3n, debemos terminar y entregar antes del <\/span><\/span><span class=\"s9\"><span class=\"bumpedFont15\">\u00fa<\/span><\/span><span class=\"s9\"><span class=\"bumpedFont15\">ltimo trimestre <\/span><\/span><span class=\"s9\"><span class=\"bumpedFont15\">del a\u00f1o<\/span><\/span><span class=\"s9\"><span class=\"bumpedFont15\">\u201d, subray\u00f3 el Mun\u00edcipe.<\/span><\/span><\/p>\n<p class=\"s10\"><span class=\"s9\"><span class=\"bumpedFont15\">Como ejemplos de estas acciones cit\u00f3 que se incluyen 8 proyectos de pavimento, instalaci\u00f3n de aproximadamente 2 mil 500 <\/span><\/span><span class=\"s9\"><span class=\"bumpedFont15\">luminarias<\/span><\/span><span class=\"s9\"><span class=\"bumpedFont15\">, limpieza, mantenimiento y rehabilitaci\u00f3n de \u00e1reas comunes, <\/span><\/span><span class=\"s9\"><span class=\"bumpedFont15\">tech<\/span><\/span><span class=\"s9\"><span class=\"bumpedFont15\">umbres y <\/span><\/span><span class=\"s9\"><span class=\"bumpedFont15\">cami<\/span><\/span><span class=\"s9\"><span class=\"bumpedFont15\">n<\/span><\/span><span class=\"s9\"><span class=\"bumpedFont15\">os, <\/span><\/span><span class=\"s9\"><span class=\"bumpedFont15\">entre otras.<\/span><\/span><\/p>\n<p class=\"s10\"><span class=\"s9\"><span class=\"bumpedFont15\">Por \u00faltimo, detall\u00f3 que estas obras habr\u00e1n de iniciarse en estos d\u00edas, y estar listas en un par de <\/span><\/span><span class=\"s9\"><span class=\"bumpedFont15\">meses<\/span><\/span><span class=\"s9\"><span class=\"bumpedFont15\">, <\/span><\/span><span class=\"s9\"><span class=\"bumpedFont15\">para ganar tiempo <\/span><\/span><span class=\"s9\"><span class=\"bumpedFont15\">antes de <\/span><\/span><span class=\"s9\"><span class=\"bumpedFont15\">la temporada de <\/span><\/span><span class=\"s9\"><span class=\"bumpedFont15\">ll<\/span><\/span><span class=\"s9\"><span class=\"bumpedFont15\">uvias.<\/span><\/span><\/p>\n<p class=\"s10\"><span class=\"s9\"><span class=\"bumpedFont15\">\u201cY tengan la confianza de que los recursos se aplican con estricta transparencia, y los insumos para los trabajos son de calidad certificada por las \u00e1reas t\u00e9cnicas que se encargan de ello como Obras P\u00fablicas, JAPAMA, COMUN y Bienestar, y por supuesto con la vigilancia de los ciudadanos beneficiados que se integran a los comit\u00e9s comunitarios para ello, que por cierto la mayor\u00eda son mujeres, a quienes les agradezco y reconozco su participaci\u00f3n\u201d, expres\u00f3 Men\u00e9ndez De Llano.<\/span><\/span><\/p>\n<p class=\"s10\"><span class=\"s9\"><span class=\"bumpedFont15\">Al t\u00e9rmino de la sesi\u00f3n, los s\u00edndicos municipales agradecieron que se escuchen y atiendan las peticiones ciudadanas, y expresaron estar conformes con los procedimientos.<\/span><\/span><\/p>\n<p class=\"s10\"><span class=\"s9\"><span class=\"bumpedFont15\">\u201cA nombre de los habitantes San Miguel, es momento de agradecer los apoyos para m\u00e1s de 30 comunidades de la sindicatura con millonaria inversi\u00f3n. Much\u00edsimas gracias por tomarnos en cuenta, y por se parte de este equipo\u201d, manifest\u00f3 Marcos Enrique Ram\u00edrez, s\u00edndico de San Miguel Zapotitl\u00e1n.<\/span><\/span><\/p>\n","protected":false},"excerpt":{"rendered":"<p>\u00a0La reuni\u00f3n estuvo presidida por el Alcalde Antonio Men\u00e9ndez De Llano Berm\u00fadez, quien agradeci\u00f3 el aval de los integrantes del organismo, y detall\u00f3 que las obras son para atender los principales rezagos en servicios b\u00e1sicos como agua, drenaje, alumbrado, vialidades y mejoramiento de espacios comunes\u2026 Los Mochis, Ahome, Sinaloa.- En sesi\u00f3n del Subcomit\u00e9 de Desarrollo<\/p>\n","protected":false},"author":6,"featured_media":139281,"comment_status":"closed","ping_status":"closed","sticky":false,"template":"","format":"standard","meta":{"footnotes":""},"categories":[38],"tags":[],"class_list":["post-139278","post","type-post","status-publish","format-standard","has-post-thumbnail","hentry","category-locales"],"_links":{"self":[{"href":"https:\/\/plataformanoticias.mx\/index.php?rest_route=\/wp\/v2\/posts\/139278","targetHints":{"allow":["GET"]}}],"collection":[{"href":"https:\/\/plataformanoticias.mx\/index.php?rest_route=\/wp\/v2\/posts"}],"about":[{"href":"https:\/\/plataformanoticias.mx\/index.php?rest_route=\/wp\/v2\/types\/post"}],"author":[{"embeddable":true,"href":"https:\/\/plataformanoticias.mx\/index.php?rest_route=\/wp\/v2\/users\/6"}],"replies":[{"embeddable":true,"href":"https:\/\/plataformanoticias.mx\/index.php?rest_route=%2Fwp%2Fv2%2Fcomments&post=139278"}],"version-history":[{"count":1,"href":"https:\/\/plataformanoticias.mx\/index.php?rest_route=\/wp\/v2\/posts\/139278\/revisions"}],"predecessor-version":[{"id":139282,"href":"https:\/\/plataformanoticias.mx\/index.php?rest_route=\/wp\/v2\/posts\/139278\/revisions\/139282"}],"wp:featuredmedia":[{"embeddable":true,"href":"https:\/\/plataformanoticias.mx\/index.php?rest_route=\/wp\/v2\/media\/139281"}],"wp:attachment":[{"href":"https:\/\/plataformanoticias.mx\/index.php?rest_route=%2Fwp%2Fv2%2Fmedia&parent=139278"}],"wp:term":[{"taxonomy":"category","embeddable":true,"href":"https:\/\/plataformanoticias.mx\/index.php?rest_route=%2Fwp%2Fv2%2Fcategories&post=139278"},{"taxonomy":"post_tag","embeddable":true,"href":"https:\/\/plataformanoticias.mx\/index.php?rest_route=%2Fwp%2Fv2%2Ftags&post=139278"}],"curies":[{"name":"wp","href":"https:\/\/api.w.org\/{rel}","templated":true}]}}