{"id":139295,"date":"2026-05-18T14:44:20","date_gmt":"2026-05-18T21:44:20","guid":{"rendered":"https:\/\/plataformanoticias.mx\/?p=139295"},"modified":"2026-05-18T14:44:20","modified_gmt":"2026-05-18T21:44:20","slug":"unidad-regional-norte-respalda-llamado-de-la-uas-al-gobierno-federal-mantiene-cobertura-universal-y-fortalece-oferta-educativa","status":"publish","type":"post","link":"https:\/\/plataformanoticias.mx\/?p=139295","title":{"rendered":"Unidad Regional Norte respalda llamado de la UAS al Gobierno Federal; mantiene cobertura universal y fortalece oferta educativa"},"content":{"rendered":"<p>&nbsp;<\/p>\n<p>La Universidad Aut\u00f3noma de Sinaloa, a trav\u00e9s de la Unidad Regional Norte, reiter\u00f3 su respaldo al rector Jes\u00fas Madue\u00f1a Molina ante el llamado realizado al Gobierno Federal para atender las necesidades financieras de la instituci\u00f3n y garantizar la continuidad de las funciones sustantivas de la m\u00e1xima casa de estudios sinaloense.<\/p>\n<p>El vicerrector de la Unidad Regional Norte, doctor Lauro C\u00e9sar Parra Aceviz, expres\u00f3 que desde esta regi\u00f3n existe total apoyo a las gestiones encabezadas por el rector, destacando que la universidad contin\u00faa trabajando con responsabilidad, transparencia y compromiso social en beneficio de miles de j\u00f3venes sinaloenses.<\/p>\n<p><img loading=\"lazy\" decoding=\"async\" class=\"alignnone size-medium wp-image-139297 aligncenter\" src=\"https:\/\/plataformanoticias.mx\/wp-content\/uploads\/2026\/05\/0c2f8fb5-77f9-42a8-a0a5-498b4e8e245a-300x225.jpeg\" alt=\"\" width=\"300\" height=\"225\" srcset=\"https:\/\/plataformanoticias.mx\/wp-content\/uploads\/2026\/05\/0c2f8fb5-77f9-42a8-a0a5-498b4e8e245a-300x225.jpeg 300w, https:\/\/plataformanoticias.mx\/wp-content\/uploads\/2026\/05\/0c2f8fb5-77f9-42a8-a0a5-498b4e8e245a-1024x768.jpeg 1024w, https:\/\/plataformanoticias.mx\/wp-content\/uploads\/2026\/05\/0c2f8fb5-77f9-42a8-a0a5-498b4e8e245a-768x576.jpeg 768w, https:\/\/plataformanoticias.mx\/wp-content\/uploads\/2026\/05\/0c2f8fb5-77f9-42a8-a0a5-498b4e8e245a-1536x1152.jpeg 1536w, https:\/\/plataformanoticias.mx\/wp-content\/uploads\/2026\/05\/0c2f8fb5-77f9-42a8-a0a5-498b4e8e245a-2048x1536.jpeg 2048w\" sizes=\"auto, (max-width: 300px) 100vw, 300px\" \/><\/p>\n<p>Parra Aceviz se\u00f1al\u00f3 que, pese a los retos financieros, la UAS mantiene firme su misi\u00f3n educativa y prueba de ello es que para el pr\u00f3ximo ciclo escolar se entregaron 8 mil 586 fichas de nuevo ingreso en la Unidad Regional Norte, de las cuales 3 mil 882 corresponden a preparatoria y 4 mil 704 a licenciaturas.<\/p>\n<p>Asimismo, record\u00f3 que el pr\u00f3ximo 23 de mayo se aplicar\u00e1 el examen diagn\u00f3stico para aspirantes de nivel medio superior y superior en 22 sedes distribuidas en los municipios de Choix, El Fuerte, Ahome y Juan Jos\u00e9 R\u00edos, contando con un operativo especial para garantizar un proceso ordenado y eficiente.<\/p>\n<p>El funcionario universitario destac\u00f3 que la UAS contin\u00faa siendo referente educativo a nivel estatal y nacional gracias a su calidad acad\u00e9mica, cobertura universal y permanente innovaci\u00f3n educativa, resaltando adem\u00e1s el impulso que actualmente se brinda al programa de bimodalidad, estrategia que permitir\u00e1 ampliar las oportunidades de formaci\u00f3n para los estudiantes.<\/p>\n<p><img loading=\"lazy\" decoding=\"async\" class=\"alignnone size-medium wp-image-139298 aligncenter\" src=\"https:\/\/plataformanoticias.mx\/wp-content\/uploads\/2026\/05\/69857026-0d4e-4577-a801-7f438565a2f6-225x300.jpeg\" alt=\"\" width=\"225\" height=\"300\" srcset=\"https:\/\/plataformanoticias.mx\/wp-content\/uploads\/2026\/05\/69857026-0d4e-4577-a801-7f438565a2f6-225x300.jpeg 225w, https:\/\/plataformanoticias.mx\/wp-content\/uploads\/2026\/05\/69857026-0d4e-4577-a801-7f438565a2f6-768x1024.jpeg 768w, https:\/\/plataformanoticias.mx\/wp-content\/uploads\/2026\/05\/69857026-0d4e-4577-a801-7f438565a2f6-1152x1536.jpeg 1152w, https:\/\/plataformanoticias.mx\/wp-content\/uploads\/2026\/05\/69857026-0d4e-4577-a801-7f438565a2f6-1536x2048.jpeg 1536w, https:\/\/plataformanoticias.mx\/wp-content\/uploads\/2026\/05\/69857026-0d4e-4577-a801-7f438565a2f6-scaled.jpeg 1920w\" sizes=\"auto, (max-width: 225px) 100vw, 225px\" \/><\/p>\n<p>Finalmente, reiter\u00f3 que la comunidad universitaria de la zona norte reconoce el esfuerzo institucional que realiza la administraci\u00f3n central para seguir fortaleciendo a la UAS como una universidad incluyente, humanista y cercana a las necesidades de la sociedad sinaloense.<\/p>\n<p>En la conferencia de prensa estuvieron presentes la secretaria acad\u00e9mica de la Unidad Regional Norte, doctora Irene Tong; la secretaria administrativa, doctora Fabiola Heredia; el director del Colegio Regional de Bachillerato, doctor C\u00e9sar Garc\u00eda; as\u00ed como el encargado de Servicios Escolares URN, Adiel Tamayo.<\/p>\n","protected":false},"excerpt":{"rendered":"<p>&nbsp; La Universidad Aut\u00f3noma de Sinaloa, a trav\u00e9s de la Unidad Regional Norte, reiter\u00f3 su respaldo al rector Jes\u00fas Madue\u00f1a Molina ante el llamado realizado al Gobierno Federal para atender las necesidades financieras de la instituci\u00f3n y garantizar la continuidad de las funciones sustantivas de la m\u00e1xima casa de estudios sinaloense. El vicerrector de la<\/p>\n","protected":false},"author":6,"featured_media":139299,"comment_status":"closed","ping_status":"closed","sticky":false,"template":"","format":"standard","meta":{"footnotes":""},"categories":[28],"tags":[],"class_list":["post-139295","post","type-post","status-publish","format-standard","has-post-thumbnail","hentry","category-centro"],"_links":{"self":[{"href":"https:\/\/plataformanoticias.mx\/index.php?rest_route=\/wp\/v2\/posts\/139295","targetHints":{"allow":["GET"]}}],"collection":[{"href":"https:\/\/plataformanoticias.mx\/index.php?rest_route=\/wp\/v2\/posts"}],"about":[{"href":"https:\/\/plataformanoticias.mx\/index.php?rest_route=\/wp\/v2\/types\/post"}],"author":[{"embeddable":true,"href":"https:\/\/plataformanoticias.mx\/index.php?rest_route=\/wp\/v2\/users\/6"}],"replies":[{"embeddable":true,"href":"https:\/\/plataformanoticias.mx\/index.php?rest_route=%2Fwp%2Fv2%2Fcomments&post=139295"}],"version-history":[{"count":1,"href":"https:\/\/plataformanoticias.mx\/index.php?rest_route=\/wp\/v2\/posts\/139295\/revisions"}],"predecessor-version":[{"id":139300,"href":"https:\/\/plataformanoticias.mx\/index.php?rest_route=\/wp\/v2\/posts\/139295\/revisions\/139300"}],"wp:featuredmedia":[{"embeddable":true,"href":"https:\/\/plataformanoticias.mx\/index.php?rest_route=\/wp\/v2\/media\/139299"}],"wp:attachment":[{"href":"https:\/\/plataformanoticias.mx\/index.php?rest_route=%2Fwp%2Fv2%2Fmedia&parent=139295"}],"wp:term":[{"taxonomy":"category","embeddable":true,"href":"https:\/\/plataformanoticias.mx\/index.php?rest_route=%2Fwp%2Fv2%2Fcategories&post=139295"},{"taxonomy":"post_tag","embeddable":true,"href":"https:\/\/plataformanoticias.mx\/index.php?rest_route=%2Fwp%2Fv2%2Ftags&post=139295"}],"curies":[{"name":"wp","href":"https:\/\/api.w.org\/{rel}","templated":true}]}}