{"id":139310,"date":"2026-05-18T15:04:49","date_gmt":"2026-05-18T22:04:49","guid":{"rendered":"https:\/\/plataformanoticias.mx\/?p=139310"},"modified":"2026-05-18T15:04:49","modified_gmt":"2026-05-18T22:04:49","slug":"reconoce-imss-sinaloa-la-labor-del-personal-de-enfermeria-en-ceremonia-institucional","status":"publish","type":"post","link":"https:\/\/plataformanoticias.mx\/?p=139310","title":{"rendered":"Reconoce IMSS Sinaloa la labor del personal de Enfermer\u00eda en ceremonia institucional"},"content":{"rendered":"<p class=\"s8\"><span class=\"s10\">\u2022 <\/span><span class=\"s7\"><span class=\"bumpedFont17\">Entrega 78 reconocimientos a enfermeras y enfermeros por su compromiso, trayectoria y aportaciones profesionales.<\/span><\/span><\/p>\n<div class=\"s11\"><span class=\"s10\">\u2022 <\/span><span class=\"s7\"><span class=\"bumpedFont17\">Destaca la vocaci\u00f3n, profesionalismo y papel estrat\u00e9gico del gremio en la atenci\u00f3n m\u00e9dica institucional.<\/span><\/span><\/div>\n<p class=\"s12\" style=\"text-align: center\"><span class=\"s7\"> <img loading=\"lazy\" decoding=\"async\" class=\"alignnone size-medium wp-image-139312\" src=\"https:\/\/plataformanoticias.mx\/wp-content\/uploads\/2026\/05\/0a323433-6ff4-4ce5-a926-2130d511813c-300x225.jpeg\" alt=\"\" width=\"300\" height=\"225\" srcset=\"https:\/\/plataformanoticias.mx\/wp-content\/uploads\/2026\/05\/0a323433-6ff4-4ce5-a926-2130d511813c-300x225.jpeg 300w, https:\/\/plataformanoticias.mx\/wp-content\/uploads\/2026\/05\/0a323433-6ff4-4ce5-a926-2130d511813c-1024x768.jpeg 1024w, https:\/\/plataformanoticias.mx\/wp-content\/uploads\/2026\/05\/0a323433-6ff4-4ce5-a926-2130d511813c-768x576.jpeg 768w, https:\/\/plataformanoticias.mx\/wp-content\/uploads\/2026\/05\/0a323433-6ff4-4ce5-a926-2130d511813c.jpeg 1280w\" sizes=\"auto, (max-width: 300px) 100vw, 300px\" \/><\/span><\/p>\n<p class=\"s14\"><span class=\"s13\"><span class=\"bumpedFont17\">El Instituto Mexicano del Seguro Social (IMSS) en Sinaloa llev\u00f3 a cabo una ceremonia institucional de reconocimiento al personal de Enfermer\u00eda, en la que se destac\u00f3 su entrega, profesionalismo y vocaci\u00f3n de servicio en la atenci\u00f3n diaria a la <\/span><\/span><span class=\"s13\"><span class=\"bumpedFont17\">derechohabiencia<\/span><\/span><span class=\"s13\"><span class=\"bumpedFont17\">.<\/span><\/span><\/p>\n<p class=\"s14\"><span class=\"s13\"><span class=\"bumpedFont17\">En el marco del D\u00eda Internacional de la Enfermer\u00eda, la representaci\u00f3n del IMSS en la entidad realiz\u00f3 este acto conmemorativo para reconocer la labor del personal de esta categor\u00eda en el fortalecimiento de los servicios de salud.<\/span><\/span><\/p>\n<p class=\"s14\"><span class=\"s13\"><span class=\"bumpedFont17\">El evento se desarroll\u00f3 en el Teatro \u201c\u00d3scar Liera\u201d del IMSS en Culiac\u00e1n y fue encabezado por autoridades institucionales del <\/span><\/span><span class=\"s13\"><span class=\"bumpedFont17\">IMSS e<\/span><\/span><span class=\"s13\"><span class=\"bumpedFont17\">n <\/span><\/span><span class=\"s13\"><span class=\"bumpedFont17\">el estado, <\/span><\/span><span class=\"s13\"><span class=\"bumpedFont17\">de la Jefatura de Servicios de Prestaciones M\u00e9dicas y de la representaci\u00f3n sindical del Sindicato Nacional de Trabajadores del Seguro Social (SNTSS).<\/span><\/span><\/p>\n<p class=\"s14\" style=\"text-align: center\"><span class=\"s13\"> <img loading=\"lazy\" decoding=\"async\" class=\"alignnone size-medium wp-image-139313\" src=\"https:\/\/plataformanoticias.mx\/wp-content\/uploads\/2026\/05\/57a5bd03-5f06-42e9-a64d-3d69cc5dc29b-300x225.jpeg\" alt=\"\" width=\"300\" height=\"225\" srcset=\"https:\/\/plataformanoticias.mx\/wp-content\/uploads\/2026\/05\/57a5bd03-5f06-42e9-a64d-3d69cc5dc29b-300x225.jpeg 300w, https:\/\/plataformanoticias.mx\/wp-content\/uploads\/2026\/05\/57a5bd03-5f06-42e9-a64d-3d69cc5dc29b-1024x768.jpeg 1024w, https:\/\/plataformanoticias.mx\/wp-content\/uploads\/2026\/05\/57a5bd03-5f06-42e9-a64d-3d69cc5dc29b-768x576.jpeg 768w, https:\/\/plataformanoticias.mx\/wp-content\/uploads\/2026\/05\/57a5bd03-5f06-42e9-a64d-3d69cc5dc29b.jpeg 1280w\" sizes=\"auto, (max-width: 300px) 100vw, 300px\" \/><\/span><\/p>\n<p class=\"s14\"><span class=\"s13\"><span class=\"bumpedFont17\">Durante la ceremonia, se entregaron 78 reconocimientos a trabajadoras y trabajadores de Enfermer\u00eda por su desempe\u00f1o, trayectoria y contribuci\u00f3n al fortalecimiento de los servicios de salud.<\/span><\/span><\/p>\n<p class=\"s14\"><span class=\"s13\"><span class=\"bumpedFont17\">En este contexto, se otorg\u00f3 un reconocimiento especial al personal de Enfermer\u00eda que obtuvo el Segundo Lugar en la Categor\u00eda General del IV Congreso Internacional de Enfermer\u00eda del IMSS, por el trabajo titulado \u201cNomofobia, <\/span><\/span><span class=\"s13\"><span class=\"bumpedFont17\">phubbing<\/span><\/span><span class=\"s13\"><span class=\"bumpedFont17\"> y salud mental en profesionales de enfermer\u00eda\u201d, al destacar su aportaci\u00f3n acad\u00e9mica y cient\u00edfica.<\/span><\/span><\/p>\n<p class=\"s14\"><span class=\"s13\"><span class=\"bumpedFont17\">La <\/span><\/span><span class=\"s13\"><span class=\"bumpedFont17\">titular del IMSS en Sinaloa, doctora Tania Clarissa Medina L\u00f3pez, subray\u00f3 que la Enfermer\u00eda representa una de las bases del sistema de salud institucional, al acompa\u00f1ar con profesionalismo y sensibilidad cada proceso de atenci\u00f3n.<\/span><\/span><\/p>\n<p><img loading=\"lazy\" decoding=\"async\" class=\"alignnone size-medium wp-image-139314 aligncenter\" src=\"https:\/\/plataformanoticias.mx\/wp-content\/uploads\/2026\/05\/1d34f0cd-2697-4a90-bd84-61eba786f893-300x225.jpeg\" alt=\"\" width=\"300\" height=\"225\" srcset=\"https:\/\/plataformanoticias.mx\/wp-content\/uploads\/2026\/05\/1d34f0cd-2697-4a90-bd84-61eba786f893-300x225.jpeg 300w, https:\/\/plataformanoticias.mx\/wp-content\/uploads\/2026\/05\/1d34f0cd-2697-4a90-bd84-61eba786f893-1024x768.jpeg 1024w, https:\/\/plataformanoticias.mx\/wp-content\/uploads\/2026\/05\/1d34f0cd-2697-4a90-bd84-61eba786f893-768x576.jpeg 768w, https:\/\/plataformanoticias.mx\/wp-content\/uploads\/2026\/05\/1d34f0cd-2697-4a90-bd84-61eba786f893.jpeg 1280w\" sizes=\"auto, (max-width: 300px) 100vw, 300px\" \/><\/p>\n<p class=\"s14\"><span class=\"s13\"><span class=\"bumpedFont17\">Destac\u00f3 que <\/span><\/span><span class=\"s13\"><span class=\"bumpedFont17\">enfermeras y enfermeros brindan <\/span><\/span><span class=\"s13\"><span class=\"bumpedFont17\">atenci\u00f3n en hospitales<\/span><\/span><span class=\"s13\"><span class=\"bumpedFont17\">, unidades m\u00e9dicas, servicios de urgencias, consulta externa y unidades rurales<\/span><\/span><span class=\"s13\"><span class=\"bumpedFont17\">, <\/span><\/span><span class=\"s13\"><span class=\"bumpedFont17\">fortaleciendo la atenci\u00f3n continua a la poblaci\u00f3n derechohabiente.<\/span><\/span><\/p>\n<p class=\"s14\"><span class=\"s13\"><span class=\"bumpedFont17\">El <\/span><\/span><span class=\"s13\"><span class=\"bumpedFont17\">personal de Enfermer\u00eda mantiene un papel central en las estrategias preventivas impulsadas por el director general del <\/span><\/span><span class=\"s13\"><span class=\"bumpedFont17\">Seguro Social<\/span><\/span><span class=\"s13\"><span class=\"bumpedFont17\">, maestro Zo\u00e9 Robledo, fortaleciendo la atenci\u00f3n m\u00e9dica y acercando los servicios de salud a toda la poblaci\u00f3n.<\/span><\/span><\/p>\n<p class=\"s14\"><span class=\"s13\"><span class=\"bumpedFont17\">Asimismo, <\/span><\/span><span class=\"s13\"><span class=\"bumpedFont17\">Medina L\u00f3pez<\/span><\/span> <span class=\"s13\"><span class=\"bumpedFont17\">resalt\u00f3 <\/span><\/span><span class=\"s13\"><span class=\"bumpedFont17\">la participaci\u00f3n del personal de Enfermer\u00eda en programas federales impulsados a nivel nacional, como \u201cSalud Casa por Casa\u201d, \u201cVive Saludable, Vive Feliz\u201d y \u201cAtenci\u00f3n a las Causas\u201d, mediante los cuales se fortalece la atenci\u00f3n m\u00e9dica en comunidades de dif\u00edcil acceso.<\/span><\/span><\/p>\n<p class=\"s14\"><span class=\"s13\"><span class=\"bumpedFont17\">Por su parte, <\/span><\/span><span class=\"s13\"><span class=\"bumpedFont17\">el secretario general de la Secci\u00f3n XI del SNTSS, doctor C\u00e9sar No\u00e9 Angulo Parra, destac\u00f3 que el gremio de Enfermer\u00eda ha fortalecido su desarrollo profesional y su capacidad de respuesta ante las necesidades del sistema de salud.<\/span><\/span><\/p>\n<p class=\"s14\"><span class=\"s13\"><span class=\"bumpedFont17\">El <\/span><\/span><span class=\"s13\"><span class=\"bumpedFont17\">titular de la Jefatura de Servicios de Prestaciones M\u00e9dicas, doctor Francisco Dom\u00ednguez Garc\u00eda, se\u00f1al\u00f3 que este personal representa un elemento esencial en la calidad de la atenci\u00f3n m\u00e9dica, al contribuir en la prevenci\u00f3n, orientaci\u00f3n y acompa\u00f1amiento de pacientes.<\/span><\/span><\/p>\n<p class=\"s14\"><span class=\"s13\"><span class=\"bumpedFont17\">El <\/span><\/span><span class=\"s13\"><span class=\"bumpedFont17\">IMSS en Sinaloa <\/span><\/span><span class=\"s13\"><span class=\"bumpedFont17\">ac<\/span><\/span><span class=\"s13\"><span class=\"bumpedFont17\">tualmente cuenta con m\u00e1s de 3 mil 800 profesionales de Enfermer\u00eda, quienes fortalecen la capacidad resolutiva de la instituci\u00f3n en toda la entidad.<\/span><\/span><\/p>\n","protected":false},"excerpt":{"rendered":"<p>\u2022 Entrega 78 reconocimientos a enfermeras y enfermeros por su compromiso, trayectoria y aportaciones profesionales. \u2022 Destaca la vocaci\u00f3n, profesionalismo y papel estrat\u00e9gico del gremio en la atenci\u00f3n m\u00e9dica institucional. El Instituto Mexicano del Seguro Social (IMSS) en Sinaloa llev\u00f3 a cabo una ceremonia institucional de reconocimiento al personal de Enfermer\u00eda, en la que se<\/p>\n","protected":false},"author":6,"featured_media":139315,"comment_status":"closed","ping_status":"closed","sticky":false,"template":"","format":"standard","meta":{"footnotes":""},"categories":[28],"tags":[],"class_list":["post-139310","post","type-post","status-publish","format-standard","has-post-thumbnail","hentry","category-centro"],"_links":{"self":[{"href":"https:\/\/plataformanoticias.mx\/index.php?rest_route=\/wp\/v2\/posts\/139310","targetHints":{"allow":["GET"]}}],"collection":[{"href":"https:\/\/plataformanoticias.mx\/index.php?rest_route=\/wp\/v2\/posts"}],"about":[{"href":"https:\/\/plataformanoticias.mx\/index.php?rest_route=\/wp\/v2\/types\/post"}],"author":[{"embeddable":true,"href":"https:\/\/plataformanoticias.mx\/index.php?rest_route=\/wp\/v2\/users\/6"}],"replies":[{"embeddable":true,"href":"https:\/\/plataformanoticias.mx\/index.php?rest_route=%2Fwp%2Fv2%2Fcomments&post=139310"}],"version-history":[{"count":1,"href":"https:\/\/plataformanoticias.mx\/index.php?rest_route=\/wp\/v2\/posts\/139310\/revisions"}],"predecessor-version":[{"id":139316,"href":"https:\/\/plataformanoticias.mx\/index.php?rest_route=\/wp\/v2\/posts\/139310\/revisions\/139316"}],"wp:featuredmedia":[{"embeddable":true,"href":"https:\/\/plataformanoticias.mx\/index.php?rest_route=\/wp\/v2\/media\/139315"}],"wp:attachment":[{"href":"https:\/\/plataformanoticias.mx\/index.php?rest_route=%2Fwp%2Fv2%2Fmedia&parent=139310"}],"wp:term":[{"taxonomy":"category","embeddable":true,"href":"https:\/\/plataformanoticias.mx\/index.php?rest_route=%2Fwp%2Fv2%2Fcategories&post=139310"},{"taxonomy":"post_tag","embeddable":true,"href":"https:\/\/plataformanoticias.mx\/index.php?rest_route=%2Fwp%2Fv2%2Ftags&post=139310"}],"curies":[{"name":"wp","href":"https:\/\/api.w.org\/{rel}","templated":true}]}}