{"id":139319,"date":"2026-05-18T20:42:22","date_gmt":"2026-05-19T03:42:22","guid":{"rendered":"https:\/\/plataformanoticias.mx\/?p=139319"},"modified":"2026-05-18T20:42:52","modified_gmt":"2026-05-19T03:42:52","slug":"comite-aprueba-lista-de-proveedores-del-programa-de-dotacion-de-uniformes-y-utiles-escolares-gratuitos-y-las-fechas-del-canje","status":"publish","type":"post","link":"https:\/\/plataformanoticias.mx\/?p=139319","title":{"rendered":"Comit\u00e9 aprueba lista de proveedores del programa de dotaci\u00f3n de uniformes y \u00fatiles escolares gratuitos, y las fechas del canje"},"content":{"rendered":"<p style=\"text-align: center\">Gloria Himelda F\u00e9lix Niebla, Titular de SEPyC, presidi\u00f3 la sesi\u00f3n del Comit\u00e9<\/p>\n<p>&nbsp;<\/p>\n<p><strong>Culiac\u00e1n, Sinaloa<\/strong>.-Los proveedores de uniformes y \u00fatiles escolares que se encargar\u00e1n de la entrega de los paquetes gratuitos a los padres y madres de familia de Sinaloa fueron aprobados por el Comit\u00e9 Estatal Operativo del Programa.<\/p>\n<p>La lista de proveedores ser\u00e1 divulgada para que los padres y madres de familia seleccionen el de su mayor preferencia y asistan al canje de los paquetes a partir del mes de agosto de 2026, de acuerdo a la letra de sus apellidos.<\/p>\n<p>En esta segunda Sesi\u00f3n Ordinaria del Comit\u00e9 Estatal Operativo del Programa para la Dotaci\u00f3n Gratuita de Uniformes, Calzado Deportivo y \u00datiles Escolares del Estado de Sinaloa se aprob\u00f3 el siguiente esquema:<\/p>\n<p>* Del 3 al 9 de agosto, ni\u00f1as y ni\u00f1os con su primer apellido con las letras A, B, C, D, E y F.<br \/>\n* Del 10 al 16 de agosto, estudiantes con su primer apellido con las letras G, H, I, J, K, L, M, N y O.<br \/>\n* Del 17 al 23 de agosto, alumnas y alumnos con su primer apellido con las letras P, Q, R, S, T, U, V, W, X, Y y Z.<br \/>\n* Del 24 de agosto en adelante, hasta el cierre del programa, quienes no hayan realizado el canje.<\/p>\n<p>Durante el pr\u00f3ximo Ciclo Escolar 2026-2027, se espera beneficiar a una matr\u00edcula total de 481 mil 690 alumnos de Educaci\u00f3n B\u00e1sica \u2014incluido CONAFE\u2014 distribuidos de la siguiente manera: 89 mil 193 de Preescolar, 253 mil 958 de Primaria, 2 mil 329 de Primaria Ind\u00edgena y 136 mil 210 de Secundaria, quienes recibir\u00e1n dos uniformes y un paquete de \u00fatiles cada uno y, en el caso de Preescolar, tendr\u00e1n adem\u00e1s un par de calzado deportivo.<\/p>\n<p>Durante la sesi\u00f3n se puso a consideraci\u00f3n el inicio de los trabajos para la revisi\u00f3n del Reglamento de la Ley para la dotaci\u00f3n de este programa, con el prop\u00f3sito de segmentar sus respectivas Reglas de Operaci\u00f3n.<\/p>\n<p>La sesi\u00f3n fue presidida por la Lic. Gloria Himelda F\u00e9lix Niebla, Secretaria de Educaci\u00f3n P\u00fablica y Cultura, con la presencia de la Mtra. Sandra Guadalupe Angulo C\u00e1zarez, Secretaria de Transparencia y Rendici\u00f3n de Cuentas; el Diputado Manuel de Jes\u00fas Guerrero Verdugo, Presidente de la Comisi\u00f3n de Educaci\u00f3n del Congreso Estatal; la Dra. Silvia Evelyn Ward Bringas, Subsecretaria de Educaci\u00f3n B\u00e1sica; as\u00ed como representantes de diversas secretar\u00edas e instituciones participantes.<\/p>\n","protected":false},"excerpt":{"rendered":"<p>Gloria Himelda F\u00e9lix Niebla, Titular de SEPyC, presidi\u00f3 la sesi\u00f3n del Comit\u00e9 &nbsp; Culiac\u00e1n, Sinaloa.-Los proveedores de uniformes y \u00fatiles escolares que se encargar\u00e1n de la entrega de los paquetes gratuitos a los padres y madres de familia de Sinaloa fueron aprobados por el Comit\u00e9 Estatal Operativo del Programa. La lista de proveedores ser\u00e1 divulgada<\/p>\n","protected":false},"author":6,"featured_media":139321,"comment_status":"closed","ping_status":"closed","sticky":false,"template":"","format":"standard","meta":{"footnotes":""},"categories":[28],"tags":[],"class_list":["post-139319","post","type-post","status-publish","format-standard","has-post-thumbnail","hentry","category-centro"],"_links":{"self":[{"href":"https:\/\/plataformanoticias.mx\/index.php?rest_route=\/wp\/v2\/posts\/139319","targetHints":{"allow":["GET"]}}],"collection":[{"href":"https:\/\/plataformanoticias.mx\/index.php?rest_route=\/wp\/v2\/posts"}],"about":[{"href":"https:\/\/plataformanoticias.mx\/index.php?rest_route=\/wp\/v2\/types\/post"}],"author":[{"embeddable":true,"href":"https:\/\/plataformanoticias.mx\/index.php?rest_route=\/wp\/v2\/users\/6"}],"replies":[{"embeddable":true,"href":"https:\/\/plataformanoticias.mx\/index.php?rest_route=%2Fwp%2Fv2%2Fcomments&post=139319"}],"version-history":[{"count":2,"href":"https:\/\/plataformanoticias.mx\/index.php?rest_route=\/wp\/v2\/posts\/139319\/revisions"}],"predecessor-version":[{"id":139329,"href":"https:\/\/plataformanoticias.mx\/index.php?rest_route=\/wp\/v2\/posts\/139319\/revisions\/139329"}],"wp:featuredmedia":[{"embeddable":true,"href":"https:\/\/plataformanoticias.mx\/index.php?rest_route=\/wp\/v2\/media\/139321"}],"wp:attachment":[{"href":"https:\/\/plataformanoticias.mx\/index.php?rest_route=%2Fwp%2Fv2%2Fmedia&parent=139319"}],"wp:term":[{"taxonomy":"category","embeddable":true,"href":"https:\/\/plataformanoticias.mx\/index.php?rest_route=%2Fwp%2Fv2%2Fcategories&post=139319"},{"taxonomy":"post_tag","embeddable":true,"href":"https:\/\/plataformanoticias.mx\/index.php?rest_route=%2Fwp%2Fv2%2Ftags&post=139319"}],"curies":[{"name":"wp","href":"https:\/\/api.w.org\/{rel}","templated":true}]}}