{"id":139330,"date":"2026-05-18T20:47:32","date_gmt":"2026-05-19T03:47:32","guid":{"rendered":"https:\/\/plataformanoticias.mx\/?p=139330"},"modified":"2026-05-18T20:47:32","modified_gmt":"2026-05-19T03:47:32","slug":"llamando-a-toda-la-gente-de-mar-regresa-la-regata-a-topolobampo","status":"publish","type":"post","link":"https:\/\/plataformanoticias.mx\/?p=139330","title":{"rendered":"\u00a1Llamando a toda la Gente de Mar! Regresa la Regata a Topolobampo"},"content":{"rendered":"<p>&nbsp;<\/p>\n<p><strong><img loading=\"lazy\" decoding=\"async\" class=\"alignnone size-medium wp-image-139333 aligncenter\" src=\"https:\/\/plataformanoticias.mx\/wp-content\/uploads\/2026\/05\/b006fc0f-7c32-40f4-88a1-549a15b027ff-225x300.jpeg\" alt=\"\" width=\"225\" height=\"300\" srcset=\"https:\/\/plataformanoticias.mx\/wp-content\/uploads\/2026\/05\/b006fc0f-7c32-40f4-88a1-549a15b027ff-225x300.jpeg 225w, https:\/\/plataformanoticias.mx\/wp-content\/uploads\/2026\/05\/b006fc0f-7c32-40f4-88a1-549a15b027ff-768x1024.jpeg 768w, https:\/\/plataformanoticias.mx\/wp-content\/uploads\/2026\/05\/b006fc0f-7c32-40f4-88a1-549a15b027ff-1152x1536.jpeg 1152w, https:\/\/plataformanoticias.mx\/wp-content\/uploads\/2026\/05\/b006fc0f-7c32-40f4-88a1-549a15b027ff.jpeg 1200w\" sizes=\"auto, (max-width: 225px) 100vw, 225px\" \/><br \/>\nLos Mochis, Ahome, Sinaloa.-<\/strong>El Puerto se prepara para recibir una nueva edici\u00f3n de la \u201cRegata: Gente de Mar\u201d que se llevar\u00e1 a cabo el s\u00e1bado 20 de junio.<\/p>\n<p>La traves\u00eda iniciar\u00e1 a las 7:00 a.m. en Marina Domingo, punto de salida hacia Playa Las Conchitas.<\/p>\n<p>El evento ser\u00e1 totalmente gratuito y abierto al p\u00fablico; quienes no cuenten con equipo propio podr\u00e1n rentar con prestadores de servicios tur\u00edsticos del puerto.<\/p>\n<p>La Directora de Turismo Municipal, Arianna Carrera, destac\u00f3 que esta actividad impulsa a Topolobampo como un destino para el turismo n\u00e1utico, deportivo y de naturaleza.<\/p>\n<p>En ese sentido, enfatiz\u00f3 el compromiso ambiental del evento.<\/p>\n<p>\u201cDurante esta actividad vamos a estar fomentando acciones de cuidado y el respeto a nuestro ecosistema, invitando a todos los participantes a preservar nuestras playas, evitando residuos y proteger la flora y la fauna\u201d se\u00f1al\u00f3.<\/p>\n<p>A\u00f1adi\u00f3 que este evento representa una oportunidad para fortalecer la alianza tur\u00edstica entre Topolobampo y La Paz, aprovechando la conectividad mar\u00edtima y a\u00e9rea entre ambas regiones.<\/p>\n<p>En este contexto, agradeci\u00f3 a TAR M\u00e9xico por sumarse a la promoci\u00f3n de esta estrategia, gracias a la ruta a\u00e9rea directa diaria entre Los Mochis y La Paz.<\/p>\n<p>Asimismo, reconoci\u00f3 el respaldo del Presidente Municipal Antonio Men\u00e9ndez de Llano Berm\u00fadez por impulsar eventos que fortalezcan la actividad tur\u00edstica del municipio.<\/p>\n<p>Por su parte, la Presidenta de Marina Domingo y organizadora del evento, Marielle Zapata, explic\u00f3 que esta actividad se desarrollar\u00e1 en aguas tranquilas y en una ruta rodeada de paisajes naturales \u00fanicos.<\/p>\n<p>\u201cEs una actividad muy segura en aguas tranquilas y en una ruta hermosa donde vas pasando por paisajes incre\u00edbles, manglares, aves\u201d.<\/p>\n<p>Para garantizar la seguridad, el evento contar\u00e1 con la presencia de Capitan\u00eda de Puerto, que desplegar\u00e1 recorridos mar\u00edtimos, terrestres y comunicaci\u00f3n v\u00eda radio para brindar atenci\u00f3n durante toda la actividad.<\/p>\n<p>Se suma el apoyo del Instituto Municipal del Deporte de Ahome, reforzando esta experiencia que une deporte, turismo y convivencia familiar.<\/p>\n<p>Las inscripciones pueden realizarse a trav\u00e9s de los n\u00fameros 668 138 3428 y 668 135 6771, o en las oficinas de la Direcci\u00f3n de Turismo, ubicadas en Blvd. Rosendo G. Castro Pte. 667.<\/p>\n","protected":false},"excerpt":{"rendered":"<p>&nbsp; Los Mochis, Ahome, Sinaloa.-El Puerto se prepara para recibir una nueva edici\u00f3n de la \u201cRegata: Gente de Mar\u201d que se llevar\u00e1 a cabo el s\u00e1bado 20 de junio. La traves\u00eda iniciar\u00e1 a las 7:00 a.m. en Marina Domingo, punto de salida hacia Playa Las Conchitas. El evento ser\u00e1 totalmente gratuito y abierto al p\u00fablico;<\/p>\n","protected":false},"author":6,"featured_media":139332,"comment_status":"closed","ping_status":"closed","sticky":false,"template":"","format":"standard","meta":{"footnotes":""},"categories":[38],"tags":[],"class_list":["post-139330","post","type-post","status-publish","format-standard","has-post-thumbnail","hentry","category-locales"],"_links":{"self":[{"href":"https:\/\/plataformanoticias.mx\/index.php?rest_route=\/wp\/v2\/posts\/139330","targetHints":{"allow":["GET"]}}],"collection":[{"href":"https:\/\/plataformanoticias.mx\/index.php?rest_route=\/wp\/v2\/posts"}],"about":[{"href":"https:\/\/plataformanoticias.mx\/index.php?rest_route=\/wp\/v2\/types\/post"}],"author":[{"embeddable":true,"href":"https:\/\/plataformanoticias.mx\/index.php?rest_route=\/wp\/v2\/users\/6"}],"replies":[{"embeddable":true,"href":"https:\/\/plataformanoticias.mx\/index.php?rest_route=%2Fwp%2Fv2%2Fcomments&post=139330"}],"version-history":[{"count":1,"href":"https:\/\/plataformanoticias.mx\/index.php?rest_route=\/wp\/v2\/posts\/139330\/revisions"}],"predecessor-version":[{"id":139334,"href":"https:\/\/plataformanoticias.mx\/index.php?rest_route=\/wp\/v2\/posts\/139330\/revisions\/139334"}],"wp:featuredmedia":[{"embeddable":true,"href":"https:\/\/plataformanoticias.mx\/index.php?rest_route=\/wp\/v2\/media\/139332"}],"wp:attachment":[{"href":"https:\/\/plataformanoticias.mx\/index.php?rest_route=%2Fwp%2Fv2%2Fmedia&parent=139330"}],"wp:term":[{"taxonomy":"category","embeddable":true,"href":"https:\/\/plataformanoticias.mx\/index.php?rest_route=%2Fwp%2Fv2%2Fcategories&post=139330"},{"taxonomy":"post_tag","embeddable":true,"href":"https:\/\/plataformanoticias.mx\/index.php?rest_route=%2Fwp%2Fv2%2Ftags&post=139330"}],"curies":[{"name":"wp","href":"https:\/\/api.w.org\/{rel}","templated":true}]}}