{"id":139540,"date":"2026-05-22T13:43:25","date_gmt":"2026-05-22T20:43:25","guid":{"rendered":"https:\/\/plataformanoticias.mx\/?p=139540"},"modified":"2026-05-22T13:43:25","modified_gmt":"2026-05-22T20:43:25","slug":"ahome-primer-municipio-del-pais-en-implementar-la-plataforma-nacional-de-establecimientos-mercantiles","status":"publish","type":"post","link":"https:\/\/plataformanoticias.mx\/?p=139540","title":{"rendered":"Ahome, primer municipio del pa\u00eds en implementar la Plataforma Nacional de Establecimientos Mercantiles"},"content":{"rendered":"<p class=\"s7\"><span class=\"s8\">Durante el lanzamiento se realiz\u00f3 una demostraci\u00f3n en tiempo real del sistema, donde se comprob\u00f3 que diversos tr\u00e1mites pueden hacerse en cuesti\u00f3n de minutos, con procesos m\u00e1s simples y menores tiempos para peque\u00f1os y medianos negocios<\/span><span class=\"s8\">\u2026<\/span><\/p>\n<p class=\"s7\" style=\"text-align: center\"><span class=\"s8\"> <img loading=\"lazy\" decoding=\"async\" class=\"alignnone size-medium wp-image-139542\" src=\"https:\/\/plataformanoticias.mx\/wp-content\/uploads\/2026\/05\/a1d777b7-0ef1-4b11-87f0-c46af6bb9229-300x200.jpeg\" alt=\"\" width=\"300\" height=\"200\" srcset=\"https:\/\/plataformanoticias.mx\/wp-content\/uploads\/2026\/05\/a1d777b7-0ef1-4b11-87f0-c46af6bb9229-300x200.jpeg 300w, https:\/\/plataformanoticias.mx\/wp-content\/uploads\/2026\/05\/a1d777b7-0ef1-4b11-87f0-c46af6bb9229-1024x683.jpeg 1024w, https:\/\/plataformanoticias.mx\/wp-content\/uploads\/2026\/05\/a1d777b7-0ef1-4b11-87f0-c46af6bb9229-768x512.jpeg 768w, https:\/\/plataformanoticias.mx\/wp-content\/uploads\/2026\/05\/a1d777b7-0ef1-4b11-87f0-c46af6bb9229.jpeg 1280w\" sizes=\"auto, (max-width: 300px) 100vw, 300px\" \/><\/span><\/p>\n<p class=\"s7\"><strong><span class=\"s10\"><span class=\"bumpedFont15\">Los Mochis<\/span><\/span><span class=\"s10\"><span class=\"bumpedFont15\">, Ahome, Sinaloa<\/span><\/span><\/strong><span class=\"s10\"><span class=\"bumpedFont15\"><strong>.-<\/strong> <\/span><\/span><span class=\"s11\"><span class=\"bumpedFont15\">El Municipio de Ahome se convirti\u00f3 en el primero del pa\u00eds en implementar la Plataforma Nacional de Establecimientos Mercantiles, herramienta impulsada por la Agencia de Transformaci\u00f3n Digital y Telecomunicaciones del Gobierno de M\u00e9xico para facilitar, ordenar y agilizar tr\u00e1mites relacionados con la operaci\u00f3n de negocios.<\/span><\/span><\/p>\n<p class=\"s7\"><span class=\"s11\"><span class=\"bumpedFont15\">Durante el evento se llev\u00f3 a cabo una presentaci\u00f3n pr\u00e1ctica de la plataforma, donde se demostr\u00f3 que los tr\u00e1mites pueden realizarse en cuesti\u00f3n de minutos, mediante un sistema digital que simplifica procesos, reduce tiempos y facilita el acceso de la ciudadan\u00eda a servicios de los tres niveles de gobierno.<\/span><\/span><\/p>\n<p class=\"s7\"><span class=\"s11\"><span class=\"bumpedFont15\">Adem\u00e1s, la Agencia de Transformaci\u00f3n Digital y Telecomunicaciones entreg\u00f3 un reconocimiento al Municipio de Ahome por ser el primer Ayuntamiento del pa\u00eds en implementar esta herramienta.<\/span><\/span><\/p>\n<p class=\"s7\"><span class=\"s11\"><span class=\"bumpedFont15\">El <\/span><\/span><span class=\"s11\"><span class=\"bumpedFont15\">Secretario<\/span><\/span><span class=\"s11\"><span class=\"bumpedFont15\"> de Econom\u00eda de Sinaloa, Feliciano Castro Mel\u00e9ndrez, destac\u00f3 que este lanzamiento forma parte de las acciones de transformaci\u00f3n digital promovidas por la <\/span><\/span><span class=\"s11\"><span class=\"bumpedFont15\">Presidenta<\/span><\/span><span class=\"s11\"><span class=\"bumpedFont15\"> de M\u00e9xico, Claudia Sheinbaum Pardo, dentro del Plan M\u00e9xico.<\/span><\/span><\/p>\n<p class=\"s7\"><span class=\"s11\"><span class=\"bumpedFont15\">\u201cHoy somos testigos del lanzamiento de la Plataforma Nacional para Establecimientos Mercantiles, impulsada por la Agencia de Transformaci\u00f3n Digital y Telecomunicaciones del Gobierno de M\u00e9xico. Que Ahome sea el primer municipio del pa\u00eds habla del trabajo realizado\u201d, expres\u00f3.<\/span><\/span><\/p>\n<p class=\"s7\"><span class=\"s11\"><span class=\"bumpedFont15\">El funcionario estatal felicit\u00f3 al pueblo de Ahome, al <\/span><\/span><span class=\"s11\"><span class=\"bumpedFont15\">Presidente<\/span><\/span><span class=\"s11\"><span class=\"bumpedFont15\"> Municipal y al equipo t\u00e9cnico que hizo posible este avance, al se\u00f1alar que la plataforma responde a las acciones inmediatas para la inversi\u00f3n, relacionadas con energ\u00eda, infraestructura, salud y transformaci\u00f3n digital.<\/span><\/span><\/p>\n<p class=\"s7\"><span class=\"s11\"><span class=\"bumpedFont15\">Por su parte, el <\/span><\/span><span class=\"s11\"><span class=\"bumpedFont15\">Presidente<\/span><\/span><span class=\"s11\"><span class=\"bumpedFont15\"> Municipal de Ahome, Antonio Men\u00e9ndez de Llano Berm\u00fadez, se\u00f1al\u00f3 que este avance refleja el rumbo que ha decidido tomar el Gobierno Municipal, con tr\u00e1mites m\u00e1s accesibles y una administraci\u00f3n moderna.<\/span><\/span><\/p>\n<p class=\"s7\"><span class=\"s11\"><span class=\"bumpedFont15\">\u201cPara Ahome este es un d\u00eda muy significativo, porque somos el primer municipio del pa\u00eds en lanzar y poner esta plataforma a disposici\u00f3n de la ciudadan\u00eda. Esto habla del rumbo que hemos decidido tomar, donde la modernizaci\u00f3n administrativa, la simplificaci\u00f3n de tr\u00e1mites y el impulso al desarrollo econ\u00f3mico comienzan a reflejarse en acciones concretas\u201d, manifest\u00f3.<\/span><\/span><\/p>\n<p class=\"s7\"><span class=\"s11\"><span class=\"bumpedFont15\">La <\/span><\/span><span class=\"s11\"><span class=\"bumpedFont15\">Directora<\/span><\/span><span class=\"s11\"><span class=\"bumpedFont15\"> de Proyectos Estrat\u00e9gicos Nacionales de la Agencia de Transformaci\u00f3n Digital y Telecomunicaciones, Tania Gabriela Torales Romero, explic\u00f3 que la plataforma fue dise\u00f1ada para orientar a las personas usuarias sobre los tr\u00e1mites necesarios para que sus negocios puedan operar de manera regular.<\/span><\/span><\/p>\n<p class=\"s7\"><span class=\"s11\"><span class=\"bumpedFont15\">\u201cLa plataforma centraliza estos tr\u00e1mites y, en tres sencillos clics, mediante un diagn\u00f3stico orientado, la persona puede generar sus avisos municipales, estatales y federales. La intenci\u00f3n es que todo est\u00e9 centralizado y que se acompa\u00f1e a la persona desde el primer momento\u201d, detall\u00f3.<\/span><\/span><\/p>\n<p class=\"s7\"><span class=\"s11\"><span class=\"bumpedFont15\">Agreg\u00f3 que la herramienta ya se encuentra disponible para la ciudadan\u00eda, especialmente para peque\u00f1os y medianos negocios, y puede utilizarse mediante \u201cLlave MX\u201d, acceso \u00fanico para plataformas de tr\u00e1mites y servicios de los tres niveles de gobierno.<\/span><\/span><\/p>\n","protected":false},"excerpt":{"rendered":"<p>Durante el lanzamiento se realiz\u00f3 una demostraci\u00f3n en tiempo real del sistema, donde se comprob\u00f3 que diversos tr\u00e1mites pueden hacerse en cuesti\u00f3n de minutos, con procesos m\u00e1s simples y menores tiempos para peque\u00f1os y medianos negocios\u2026 Los Mochis, Ahome, Sinaloa.- El Municipio de Ahome se convirti\u00f3 en el primero del pa\u00eds en implementar la Plataforma<\/p>\n","protected":false},"author":6,"featured_media":139543,"comment_status":"closed","ping_status":"closed","sticky":false,"template":"","format":"standard","meta":{"footnotes":""},"categories":[38],"tags":[],"class_list":["post-139540","post","type-post","status-publish","format-standard","has-post-thumbnail","hentry","category-locales"],"_links":{"self":[{"href":"https:\/\/plataformanoticias.mx\/index.php?rest_route=\/wp\/v2\/posts\/139540","targetHints":{"allow":["GET"]}}],"collection":[{"href":"https:\/\/plataformanoticias.mx\/index.php?rest_route=\/wp\/v2\/posts"}],"about":[{"href":"https:\/\/plataformanoticias.mx\/index.php?rest_route=\/wp\/v2\/types\/post"}],"author":[{"embeddable":true,"href":"https:\/\/plataformanoticias.mx\/index.php?rest_route=\/wp\/v2\/users\/6"}],"replies":[{"embeddable":true,"href":"https:\/\/plataformanoticias.mx\/index.php?rest_route=%2Fwp%2Fv2%2Fcomments&post=139540"}],"version-history":[{"count":1,"href":"https:\/\/plataformanoticias.mx\/index.php?rest_route=\/wp\/v2\/posts\/139540\/revisions"}],"predecessor-version":[{"id":139544,"href":"https:\/\/plataformanoticias.mx\/index.php?rest_route=\/wp\/v2\/posts\/139540\/revisions\/139544"}],"wp:featuredmedia":[{"embeddable":true,"href":"https:\/\/plataformanoticias.mx\/index.php?rest_route=\/wp\/v2\/media\/139543"}],"wp:attachment":[{"href":"https:\/\/plataformanoticias.mx\/index.php?rest_route=%2Fwp%2Fv2%2Fmedia&parent=139540"}],"wp:term":[{"taxonomy":"category","embeddable":true,"href":"https:\/\/plataformanoticias.mx\/index.php?rest_route=%2Fwp%2Fv2%2Fcategories&post=139540"},{"taxonomy":"post_tag","embeddable":true,"href":"https:\/\/plataformanoticias.mx\/index.php?rest_route=%2Fwp%2Fv2%2Ftags&post=139540"}],"curies":[{"name":"wp","href":"https:\/\/api.w.org\/{rel}","templated":true}]}}