{"id":139545,"date":"2026-05-22T15:37:08","date_gmt":"2026-05-22T22:37:08","guid":{"rendered":"https:\/\/plataformanoticias.mx\/?p=139545"},"modified":"2026-05-22T15:37:08","modified_gmt":"2026-05-22T22:37:08","slug":"ahome-ha-sido-un-horizonte-de-progreso-y-crecimiento-feliciano-castro-melendrez","status":"publish","type":"post","link":"https:\/\/plataformanoticias.mx\/?p=139545","title":{"rendered":"Ahome ha sido un horizonte de progreso y crecimiento\u201d: Feliciano Castro Mel\u00e9ndrez."},"content":{"rendered":"<p class=\"s6\"><span class=\"s7\">As\u00ed <\/span><span class=\"s7\">l<\/span><span class=\"s7\">o expres\u00f3 el Secretario de Econom\u00eda de Sinaloa ante el Alcalde Antonio Men\u00e9ndez <\/span><span class=\"s7\">De Llano Berm\u00fadez <\/span><span class=\"s7\">y los ahomenses <\/span><span class=\"s7\">reunidos <\/span><span class=\"s7\">durante la Feria del Empleo Los Mochis 2026<\/span><span class=\"s7\"> donde 24 empresas ofertaron poco m\u00e1s de 400 vacantes<\/span><span class=\"s7\">\u2026<\/span><\/p>\n<p class=\"s9\" style=\"text-align: center\"><span class=\"s8\"> <img loading=\"lazy\" decoding=\"async\" class=\"alignnone size-medium wp-image-139547\" src=\"https:\/\/plataformanoticias.mx\/wp-content\/uploads\/2026\/05\/51fcbb37-9f56-495c-b506-b5853d4a5a01-300x200.jpeg\" alt=\"\" width=\"300\" height=\"200\" srcset=\"https:\/\/plataformanoticias.mx\/wp-content\/uploads\/2026\/05\/51fcbb37-9f56-495c-b506-b5853d4a5a01-300x200.jpeg 300w, https:\/\/plataformanoticias.mx\/wp-content\/uploads\/2026\/05\/51fcbb37-9f56-495c-b506-b5853d4a5a01-1024x684.jpeg 1024w, https:\/\/plataformanoticias.mx\/wp-content\/uploads\/2026\/05\/51fcbb37-9f56-495c-b506-b5853d4a5a01-768x513.jpeg 768w, https:\/\/plataformanoticias.mx\/wp-content\/uploads\/2026\/05\/51fcbb37-9f56-495c-b506-b5853d4a5a01-1536x1025.jpeg 1536w, https:\/\/plataformanoticias.mx\/wp-content\/uploads\/2026\/05\/51fcbb37-9f56-495c-b506-b5853d4a5a01-2048x1367.jpeg 2048w\" sizes=\"auto, (max-width: 300px) 100vw, 300px\" \/><\/span><\/p>\n<p class=\"s9\"><strong><span class=\"s8\"><span class=\"bumpedFont15\">Los Mochis, <\/span><\/span><span class=\"s8\"><span class=\"bumpedFont15\">Ahome, <\/span><\/span><span class=\"s8\"><span class=\"bumpedFont15\">Sinaloa<\/span><\/span><\/strong><span class=\"s8\"><span class=\"bumpedFont15\"><strong>.<\/strong>&#8211;<\/span><\/span> <span class=\"s10\"><span class=\"bumpedFont15\">Con una oferta superior a las 410 <\/span><\/span><span class=\"s10\"><span class=\"bumpedFont15\">espacios <\/span><\/span><span class=\"s10\"><span class=\"bumpedFont15\">laborales, por parte de 24 empresas privadas y p\u00fablicas se celebr\u00f3 dicha Feria del Empleo, contando con la presencia del Secretario de Econom\u00eda de Sinaloa, Feliciano Castro Mel\u00e9nd<\/span><\/span><span class=\"s10\"><span class=\"bumpedFont15\">r<\/span><\/span><span class=\"s10\"><span class=\"bumpedFont15\">ez y del Alcalde de Ahome Antonio Men\u00e9ndez De Llano Berm\u00fadez, as\u00ed como representantes del Sistema Nacional del Empleo y de la iniciativa privada, quienes elogiaron el trabajo en conjunto y <\/span><\/span><span class=\"s10\"><span class=\"bumpedFont15\">en <\/span><\/span><span class=\"s10\"><span class=\"bumpedFont15\">unidad para avanzar con paso sostenido al desarrollo social y econ\u00f3mico.<\/span><\/span><\/p>\n<p class=\"s9\"><span class=\"s10\">\u00a0<\/span><\/p>\n<p class=\"s9\"><span class=\"s10\"><span class=\"bumpedFont15\">Para el protocolo inaugural del evento, donde se dieron cita cientos de personas, en su mayor\u00eda j\u00f3venes, se cont\u00f3 tambi\u00e9n con la presencia de la titular del Sistema Nacional del Empleo en el <\/span><\/span><span class=\"s10\"><span class=\"bumpedFont15\">E<\/span><\/span><span class=\"s10\"><span class=\"bumpedFont15\">stado<\/span><\/span><span class=\"s10\"><span class=\"bumpedFont15\">,<\/span><\/span><span class=\"s10\"><span class=\"bumpedFont15\"> Abril Vega<\/span><\/span> <span class=\"s10\"><span class=\"bumpedFont15\">Araiza, <\/span><\/span><span class=\"s10\"><span class=\"bumpedFont15\">y<\/span><\/span><span class=\"s10\"><span class=\"bumpedFont15\"> el Director de Trabajo y Previsi\u00f3n Social, <\/span><\/span><span class=\"s10\"><span class=\"bumpedFont15\">Marco Antonio Zazueta, entre otros.<\/span><\/span><\/p>\n<p class=\"s9\"><span class=\"s10\">\u00a0<\/span><\/p>\n<p class=\"s9\"><span class=\"s10\"><span class=\"bumpedFont15\">En su mensaje, el Secretario de Econom\u00eda, <\/span><\/span><span class=\"s10\"><span class=\"bumpedFont15\">Fel<\/span><\/span><span class=\"s10\"><span class=\"bumpedFont15\">i<\/span><\/span><span class=\"s10\"><span class=\"bumpedFont15\">ciano <\/span><\/span><span class=\"s10\"><span class=\"bumpedFont15\">C<\/span><\/span><span class=\"s10\"><span class=\"bumpedFont15\">astro Me<\/span><\/span><span class=\"s10\"><span class=\"bumpedFont15\">l\u00e9<\/span><\/span><span class=\"s10\"><span class=\"bumpedFont15\">ndrez<\/span><\/span><span class=\"s10\"><span class=\"bumpedFont15\">, subray\u00f3 que Ahome<\/span><\/span><span class=\"s10\"><span class=\"bumpedFont15\"> tiene <\/span><\/span><span class=\"s10\"><span class=\"bumpedFont15\">algo <\/span><\/span><span class=\"s10\"><span class=\"bumpedFont15\">que <\/span><\/span><span class=\"s10\"><span class=\"bumpedFont15\">lo caracteriza: \u201cSiempre ha <\/span><\/span><span class=\"s10\"><span class=\"bumpedFont15\">sido <\/span><\/span><span class=\"s10\"><span class=\"bumpedFont15\">un <\/span><\/span><span class=\"s10\"><span class=\"bumpedFont15\">horizonte para al<\/span><\/span><span class=\"s10\"><span class=\"bumpedFont15\">c<\/span><\/span><span class=\"s10\"><span class=\"bumpedFont15\">an<\/span><\/span><span class=\"s10\"><span class=\"bumpedFont15\">z<\/span><\/span><span class=\"s10\"><span class=\"bumpedFont15\">ar dim<\/span><\/span><span class=\"s10\"><span class=\"bumpedFont15\">en<\/span><\/span><span class=\"s10\"><span class=\"bumpedFont15\">si<\/span><\/span><span class=\"s10\"><span class=\"bumpedFont15\">ones <\/span><\/span><span class=\"s10\"><span class=\"bumpedFont15\">su<\/span><\/span><span class=\"s10\"><span class=\"bumpedFont15\">periores <\/span><\/span><span class=\"s10\"><span class=\"bumpedFont15\">en el desarr<\/span><\/span><span class=\"s10\"><span class=\"bumpedFont15\">o<\/span><\/span><span class=\"s10\"><span class=\"bumpedFont15\">llo<\/span><\/span><span class=\"s10\"><span class=\"bumpedFont15\">,<\/span><\/span><span class=\"s10\"><span class=\"bumpedFont15\"> por lo <\/span><\/span><span class=\"s10\"><span class=\"bumpedFont15\">t<\/span><\/span><span class=\"s10\"><span class=\"bumpedFont15\">anto<\/span><\/span><span class=\"s10\"><span class=\"bumpedFont15\">,<\/span><\/span><span class=\"s10\"><span class=\"bumpedFont15\">podemos plante<\/span><\/span><span class=\"s10\"><span class=\"bumpedFont15\">a<\/span><\/span><span class=\"s10\"><span class=\"bumpedFont15\">rno<\/span><\/span><span class=\"s10\"><span class=\"bumpedFont15\">s<\/span><\/span><span class=\"s10\"><span class=\"bumpedFont15\"> como ho<\/span><\/span><span class=\"s10\"><span class=\"bumpedFont15\">rizonte, <\/span><\/span><span class=\"s10\"><span class=\"bumpedFont15\">como <\/span><\/span><span class=\"s10\"><span class=\"bumpedFont15\">un <\/span><\/span><span class=\"s10\"><span class=\"bumpedFont15\">sue\u00f1o<\/span><\/span><span class=\"s10\"><span class=\"bumpedFont15\">, construir juntos un <\/span><\/span><span class=\"s10\"><span class=\"bumpedFont15\">estado y <\/span><\/span><span class=\"s10\"><span class=\"bumpedFont15\">un <\/span><\/span><span class=\"s10\"><span class=\"bumpedFont15\">mun<\/span><\/span><span class=\"s10\"><span class=\"bumpedFont15\">i<\/span><\/span><span class=\"s10\"><span class=\"bumpedFont15\">cip<\/span><\/span><span class=\"s10\"><span class=\"bumpedFont15\">io <\/span><\/span><span class=\"s10\"><span class=\"bumpedFont15\">don<\/span><\/span><span class=\"s10\"><span class=\"bumpedFont15\">d<\/span><\/span><span class=\"s10\"><span class=\"bumpedFont15\">e pr<\/span><\/span><span class=\"s10\"><span class=\"bumpedFont15\">e<\/span><\/span><span class=\"s10\"><span class=\"bumpedFont15\">va<\/span><\/span><span class=\"s10\"><span class=\"bumpedFont15\">lezcan <\/span><\/span><span class=\"s10\"><span class=\"bumpedFont15\">los derechos humanos<\/span><\/span><span class=\"s10\"><span class=\"bumpedFont15\"> y el crecimiento de las personas\u201d.<\/span><\/span><\/p>\n<p class=\"s9\"><span class=\"s10\">\u00a0<\/span><\/p>\n<p class=\"s9\"><span class=\"s10\"><span class=\"bumpedFont15\">Por su parte el Presidente Municipal Antonio Men\u00e9ndez De Llano Berm\u00fadez, agradeci\u00f3 el apoyo de los gobiernos Federal y Estatal, as\u00ed como de los organismos de la Iniciativa Privada, para concretar este tipo de actividades que consoliden el desarrollo social y econ\u00f3mico de Ahome, La Casa de Todos.<\/span><\/span><\/p>\n<p class=\"s9\"><span class=\"s10\">\u00a0<\/span><\/p>\n<p class=\"s9\"><span class=\"s10\"><span class=\"bumpedFont15\">\u201cMuchas gracias por permitirnos se<\/span><\/span><span class=\"s10\"><span class=\"bumpedFont15\">g<\/span><\/span><span class=\"s10\"><span class=\"bumpedFont15\">ui<\/span><\/span><span class=\"s10\"><span class=\"bumpedFont15\">r bu<\/span><\/span><span class=\"s10\"><span class=\"bumpedFont15\">sc<\/span><\/span><span class=\"s10\"><span class=\"bumpedFont15\">a<\/span><\/span><span class=\"s10\"><span class=\"bumpedFont15\">n<\/span><\/span><span class=\"s10\"><span class=\"bumpedFont15\">do la ma<\/span><\/span><span class=\"s10\"><span class=\"bumpedFont15\">n<\/span><\/span><span class=\"s10\"><span class=\"bumpedFont15\">era de<\/span><\/span> <span class=\"s10\"><span class=\"bumpedFont15\">gen<\/span><\/span><span class=\"s10\"><span class=\"bumpedFont15\">e<\/span><\/span><span class=\"s10\"><span class=\"bumpedFont15\">rar riqueza <\/span><\/span><span class=\"s10\"><span class=\"bumpedFont15\">y empleo. Valoro mucho la o<\/span><\/span><span class=\"s10\"><span class=\"bumpedFont15\">po<\/span><\/span><span class=\"s10\"><span class=\"bumpedFont15\">r<\/span><\/span><span class=\"s10\"><span class=\"bumpedFont15\">tu<\/span><\/span><span class=\"s10\"><span class=\"bumpedFont15\">n<\/span><\/span><span class=\"s10\"><span class=\"bumpedFont15\">idad <\/span><\/span><span class=\"s10\"><span class=\"bumpedFont15\">que nos brindan <\/span><\/span><span class=\"s10\"><span class=\"bumpedFont15\">de seg<\/span><\/span><span class=\"s10\"><span class=\"bumpedFont15\">ui<\/span><\/span><span class=\"s10\"><span class=\"bumpedFont15\">r siendo <\/span><\/span><span class=\"s10\"><span class=\"bumpedFont15\">\u00fatiles\u201d, expres<\/span><\/span><span class=\"s10\"><span class=\"bumpedFont15\">\u00f3<\/span><\/span><span class=\"s10\"><span class=\"bumpedFont15\"> De Llano Berm\u00fadez.<\/span><\/span><\/p>\n<p class=\"s9\"><span class=\"s10\">\u00a0<\/span><\/p>\n<p class=\"s9\"><span class=\"s10\"><span class=\"bumpedFont15\">En tanto, la titular del Servicio del Empleo en Sinaloa, Abril Vega, dijo que esta regi\u00f3n de Sinaloa se d<\/span><\/span><span class=\"s10\"><span class=\"bumpedFont15\">i<\/span><\/span><span class=\"s10\"><span class=\"bumpedFont15\">s<\/span><\/span><span class=\"s10\"><span class=\"bumpedFont15\">t<\/span><\/span><span class=\"s10\"><span class=\"bumpedFont15\">in<\/span><\/span><span class=\"s10\"><span class=\"bumpedFont15\">gue por el di<\/span><\/span><span class=\"s10\"><span class=\"bumpedFont15\">namismo, tanto del <\/span><\/span><span class=\"s10\"><span class=\"bumpedFont15\">gobierno <\/span><\/span><span class=\"s10\"><span class=\"bumpedFont15\">como de la ciudadan\u00eda, <\/span><\/span><span class=\"s10\"><span class=\"bumpedFont15\">y <\/span><\/span><span class=\"s10\"><span class=\"bumpedFont15\">esta Feria del Empleo es muestra de ello.<\/span><\/span><\/p>\n<p class=\"s9\"><span class=\"s10\">\u00a0<\/span><\/p>\n<p class=\"s9\"><span class=\"s10\"><span class=\"bumpedFont15\">Durante el evento se ofertaron vacantes de todo tipo, tanto en \u00e1reas administrativas, operativas, tecnol\u00f3gicas, <\/span><\/span><span class=\"s10\"><span class=\"bumpedFont15\">com<\/span><\/span><span class=\"s10\"><span class=\"bumpedFont15\">e<\/span><\/span><span class=\"s10\"><span class=\"bumpedFont15\">r<\/span><\/span><span class=\"s10\"><span class=\"bumpedFont15\">ciales y d<\/span><\/span><span class=\"s10\"><span class=\"bumpedFont15\">e<\/span><\/span> <span class=\"s10\"><span class=\"bumpedFont15\">seg<\/span><\/span><span class=\"s10\"><span class=\"bumpedFont15\">ur<\/span><\/span><span class=\"s10\"><span class=\"bumpedFont15\">id<\/span><\/span><span class=\"s10\"><span class=\"bumpedFont15\">a<\/span><\/span><span class=\"s10\"><span class=\"bumpedFont15\">d<\/span><\/span><span class=\"s10\"><span class=\"bumpedFont15\">, entre otras, <\/span><\/span><span class=\"s10\"><span class=\"bumpedFont15\">con <\/span><\/span><span class=\"s10\"><span class=\"bumpedFont15\">s<\/span><\/span><span class=\"s10\"><span class=\"bumpedFont15\">alarios de hasta 30 mil<\/span><\/span><span class=\"s10\"><span class=\"bumpedFont15\"> pesos, y tambi\u00e9n <\/span><\/span><span class=\"s10\"><span class=\"bumpedFont15\">se<\/span><\/span><span class=\"s10\"><span class=\"bumpedFont15\"> incluy\u00f3 una <\/span><\/span><span class=\"s10\"><span class=\"bumpedFont15\">mesa de<\/span><\/span> <span class=\"s10\"><span class=\"bumpedFont15\">atenci<\/span><\/span><span class=\"s10\"><span class=\"bumpedFont15\">\u00f3n <\/span><\/span><span class=\"s10\"><span class=\"bumpedFont15\">a los afectados en el ince<\/span><\/span><span class=\"s10\"><span class=\"bumpedFont15\">n<\/span><\/span><span class=\"s10\"><span class=\"bumpedFont15\">dio de<\/span><\/span> <span class=\"s10\"><span class=\"bumpedFont15\">Plaz<\/span><\/span><span class=\"s10\"><span class=\"bumpedFont15\">a<\/span><\/span><span class=\"s10\"><span class=\"bumpedFont15\"> Fiesta Las Palmas<\/span><\/span><span class=\"s10\"><span class=\"bumpedFont15\">,<\/span><\/span><span class=\"s10\"><span class=\"bumpedFont15\"> que se quedaron sin emple<\/span><\/span><span class=\"s10\"><span class=\"bumpedFont15\">o<\/span><\/span><span class=\"s10\"><span class=\"bumpedFont15\">, as\u00ed como m\u00f3dulos de atenci\u00f3n de Infonavit, <\/span><\/span><span class=\"s10\"><span class=\"bumpedFont15\">J<\/span><\/span><span class=\"s10\"><span class=\"bumpedFont15\">\u00f3<\/span><\/span><span class=\"s10\"><span class=\"bumpedFont15\">vene<\/span><\/span><span class=\"s10\"><span class=\"bumpedFont15\">s<\/span><\/span> <span class=\"s10\"><span class=\"bumpedFont15\">C<\/span><\/span><span class=\"s10\"><span class=\"bumpedFont15\">on<\/span><\/span><span class=\"s10\"><span class=\"bumpedFont15\">s<\/span><\/span><span class=\"s10\"><span class=\"bumpedFont15\">t<\/span><\/span><span class=\"s10\"><span class=\"bumpedFont15\">r<\/span><\/span><span class=\"s10\"><span class=\"bumpedFont15\">uy<\/span><\/span><span class=\"s10\"><span class=\"bumpedFont15\">e<\/span><\/span><span class=\"s10\"><span class=\"bumpedFont15\">n<\/span><\/span><span class=\"s10\"><span class=\"bumpedFont15\">do<\/span><\/span> <span class=\"s10\"><span class=\"bumpedFont15\">Futuro<\/span><\/span><span class=\"s10\"><span class=\"bumpedFont15\">, VALPAR<\/span><\/span><span class=\"s10\"><span class=\"bumpedFont15\">, <\/span><\/span><span class=\"s10\"><span class=\"bumpedFont15\">FINABIEN<\/span><\/span><span class=\"s10\"><span class=\"bumpedFont15\">, MARINA, SSyPC y <\/span><\/span><span class=\"s10\"><span class=\"bumpedFont15\">Centro<\/span><\/span><span class=\"s10\"><span class=\"bumpedFont15\"> de Conciliaci\u00f3n L<\/span><\/span><span class=\"s10\"><span class=\"bumpedFont15\">aboral<\/span><\/span><span class=\"s10\"><span class=\"bumpedFont15\">.<\/span><\/span><\/p>\n","protected":false},"excerpt":{"rendered":"<p>As\u00ed lo expres\u00f3 el Secretario de Econom\u00eda de Sinaloa ante el Alcalde Antonio Men\u00e9ndez De Llano Berm\u00fadez y los ahomenses reunidos durante la Feria del Empleo Los Mochis 2026 donde 24 empresas ofertaron poco m\u00e1s de 400 vacantes\u2026 Los Mochis, Ahome, Sinaloa.&#8211; Con una oferta superior a las 410 espacios laborales, por parte de 24<\/p>\n","protected":false},"author":6,"featured_media":139548,"comment_status":"closed","ping_status":"closed","sticky":false,"template":"","format":"standard","meta":{"footnotes":""},"categories":[38],"tags":[],"class_list":["post-139545","post","type-post","status-publish","format-standard","has-post-thumbnail","hentry","category-locales"],"_links":{"self":[{"href":"https:\/\/plataformanoticias.mx\/index.php?rest_route=\/wp\/v2\/posts\/139545","targetHints":{"allow":["GET"]}}],"collection":[{"href":"https:\/\/plataformanoticias.mx\/index.php?rest_route=\/wp\/v2\/posts"}],"about":[{"href":"https:\/\/plataformanoticias.mx\/index.php?rest_route=\/wp\/v2\/types\/post"}],"author":[{"embeddable":true,"href":"https:\/\/plataformanoticias.mx\/index.php?rest_route=\/wp\/v2\/users\/6"}],"replies":[{"embeddable":true,"href":"https:\/\/plataformanoticias.mx\/index.php?rest_route=%2Fwp%2Fv2%2Fcomments&post=139545"}],"version-history":[{"count":1,"href":"https:\/\/plataformanoticias.mx\/index.php?rest_route=\/wp\/v2\/posts\/139545\/revisions"}],"predecessor-version":[{"id":139550,"href":"https:\/\/plataformanoticias.mx\/index.php?rest_route=\/wp\/v2\/posts\/139545\/revisions\/139550"}],"wp:featuredmedia":[{"embeddable":true,"href":"https:\/\/plataformanoticias.mx\/index.php?rest_route=\/wp\/v2\/media\/139548"}],"wp:attachment":[{"href":"https:\/\/plataformanoticias.mx\/index.php?rest_route=%2Fwp%2Fv2%2Fmedia&parent=139545"}],"wp:term":[{"taxonomy":"category","embeddable":true,"href":"https:\/\/plataformanoticias.mx\/index.php?rest_route=%2Fwp%2Fv2%2Fcategories&post=139545"},{"taxonomy":"post_tag","embeddable":true,"href":"https:\/\/plataformanoticias.mx\/index.php?rest_route=%2Fwp%2Fv2%2Ftags&post=139545"}],"curies":[{"name":"wp","href":"https:\/\/api.w.org\/{rel}","templated":true}]}}