{"id":139551,"date":"2026-05-22T16:46:17","date_gmt":"2026-05-22T23:46:17","guid":{"rendered":"https:\/\/plataformanoticias.mx\/?p=139551"},"modified":"2026-05-22T16:46:17","modified_gmt":"2026-05-22T23:46:17","slug":"sates-anuncia-estimulos-fiscales-y-programas-de-regularizacion-vehicular-vigentes-durante-mayo","status":"publish","type":"post","link":"https:\/\/plataformanoticias.mx\/?p=139551","title":{"rendered":"SATES anuncia est\u00edmulos fiscales y programas de regularizaci\u00f3n vehicular vigentes durante mayo"},"content":{"rendered":"<p>&nbsp;<\/p>\n<p><strong>Culiac\u00e1n, Sinaloa.-<\/strong> El Servicio de Administraci\u00f3n Tributaria del Estado de Sinaloa (SATES) informa a la ciudadan\u00eda sobre los est\u00edmulos fiscales autorizados, como parte de las acciones para apoyar la econom\u00eda de las familias sinaloenses y facilitar el cumplimiento de sus obligaciones vehiculares, durante los d\u00edas *27, 28 y 29 de mayo* se aplicar\u00e1n los siguientes beneficios:<\/p>\n<p>\u2022 *75% de descuento* en Multas, Honorarios y Gastos (MHG) en el pago de calcoman\u00eda y canje de placas<\/p>\n<p>\u2022 *75% de descuento* en Multas, Honorarios y Gastos del pago de refrendo anual de concesi\u00f3n de permisos del servicio p\u00fablico.<\/p>\n<p>*Programa de Baja Definitiva de Veh\u00edculos en Desuso*<br \/>\nDirigido a propietarios de unidades que ya no circulan o se encuentran fuera de servicio, permitiendo regularizar su situaci\u00f3n mediante un pago \u00fanico de $3,237 pesos.<\/p>\n<p>*Programa \u201cPONTE AL CORRIENTE\u201d*<br \/>\nAplicable para veh\u00edculos modelos 2018 y anteriores, mediante el cual los contribuyentes pueden ponerse al d\u00eda realizando un pago \u00fanico de $6,000 pesos.<\/p>\n<p>El SATES invita a las y los contribuyentes a aprovechar estos programas y est\u00edmulos fiscales, acerc\u00e1ndose a las oficinas de recaudaci\u00f3n, colectur\u00edas y m\u00f3dulos autorizados en todo el estado para recibir atenci\u00f3n y orientaci\u00f3n personalizada.<br \/>\nPara mayor informaci\u00f3n sobre requisitos, ubicaci\u00f3n de oficinas y horarios de atenci\u00f3n, las y los ciudadanos pueden consultar los canales oficiales del SATES<\/p>\n","protected":false},"excerpt":{"rendered":"<p>&nbsp; Culiac\u00e1n, Sinaloa.- El Servicio de Administraci\u00f3n Tributaria del Estado de Sinaloa (SATES) informa a la ciudadan\u00eda sobre los est\u00edmulos fiscales autorizados, como parte de las acciones para apoyar la econom\u00eda de las familias sinaloenses y facilitar el cumplimiento de sus obligaciones vehiculares, durante los d\u00edas *27, 28 y 29 de mayo* se aplicar\u00e1n los<\/p>\n","protected":false},"author":6,"featured_media":139555,"comment_status":"closed","ping_status":"closed","sticky":false,"template":"","format":"standard","meta":{"footnotes":""},"categories":[28],"tags":[],"class_list":["post-139551","post","type-post","status-publish","format-standard","has-post-thumbnail","hentry","category-centro"],"_links":{"self":[{"href":"https:\/\/plataformanoticias.mx\/index.php?rest_route=\/wp\/v2\/posts\/139551","targetHints":{"allow":["GET"]}}],"collection":[{"href":"https:\/\/plataformanoticias.mx\/index.php?rest_route=\/wp\/v2\/posts"}],"about":[{"href":"https:\/\/plataformanoticias.mx\/index.php?rest_route=\/wp\/v2\/types\/post"}],"author":[{"embeddable":true,"href":"https:\/\/plataformanoticias.mx\/index.php?rest_route=\/wp\/v2\/users\/6"}],"replies":[{"embeddable":true,"href":"https:\/\/plataformanoticias.mx\/index.php?rest_route=%2Fwp%2Fv2%2Fcomments&post=139551"}],"version-history":[{"count":1,"href":"https:\/\/plataformanoticias.mx\/index.php?rest_route=\/wp\/v2\/posts\/139551\/revisions"}],"predecessor-version":[{"id":139556,"href":"https:\/\/plataformanoticias.mx\/index.php?rest_route=\/wp\/v2\/posts\/139551\/revisions\/139556"}],"wp:featuredmedia":[{"embeddable":true,"href":"https:\/\/plataformanoticias.mx\/index.php?rest_route=\/wp\/v2\/media\/139555"}],"wp:attachment":[{"href":"https:\/\/plataformanoticias.mx\/index.php?rest_route=%2Fwp%2Fv2%2Fmedia&parent=139551"}],"wp:term":[{"taxonomy":"category","embeddable":true,"href":"https:\/\/plataformanoticias.mx\/index.php?rest_route=%2Fwp%2Fv2%2Fcategories&post=139551"},{"taxonomy":"post_tag","embeddable":true,"href":"https:\/\/plataformanoticias.mx\/index.php?rest_route=%2Fwp%2Fv2%2Ftags&post=139551"}],"curies":[{"name":"wp","href":"https:\/\/api.w.org\/{rel}","templated":true}]}}