{"id":139561,"date":"2026-05-22T17:29:20","date_gmt":"2026-05-23T00:29:20","guid":{"rendered":"https:\/\/plataformanoticias.mx\/?p=139561"},"modified":"2026-05-22T17:29:20","modified_gmt":"2026-05-23T00:29:20","slug":"solicita-sayg-a-productores-socios-de-agricolas-actualizar-datos-en-juntas-de-sanidad-vegetal-para-acceder-a-los-apoyos-del-maiz","status":"publish","type":"post","link":"https:\/\/plataformanoticias.mx\/?p=139561","title":{"rendered":"Solicita SAyG a productores socios de agr\u00edcolas actualizar datos en juntas de sanidad vegetal, para acceder a los apoyos del ma\u00edz"},"content":{"rendered":"<p>Con sus permisos de siembra pagados, SADER los relacionar\u00e1 al momento de pagar el apoyo de los mil 700 pesos que otorgar\u00e1 el gobierno federal y estatal del ciclo oto\u00f1o-invierno 2025-2026<\/p>\n<p><img loading=\"lazy\" decoding=\"async\" class=\"alignnone size-medium wp-image-139563 aligncenter\" src=\"https:\/\/plataformanoticias.mx\/wp-content\/uploads\/2026\/05\/92c8c205-30bd-46ac-81a6-19d3d0a548d0-225x300.jpeg\" alt=\"\" width=\"225\" height=\"300\" srcset=\"https:\/\/plataformanoticias.mx\/wp-content\/uploads\/2026\/05\/92c8c205-30bd-46ac-81a6-19d3d0a548d0-225x300.jpeg 225w, https:\/\/plataformanoticias.mx\/wp-content\/uploads\/2026\/05\/92c8c205-30bd-46ac-81a6-19d3d0a548d0-768x1024.jpeg 768w, https:\/\/plataformanoticias.mx\/wp-content\/uploads\/2026\/05\/92c8c205-30bd-46ac-81a6-19d3d0a548d0-1152x1536.jpeg 1152w, https:\/\/plataformanoticias.mx\/wp-content\/uploads\/2026\/05\/92c8c205-30bd-46ac-81a6-19d3d0a548d0.jpeg 1200w\" sizes=\"auto, (max-width: 225px) 100vw, 225px\" \/><\/p>\n<p><strong>Culiac\u00e1n, Sin.-<\/strong> La Secretar\u00eda de Agricultura y Ganader\u00eda de Sinaloa solicita a todos los productores socios de personas morales constituidas como agr\u00edcolas a que acudan a las juntas de sanidad vegetal que les corresponda, a fin de que actualicen sus datos y que la SADER los pueda relacionar con sus permisos de siembra pagados, al momento de otorgar el apoyo federal extraordinario del ciclo oto\u00f1o-invierno 2025-2026.<\/p>\n<p>Ismael Bello Esquivel, Secretario de Agricultura manifest\u00f3 que esta actualizaci\u00f3n de datos, permitir\u00e1 que el apoyo federal extraordinario de los mil 700 pesos que otorgar\u00e1n de manera conjunta los gobiernos federal y estatal, se realice de manera expedita y sin contratiempos. La idea es que se realice de manera \u00e1gil para poder pasar la base de datos de las juntas de sanidad vegetal a la SADER y se puedan registrar los socios de morales a la brevedad en el programa de apoyos federal.<\/p>\n<p>Para ello, a partir de este lunes 25 de mayo ser\u00e1 la apertura del registro y concluir\u00e1 el viernes 05 de junio, para todos los productores socios de personas morales (agr\u00edcolas) que hayan pagado permisos de siembra a nombre de la persona moral, se les pide que asistan a la junta de sanidad vegetal donde se hayan emitido sus permisos de siembra, para que realicen la actualizaci\u00f3n de los socios que integran la agr\u00edcola, en la base de datos de la junta, con la finalidad de que se puedan relacionar con los permisos de siembra pagados y el sistema de SADER los identifique para el programa de apoyo extraordinario a la comercializaci\u00f3n del ma\u00edz blanco del ciclo oto\u00f1o-invierno 2025-2026, en el Estado de Sinaloa y puedan acceder a los apoyos.<\/p>\n<p>Para ello deber\u00e1n presentar el acta constitutiva de la persona moral, donde aparezcan todos los socios a registrar, en caso de que se hayan agregado socios en alguna acta de asamblea, CURP actualizada de su representante legal y la CURP actualizada de cada uno de ellos.<\/p>\n<p>Bello Esquivel abund\u00f3 que en comunicaci\u00f3n con Sader se acord\u00f3 que se podr\u00e1 ir avanzando en el registro de personas f\u00edsicas para el cobro del apoyo y posteriormente los socios de morales, en cuanto se termine con el registro de los socios ya que la recomendaci\u00f3n es registrar a todos para que ya queden debidamente inscritos en la base de datos.<\/p>\n","protected":false},"excerpt":{"rendered":"<p>Con sus permisos de siembra pagados, SADER los relacionar\u00e1 al momento de pagar el apoyo de los mil 700 pesos que otorgar\u00e1 el gobierno federal y estatal del ciclo oto\u00f1o-invierno 2025-2026 Culiac\u00e1n, Sin.- La Secretar\u00eda de Agricultura y Ganader\u00eda de Sinaloa solicita a todos los productores socios de personas morales constituidas como agr\u00edcolas a que<\/p>\n","protected":false},"author":6,"featured_media":139563,"comment_status":"closed","ping_status":"closed","sticky":false,"template":"","format":"standard","meta":{"footnotes":""},"categories":[38],"tags":[],"class_list":["post-139561","post","type-post","status-publish","format-standard","has-post-thumbnail","hentry","category-locales"],"_links":{"self":[{"href":"https:\/\/plataformanoticias.mx\/index.php?rest_route=\/wp\/v2\/posts\/139561","targetHints":{"allow":["GET"]}}],"collection":[{"href":"https:\/\/plataformanoticias.mx\/index.php?rest_route=\/wp\/v2\/posts"}],"about":[{"href":"https:\/\/plataformanoticias.mx\/index.php?rest_route=\/wp\/v2\/types\/post"}],"author":[{"embeddable":true,"href":"https:\/\/plataformanoticias.mx\/index.php?rest_route=\/wp\/v2\/users\/6"}],"replies":[{"embeddable":true,"href":"https:\/\/plataformanoticias.mx\/index.php?rest_route=%2Fwp%2Fv2%2Fcomments&post=139561"}],"version-history":[{"count":1,"href":"https:\/\/plataformanoticias.mx\/index.php?rest_route=\/wp\/v2\/posts\/139561\/revisions"}],"predecessor-version":[{"id":139564,"href":"https:\/\/plataformanoticias.mx\/index.php?rest_route=\/wp\/v2\/posts\/139561\/revisions\/139564"}],"wp:featuredmedia":[{"embeddable":true,"href":"https:\/\/plataformanoticias.mx\/index.php?rest_route=\/wp\/v2\/media\/139563"}],"wp:attachment":[{"href":"https:\/\/plataformanoticias.mx\/index.php?rest_route=%2Fwp%2Fv2%2Fmedia&parent=139561"}],"wp:term":[{"taxonomy":"category","embeddable":true,"href":"https:\/\/plataformanoticias.mx\/index.php?rest_route=%2Fwp%2Fv2%2Fcategories&post=139561"},{"taxonomy":"post_tag","embeddable":true,"href":"https:\/\/plataformanoticias.mx\/index.php?rest_route=%2Fwp%2Fv2%2Ftags&post=139561"}],"curies":[{"name":"wp","href":"https:\/\/api.w.org\/{rel}","templated":true}]}}