{"id":139676,"date":"2026-05-25T13:45:41","date_gmt":"2026-05-25T20:45:41","guid":{"rendered":"https:\/\/plataformanoticias.mx\/?p=139676"},"modified":"2026-05-25T13:45:41","modified_gmt":"2026-05-25T20:45:41","slug":"reconoce-alcalde-a-jovenes-voluntarias-rescatistas-del-ej-mochis-que-auxiliaron-en-siniestro-de-plaza-fiesta-las-palmas","status":"publish","type":"post","link":"https:\/\/plataformanoticias.mx\/?p=139676","title":{"rendered":"Reconoce Alcalde a j\u00f3venes voluntarias rescatistas del Ej. Mochis, que auxiliaron en siniestro de Plaza Fiesta Las Palmas."},"content":{"rendered":"<p class=\"s6\"><span class=\"s7\">La distinci\u00f3n la entreg\u00f3 el Presidente Municipal Antonio Men\u00e9ndez De Llano Berm\u00fadez a <\/span><span class=\"s7\">Marcia Liliana Zayas Padilla y Ana Paola Zayas Meza<\/span><span class=\"s7\">,<\/span> <span class=\"s7\">durante Sesi\u00f3n Solemne de Cabildo en la Sindicatura Central, por el 93 aniversario de esa comunidad ejidal, donde tambi\u00e9n se reconocieron a otros ciudadanos\u2026<\/span><\/p>\n<p class=\"s9\" style=\"text-align: center\"><span class=\"s8\"> <img loading=\"lazy\" decoding=\"async\" class=\"alignnone size-medium wp-image-139678\" src=\"https:\/\/plataformanoticias.mx\/wp-content\/uploads\/2026\/05\/c8c09fdf-bf95-41b7-a1eb-11dca756bb8d-300x200.jpeg\" alt=\"\" width=\"300\" height=\"200\" srcset=\"https:\/\/plataformanoticias.mx\/wp-content\/uploads\/2026\/05\/c8c09fdf-bf95-41b7-a1eb-11dca756bb8d-300x200.jpeg 300w, https:\/\/plataformanoticias.mx\/wp-content\/uploads\/2026\/05\/c8c09fdf-bf95-41b7-a1eb-11dca756bb8d-1024x683.jpeg 1024w, https:\/\/plataformanoticias.mx\/wp-content\/uploads\/2026\/05\/c8c09fdf-bf95-41b7-a1eb-11dca756bb8d-768x512.jpeg 768w, https:\/\/plataformanoticias.mx\/wp-content\/uploads\/2026\/05\/c8c09fdf-bf95-41b7-a1eb-11dca756bb8d-1536x1025.jpeg 1536w, https:\/\/plataformanoticias.mx\/wp-content\/uploads\/2026\/05\/c8c09fdf-bf95-41b7-a1eb-11dca756bb8d-2048x1367.jpeg 2048w\" sizes=\"auto, (max-width: 300px) 100vw, 300px\" \/><\/span><\/p>\n<p class=\"s9\"><strong><span class=\"s8\"><span class=\"bumpedFont15\">Ejido <\/span><\/span><span class=\"s8\"><span class=\"bumpedFont15\">Mochis,<\/span><\/span> <span class=\"s8\"><span class=\"bumpedFont15\">Ahome, <\/span><\/span><span class=\"s8\"><span class=\"bumpedFont15\">Sinaloa<\/span><\/span><\/strong><span class=\"s8\"><span class=\"bumpedFont15\"><strong>.<\/strong>&#8211; <\/span><\/span><span class=\"s10\"><span class=\"bumpedFont15\">Para <\/span><\/span><span class=\"s10\"><span class=\"bumpedFont15\">conmemorar el 93 aniversario de la dotaci\u00f3n de tierras del <\/span><\/span><span class=\"s10\"><span class=\"bumpedFont15\">E<\/span><\/span><span class=\"s10\"><span class=\"bumpedFont15\">jido Mochis<\/span><\/span><span class=\"s10\"><span class=\"bumpedFont15\">, cabecera de la Sindicatura Central, <\/span><\/span><span class=\"s10\"><span class=\"bumpedFont15\">el <\/span><\/span><span class=\"s10\"><span class=\"bumpedFont15\">G<\/span><\/span><span class=\"s10\"><span class=\"bumpedFont15\">obierno <\/span><\/span><span class=\"s10\"><span class=\"bumpedFont15\">M<\/span><\/span><span class=\"s10\"><span class=\"bumpedFont15\">unicipal celebr\u00f3 <\/span><\/span><span class=\"s10\"><span class=\"bumpedFont15\">S<\/span><\/span><span class=\"s10\"><span class=\"bumpedFont15\">esi\u00f3n <\/span><\/span><span class=\"s10\"><span class=\"bumpedFont15\">S<\/span><\/span><span class=\"s10\"><span class=\"bumpedFont15\">olemne de Cabildo y traslado de <\/span><\/span><span class=\"s10\"><span class=\"bumpedFont15\">P<\/span><\/span><span class=\"s10\"><span class=\"bumpedFont15\">oderes <\/span><\/span><span class=\"s10\"><span class=\"bumpedFont15\">Municipales a dicha comunidad.<\/span><\/span><\/p>\n<p class=\"s9\"><span class=\"s10\"><span class=\"bumpedFont15\">El Presidente Municipal Antonio Men\u00e9ndez De Llano Berm\u00fadez encabez\u00f3 la ceremonia <\/span><\/span><span class=\"s10\"><span class=\"bumpedFont15\">y entreg\u00f3 reconocimientos a ciudadanos de esa sindicatura que se distinguen por su desempe\u00f1o comunitario en favor de la poblaci\u00f3n.<\/span><\/span><\/p>\n<p class=\"s9\"><span class=\"s10\"><span class=\"bumpedFont15\">Quienes recibieron los reconocimientos son las j\u00f3venes <\/span><\/span><a name=\"_Hlk230604411\"><\/a><span class=\"s10\"><span class=\"bumpedFont15\">Marcia Liliana Zayas Padilla y <\/span><\/span><span class=\"s10\"><span class=\"bumpedFont15\">Ana Paola Zayas Meza<\/span><\/span><span class=\"s10\"><span class=\"bumpedFont15\">, por su heroico trabajo de rescate y servicios de param\u00e9dico en el incendio de Plaza Fiesta Las Palmas, como voluntarias de Cruz Roja Mexicana y Cuerpo de Bomberos.<\/span><\/span><\/p>\n<p><img loading=\"lazy\" decoding=\"async\" class=\"alignnone size-medium wp-image-139679 aligncenter\" src=\"https:\/\/plataformanoticias.mx\/wp-content\/uploads\/2026\/05\/aec3acd9-e186-4f40-b8a6-c0a5cc1af5ab-300x200.jpeg\" alt=\"\" width=\"300\" height=\"200\" srcset=\"https:\/\/plataformanoticias.mx\/wp-content\/uploads\/2026\/05\/aec3acd9-e186-4f40-b8a6-c0a5cc1af5ab-300x200.jpeg 300w, https:\/\/plataformanoticias.mx\/wp-content\/uploads\/2026\/05\/aec3acd9-e186-4f40-b8a6-c0a5cc1af5ab-1024x683.jpeg 1024w, https:\/\/plataformanoticias.mx\/wp-content\/uploads\/2026\/05\/aec3acd9-e186-4f40-b8a6-c0a5cc1af5ab-768x512.jpeg 768w, https:\/\/plataformanoticias.mx\/wp-content\/uploads\/2026\/05\/aec3acd9-e186-4f40-b8a6-c0a5cc1af5ab-1536x1024.jpeg 1536w, https:\/\/plataformanoticias.mx\/wp-content\/uploads\/2026\/05\/aec3acd9-e186-4f40-b8a6-c0a5cc1af5ab-2048x1365.jpeg 2048w\" sizes=\"auto, (max-width: 300px) 100vw, 300px\" \/><\/p>\n<p class=\"s9\"><span class=\"s10\"><span class=\"bumpedFont15\">Tambi\u00e9n fueron galardonados <\/span><\/span><span class=\"s10\"><span class=\"bumpedFont15\">Jos\u00e9 Luis Ru\u00edz Ochoa y Jes\u00fas Manuel <\/span><\/span><span class=\"s10\"><span class=\"bumpedFont15\">Alcorcha<\/span><\/span><span class=\"s10\"><span class=\"bumpedFont15\"> Pacheco<\/span><\/span><span class=\"s10\"><span class=\"bumpedFont15\">,<\/span><\/span><span class=\"s10\"><span class=\"bumpedFont15\"> por su labor social<\/span><\/span><span class=\"s10\"><span class=\"bumpedFont15\">;<\/span><\/span> <span class=\"s10\"><span class=\"bumpedFont15\">H\u00e9ctor Javier Torres Leyva<\/span><\/span><span class=\"s10\"><span class=\"bumpedFont15\">,<\/span><\/span><span class=\"s10\"><span class=\"bumpedFont15\"> en <\/span><\/span><span class=\"s10\"><span class=\"bumpedFont15\">educaci\u00f3n<\/span><\/span><span class=\"s10\"><span class=\"bumpedFont15\">;<\/span><\/span> <span class=\"s10\"><span class=\"bumpedFont15\">Jos<\/span><\/span><span class=\"s10\"><span class=\"bumpedFont15\">\u00e9<\/span><\/span><span class=\"s10\"><span class=\"bumpedFont15\"> Luis <\/span><\/span><span class=\"s10\"><span class=\"bumpedFont15\">A<\/span><\/span><span class=\"s10\"><span class=\"bumpedFont15\">tondo <\/span><\/span><span class=\"s10\"><span class=\"bumpedFont15\">L<\/span><\/span><span class=\"s10\"><span class=\"bumpedFont15\">astra<\/span><\/span><span class=\"s10\"><span class=\"bumpedFont15\">,<\/span><\/span> <span class=\"s10\"><span class=\"bumpedFont15\">en d<\/span><\/span><span class=\"s10\"><span class=\"bumpedFont15\">eporte<\/span><\/span><span class=\"s10\"><span class=\"bumpedFont15\">;<\/span><\/span><span class=\"s10\"><span class=\"bumpedFont15\"> Eliseo Bacasegua Flores<\/span><\/span><span class=\"s10\"><span class=\"bumpedFont15\">,<\/span><\/span> <span class=\"s10\"><span class=\"bumpedFont15\">por su <\/span><\/span><span class=\"s10\"><span class=\"bumpedFont15\">apoyo <\/span><\/span><span class=\"s10\"><span class=\"bumpedFont15\">a <\/span><\/span><span class=\"s10\"><span class=\"bumpedFont15\">pueblos originarios<\/span><\/span><span class=\"s10\"><span class=\"bumpedFont15\">,<\/span><\/span><span class=\"s10\"><span class=\"bumpedFont15\"> y de manera p\u00f3stuma a la maestra Luisa Gonzaga Ru\u00edz Ochoa.<\/span><\/span><\/p>\n<p class=\"s9\"><span class=\"s10\"><span class=\"bumpedFont15\">A nombre de la comunidad particip\u00f3 la S\u00edndica Municipal, Mar\u00eda de Jes\u00fas Castro Acosta, quien agradeci\u00f3 la distinci\u00f3n de ser sede del traslado de Poderes Municipales y la Sesi\u00f3n <\/span><\/span><span class=\"s10\"><span class=\"bumpedFont15\">Solemne de Cabildo<\/span><\/span><span class=\"s10\"><span class=\"bumpedFont15\">, as\u00ed como los reconocimientos a las y los ciudadanos, en especial a las j\u00f3venes rescatistas por su valent\u00eda y hero\u00edsmo<\/span><\/span><span class=\"s10\"><span class=\"bumpedFont15\">.<\/span><\/span><\/p>\n<p><img loading=\"lazy\" decoding=\"async\" class=\"alignnone size-medium wp-image-139680 aligncenter\" src=\"https:\/\/plataformanoticias.mx\/wp-content\/uploads\/2026\/05\/b3227dbf-3cbb-4160-b447-f910f36515f7-300x200.jpeg\" alt=\"\" width=\"300\" height=\"200\" srcset=\"https:\/\/plataformanoticias.mx\/wp-content\/uploads\/2026\/05\/b3227dbf-3cbb-4160-b447-f910f36515f7-300x200.jpeg 300w, https:\/\/plataformanoticias.mx\/wp-content\/uploads\/2026\/05\/b3227dbf-3cbb-4160-b447-f910f36515f7-1024x683.jpeg 1024w, https:\/\/plataformanoticias.mx\/wp-content\/uploads\/2026\/05\/b3227dbf-3cbb-4160-b447-f910f36515f7-768x512.jpeg 768w, https:\/\/plataformanoticias.mx\/wp-content\/uploads\/2026\/05\/b3227dbf-3cbb-4160-b447-f910f36515f7.jpeg 1280w\" sizes=\"auto, (max-width: 300px) 100vw, 300px\" \/><\/p>\n<p class=\"s9\"><span class=\"s10\"><span class=\"bumpedFont15\">Por su parte el representante de las autoridades ejidales, Marco Antonio Robles Ag\u00fandez, particip\u00f3 con una rese\u00f1a del devenir hist\u00f3rico de dicho n\u00facleo ejidal, fundado un 25 de mayo de 1917.<\/span><\/span><\/p>\n<p class=\"s9\"><span class=\"s10\"><span class=\"bumpedFont15\">Antes de la Sesi\u00f3n Solemne y el Traslado de Poderes Municipales, <\/span><\/span><span class=\"s10\"><span class=\"bumpedFont15\">el <\/span><\/span><span class=\"s10\"><span class=\"bumpedFont15\">A<\/span><\/span><span class=\"s10\"><span class=\"bumpedFont15\">lcalde <\/span><\/span><span class=\"s10\"><span class=\"bumpedFont15\">Antonio Men\u00e9ndez De Llano Berm\u00fadez, <\/span><\/span><span class=\"s10\"><span class=\"bumpedFont15\">acompa\u00f1\u00f3 a las autoridades comunitarias y a los ciudadanos de<\/span><\/span><span class=\"s10\"><span class=\"bumpedFont15\"> dicho E<\/span><\/span><span class=\"s10\"><span class=\"bumpedFont15\">jido Mochis<\/span><\/span><span class=\"s10\"><span class=\"bumpedFont15\">, <\/span><\/span><span class=\"s10\"><span class=\"bumpedFont15\">en el tradicional desfile por las calles de la comunidad<\/span><\/span><span class=\"s10\"><span class=\"bumpedFont15\">.<\/span><\/span><\/p>\n","protected":false},"excerpt":{"rendered":"<p>La distinci\u00f3n la entreg\u00f3 el Presidente Municipal Antonio Men\u00e9ndez De Llano Berm\u00fadez a Marcia Liliana Zayas Padilla y Ana Paola Zayas Meza, durante Sesi\u00f3n Solemne de Cabildo en la Sindicatura Central, por el 93 aniversario de esa comunidad ejidal, donde tambi\u00e9n se reconocieron a otros ciudadanos\u2026 Ejido Mochis, Ahome, Sinaloa.&#8211; Para conmemorar el 93 aniversario<\/p>\n","protected":false},"author":6,"featured_media":139681,"comment_status":"closed","ping_status":"closed","sticky":false,"template":"","format":"standard","meta":{"footnotes":""},"categories":[38],"tags":[],"class_list":["post-139676","post","type-post","status-publish","format-standard","has-post-thumbnail","hentry","category-locales"],"_links":{"self":[{"href":"https:\/\/plataformanoticias.mx\/index.php?rest_route=\/wp\/v2\/posts\/139676","targetHints":{"allow":["GET"]}}],"collection":[{"href":"https:\/\/plataformanoticias.mx\/index.php?rest_route=\/wp\/v2\/posts"}],"about":[{"href":"https:\/\/plataformanoticias.mx\/index.php?rest_route=\/wp\/v2\/types\/post"}],"author":[{"embeddable":true,"href":"https:\/\/plataformanoticias.mx\/index.php?rest_route=\/wp\/v2\/users\/6"}],"replies":[{"embeddable":true,"href":"https:\/\/plataformanoticias.mx\/index.php?rest_route=%2Fwp%2Fv2%2Fcomments&post=139676"}],"version-history":[{"count":1,"href":"https:\/\/plataformanoticias.mx\/index.php?rest_route=\/wp\/v2\/posts\/139676\/revisions"}],"predecessor-version":[{"id":139682,"href":"https:\/\/plataformanoticias.mx\/index.php?rest_route=\/wp\/v2\/posts\/139676\/revisions\/139682"}],"wp:featuredmedia":[{"embeddable":true,"href":"https:\/\/plataformanoticias.mx\/index.php?rest_route=\/wp\/v2\/media\/139681"}],"wp:attachment":[{"href":"https:\/\/plataformanoticias.mx\/index.php?rest_route=%2Fwp%2Fv2%2Fmedia&parent=139676"}],"wp:term":[{"taxonomy":"category","embeddable":true,"href":"https:\/\/plataformanoticias.mx\/index.php?rest_route=%2Fwp%2Fv2%2Fcategories&post=139676"},{"taxonomy":"post_tag","embeddable":true,"href":"https:\/\/plataformanoticias.mx\/index.php?rest_route=%2Fwp%2Fv2%2Ftags&post=139676"}],"curies":[{"name":"wp","href":"https:\/\/api.w.org\/{rel}","templated":true}]}}