{"id":139683,"date":"2026-05-25T16:07:32","date_gmt":"2026-05-25T23:07:32","guid":{"rendered":"https:\/\/plataformanoticias.mx\/?p=139683"},"modified":"2026-05-25T16:07:38","modified_gmt":"2026-05-25T23:07:38","slug":"la-cuarta-transformacion-reafirma-su-compromiso-con-la-soberania-nacional-y-la-rendicion-de-cuentas-imelda-castro","status":"publish","type":"post","link":"https:\/\/plataformanoticias.mx\/?p=139683","title":{"rendered":"*\u201dLa Cuarta Transformaci\u00f3n reafirma su compromiso con la soberan\u00eda nacional y la rendici\u00f3n de cuentas\u201d: Imelda Castro"},"content":{"rendered":"<p>Cierra en el puerto la senadora por Sinaloa su jornada informativa de fin de semana a trav\u00e9s de asambleas que le permitieron rendir cuentas a miles de ciudadanos en los municipios de Culiac\u00e1n y Mazatl\u00e1n<\/p>\n<p><img loading=\"lazy\" decoding=\"async\" class=\"alignnone size-medium wp-image-139685 aligncenter\" src=\"https:\/\/plataformanoticias.mx\/wp-content\/uploads\/2026\/05\/04f69548-ecfd-4544-ac61-84b2c9812627-300x169.jpeg\" alt=\"\" width=\"300\" height=\"169\" srcset=\"https:\/\/plataformanoticias.mx\/wp-content\/uploads\/2026\/05\/04f69548-ecfd-4544-ac61-84b2c9812627-300x169.jpeg 300w, https:\/\/plataformanoticias.mx\/wp-content\/uploads\/2026\/05\/04f69548-ecfd-4544-ac61-84b2c9812627-1024x576.jpeg 1024w, https:\/\/plataformanoticias.mx\/wp-content\/uploads\/2026\/05\/04f69548-ecfd-4544-ac61-84b2c9812627-768x432.jpeg 768w, https:\/\/plataformanoticias.mx\/wp-content\/uploads\/2026\/05\/04f69548-ecfd-4544-ac61-84b2c9812627.jpeg 1280w\" sizes=\"auto, (max-width: 300px) 100vw, 300px\" \/><br \/>\n<strong>MAZATL\u00c1N, Sinaloa..\u2014<\/strong> \u201cHay que estar m\u00e1s tiempo con la gente cuando los tiempos est\u00e1n complicados, porque es cuando m\u00e1s necesita el pueblo informaci\u00f3n y certeza, y porque sabemos que enfrentamos una amenaza a la soberan\u00eda nacional de nuestro pa\u00eds\u201d, dijo este domingo la senadora Imelda Castro en el ejido El Venadillo.<br \/>\nLa legisladora sinaloense lament\u00f3 que nuestro vecino del norte sigue pensando como si fuera el polic\u00eda del mundo y \u201cle quiere decir a todo el mundo, con guerras, con amenazas, con aranceles y con discursos violentos, c\u00f3mo deben gobernarse los pa\u00edses y c\u00f3mo deben llevarse las econom\u00edas y eso no lo debemos permitir\u201d.<br \/>\nPor ello, desde el puerto mazatleco, y ante cientos de ciudadanos, se reafirm\u00f3 el compromiso con la soberan\u00eda nacional, la transparencia y la cercan\u00eda con el pueblo.<br \/>\nImelda Castro aprovech\u00f3 la asamblea informativa para brindar todo el respaldo a la presidenta de M\u00e9xico, la Dra. Claudia Sheinbaum Pardo, destacando su liderazgo por manejar con \u201ccabeza fr\u00eda\u201d, con inteligencia y di\u00e1logo las relaciones con el actual gobierno de Estados Unidos, con lo que ha quedado demostrada su capacidad como jefa de Estado para defender la soberan\u00eda nacional.<br \/>\nEn ese contexto, invit\u00f3 a los presentes para que el pr\u00f3ximo domingo 31 de mayo se unan a un evento que se realizar\u00e1 desde Palacio Nacional conectando plazas p\u00fablicas de los 32 estados de la rep\u00fablica, para emitir un mensaje a la naci\u00f3n de la presidenta con motivo de la defensa de la soberan\u00eda y tambi\u00e9n por el aniversario del triunfo de la Cuarta Transformaci\u00f3n.<br \/>\nAnte la convocatoria de la Fiscal\u00eda General de la Rep\u00fablica, para que el gobernador con licencia de Sinaloa y el alcalde de Culiac\u00e1n acudan a entrevistas en calidad de testigos, la senadora Imelda Castro record\u00f3 que el de Morena es un movimiento ejemplar y que ante cualquier acusaci\u00f3n que venga del exterior, debemos atenderla con responsabilidad.<br \/>\n\u201cNosotros somos un movimiento de gente honesta, de gente que no somos iguales como los prianistas que gobernaron y que se tuvieron que ir porque el pueblo de M\u00e9xico los despidi\u00f3 por corruptos\u201d, concluy\u00f3.<\/p>\n","protected":false},"excerpt":{"rendered":"<p>Cierra en el puerto la senadora por Sinaloa su jornada informativa de fin de semana a trav\u00e9s de asambleas que le permitieron rendir cuentas a miles de ciudadanos en los municipios de Culiac\u00e1n y Mazatl\u00e1n MAZATL\u00c1N, Sinaloa..\u2014 \u201cHay que estar m\u00e1s tiempo con la gente cuando los tiempos est\u00e1n complicados, porque es cuando m\u00e1s necesita<\/p>\n","protected":false},"author":6,"featured_media":139686,"comment_status":"closed","ping_status":"closed","sticky":false,"template":"","format":"standard","meta":{"footnotes":""},"categories":[31],"tags":[],"class_list":["post-139683","post","type-post","status-publish","format-standard","has-post-thumbnail","hentry","category-politica"],"_links":{"self":[{"href":"https:\/\/plataformanoticias.mx\/index.php?rest_route=\/wp\/v2\/posts\/139683","targetHints":{"allow":["GET"]}}],"collection":[{"href":"https:\/\/plataformanoticias.mx\/index.php?rest_route=\/wp\/v2\/posts"}],"about":[{"href":"https:\/\/plataformanoticias.mx\/index.php?rest_route=\/wp\/v2\/types\/post"}],"author":[{"embeddable":true,"href":"https:\/\/plataformanoticias.mx\/index.php?rest_route=\/wp\/v2\/users\/6"}],"replies":[{"embeddable":true,"href":"https:\/\/plataformanoticias.mx\/index.php?rest_route=%2Fwp%2Fv2%2Fcomments&post=139683"}],"version-history":[{"count":1,"href":"https:\/\/plataformanoticias.mx\/index.php?rest_route=\/wp\/v2\/posts\/139683\/revisions"}],"predecessor-version":[{"id":139687,"href":"https:\/\/plataformanoticias.mx\/index.php?rest_route=\/wp\/v2\/posts\/139683\/revisions\/139687"}],"wp:featuredmedia":[{"embeddable":true,"href":"https:\/\/plataformanoticias.mx\/index.php?rest_route=\/wp\/v2\/media\/139686"}],"wp:attachment":[{"href":"https:\/\/plataformanoticias.mx\/index.php?rest_route=%2Fwp%2Fv2%2Fmedia&parent=139683"}],"wp:term":[{"taxonomy":"category","embeddable":true,"href":"https:\/\/plataformanoticias.mx\/index.php?rest_route=%2Fwp%2Fv2%2Fcategories&post=139683"},{"taxonomy":"post_tag","embeddable":true,"href":"https:\/\/plataformanoticias.mx\/index.php?rest_route=%2Fwp%2Fv2%2Ftags&post=139683"}],"curies":[{"name":"wp","href":"https:\/\/api.w.org\/{rel}","templated":true}]}}