{"id":139688,"date":"2026-05-25T16:24:40","date_gmt":"2026-05-25T23:24:40","guid":{"rendered":"https:\/\/plataformanoticias.mx\/?p=139688"},"modified":"2026-05-25T16:24:40","modified_gmt":"2026-05-25T23:24:40","slug":"llega-la-ruta-de-la-salud-con-medicamento-e-insumos-al-hospital-general-de-los-mochis","status":"publish","type":"post","link":"https:\/\/plataformanoticias.mx\/?p=139688","title":{"rendered":"Llega la Ruta de la Salud con medicamento e insumos al Hospital General de Los Mochis."},"content":{"rendered":"<p class=\"s6\"><span class=\"s7\">D<\/span><span class=\"s7\">urante el evento de entrega, el Dr. Julio C\u00e9sar Quintero Ledezma, Coordinador Estatal del IMSS-Bienestar, reconoci\u00f3 el trabajo del Presidente Municipal Antonio Men\u00e9ndez De Llano Berm\u00fadez, por ser un buen aliado con el sector salud\u2026<\/span><\/p>\n<p class=\"s8\"><span class=\"s9\"> <img loading=\"lazy\" decoding=\"async\" class=\"alignnone size-medium wp-image-139690\" src=\"https:\/\/plataformanoticias.mx\/wp-content\/uploads\/2026\/05\/0412d792-5809-4d4a-8551-47ca104910ad-300x200.jpeg\" alt=\"\" width=\"300\" height=\"200\" srcset=\"https:\/\/plataformanoticias.mx\/wp-content\/uploads\/2026\/05\/0412d792-5809-4d4a-8551-47ca104910ad-300x200.jpeg 300w, https:\/\/plataformanoticias.mx\/wp-content\/uploads\/2026\/05\/0412d792-5809-4d4a-8551-47ca104910ad-1024x683.jpeg 1024w, https:\/\/plataformanoticias.mx\/wp-content\/uploads\/2026\/05\/0412d792-5809-4d4a-8551-47ca104910ad-768x512.jpeg 768w, https:\/\/plataformanoticias.mx\/wp-content\/uploads\/2026\/05\/0412d792-5809-4d4a-8551-47ca104910ad.jpeg 1280w\" sizes=\"auto, (max-width: 300px) 100vw, 300px\" \/> \u00a0\u00a0<\/span><\/p>\n<p class=\"s8\"><strong><span class=\"s9\"><span class=\"bumpedFont15\">Los <\/span><\/span><span class=\"s9\"><span class=\"bumpedFont15\">Mochis,<\/span><\/span> <span class=\"s9\"><span class=\"bumpedFont15\">Ahome, <\/span><\/span><span class=\"s9\"><span class=\"bumpedFont15\">Sinaloa<\/span><\/span><\/strong><span class=\"s9\"><span class=\"bumpedFont15\"><strong>.<\/strong>&#8211; <\/span><\/span><span class=\"s10\"><span class=\"bumpedFont15\">El Presidente Municipal Antonio Men\u00e9ndez De Llano Berm\u00fadez, acompa\u00f1\u00f3 al <\/span><\/span><span class=\"s10\"><span class=\"bumpedFont15\">C<\/span><\/span><span class=\"s10\"><span class=\"bumpedFont15\">o<\/span><\/span><span class=\"s10\"><span class=\"bumpedFont15\">ordinador<\/span><\/span> <span class=\"s10\"><span class=\"bumpedFont15\">E<\/span><\/span><span class=\"s10\"><span class=\"bumpedFont15\">statal <\/span><\/span><span class=\"s10\"><span class=\"bumpedFont15\">en Sinaloa <\/span><\/span><span class=\"s10\"><span class=\"bumpedFont15\">de<\/span><\/span><span class=\"s10\"><span class=\"bumpedFont15\">l<\/span><\/span><span class=\"s10\"><span class=\"bumpedFont15\">Instituto Mexicano del Seguro Social (<\/span><\/span><span class=\"s10\"><span class=\"bumpedFont15\">IMSS<\/span><\/span><span class=\"s10\"><span class=\"bumpedFont15\">-B<\/span><\/span><span class=\"s10\"><span class=\"bumpedFont15\">ienestar<\/span><\/span><span class=\"s10\"><span class=\"bumpedFont15\">), <\/span><\/span><span class=\"s10\"><span class=\"bumpedFont15\">Dr<\/span><\/span><span class=\"s10\"><span class=\"bumpedFont15\">.<\/span><\/span><span class=\"s10\"><span class=\"bumpedFont15\">Julio C\u00e9sar <\/span><\/span><span class=\"s10\"><span class=\"bumpedFont15\">Q<\/span><\/span><span class=\"s10\"><span class=\"bumpedFont15\">uintero Ledezma<\/span><\/span><span class=\"s10\"><span class=\"bumpedFont15\">, en la entrega de medicamento e insumos al Hospital General de Los Mochis, como parte del Programa Nacional Ruta de la Salud que impulsa la Presidenta de M\u00e9xico Claudia Sheinbaum Pardo.<\/span><\/span><\/p>\n<p class=\"s8\"><span class=\"s10\">\u00a0<\/span><\/p>\n<p class=\"s8\"><span class=\"s10\"><span class=\"bumpedFont15\">\u201cEs muy <\/span><\/span><span class=\"s10\"><span class=\"bumpedFont15\">importan<\/span><\/span><span class=\"s10\"><span class=\"bumpedFont15\">t<\/span><\/span><span class=\"s10\"><span class=\"bumpedFont15\">e <\/span><\/span><span class=\"s10\"><span class=\"bumpedFont15\">este <\/span><\/span><span class=\"s10\"><span class=\"bumpedFont15\">esfuerz<\/span><\/span><span class=\"s10\"><span class=\"bumpedFont15\">o<\/span><\/span><span class=\"s10\"><span class=\"bumpedFont15\"> en conjunto de los<\/span><\/span> <span class=\"s10\"><span class=\"bumpedFont15\">tres<\/span><\/span><span class=\"s10\"><span class=\"bumpedFont15\">niveles <\/span><\/span><span class=\"s10\"><span class=\"bumpedFont15\">de gobier<\/span><\/span><span class=\"s10\"><span class=\"bumpedFont15\">n<\/span><\/span><span class=\"s10\"><span class=\"bumpedFont15\">o para seguir bus<\/span><\/span><span class=\"s10\"><span class=\"bumpedFont15\">c<\/span><\/span><span class=\"s10\"><span class=\"bumpedFont15\">ando la m<\/span><\/span><span class=\"s10\"><span class=\"bumpedFont15\">e<\/span><\/span><span class=\"s10\"><span class=\"bumpedFont15\">jor atenc<\/span><\/span><span class=\"s10\"><span class=\"bumpedFont15\">i\u00f3n <\/span><\/span><span class=\"s10\"><span class=\"bumpedFont15\">en <\/span><\/span><span class=\"s10\"><span class=\"bumpedFont15\">materia <\/span><\/span><span class=\"s10\"><span class=\"bumpedFont15\">de salud a la ciud<\/span><\/span><span class=\"s10\"><span class=\"bumpedFont15\">a<\/span><\/span><span class=\"s10\"><span class=\"bumpedFont15\">dan<\/span><\/span><span class=\"s10\"><span class=\"bumpedFont15\">\u00ed<\/span><\/span><span class=\"s10\"><span class=\"bumpedFont15\">a<\/span><\/span><span class=\"s10\"><span class=\"bumpedFont15\">. S\u00e9 que a\u00fan h<\/span><\/span><span class=\"s10\"><span class=\"bumpedFont15\">ay metas que <\/span><\/span><span class=\"s10\"><span class=\"bumpedFont15\">alcanzar<\/span><\/span><span class=\"s10\"><span class=\"bumpedFont15\">, y que <\/span><\/span><span class=\"s10\"><span class=\"bumpedFont15\">p<\/span><\/span><span class=\"s10\"><span class=\"bumpedFont15\">a<\/span><\/span><span class=\"s10\"><span class=\"bumpedFont15\">so<\/span><\/span> <span class=\"s10\"><span class=\"bumpedFont15\">a p<\/span><\/span><span class=\"s10\"><span class=\"bumpedFont15\">a<\/span><\/span><span class=\"s10\"><span class=\"bumpedFont15\">sito<\/span><\/span><span class=\"s10\"><span class=\"bumpedFont15\"> lo vamos logrando. V<\/span><\/span><span class=\"s10\"><span class=\"bumpedFont15\">amos bien<\/span><\/span><span class=\"s10\"><span class=\"bumpedFont15\">\u201d, expres\u00f3 Men\u00e9ndez De Llano. \u00a0<\/span><\/span><\/p>\n<p class=\"s8\"><span class=\"s10\">\u00a0<\/span><\/p>\n<p class=\"s8\"><span class=\"s10\"><span class=\"bumpedFont15\">El Alcalde aprovech\u00f3 su visita al Hospital General, para felicitar y ag<\/span><\/span><span class=\"s10\"><span class=\"bumpedFont15\">radec<\/span><\/span><span class=\"s10\"><span class=\"bumpedFont15\">er a<\/span><\/span><span class=\"s10\"><span class=\"bumpedFont15\">l person<\/span><\/span><span class=\"s10\"><span class=\"bumpedFont15\">al<\/span><\/span> <span class=\"s10\"><span class=\"bumpedFont15\">por <\/span><\/span><span class=\"s10\"><span class=\"bumpedFont15\">su traba<\/span><\/span><span class=\"s10\"><span class=\"bumpedFont15\">j<\/span><\/span><span class=\"s10\"><span class=\"bumpedFont15\">o con gran s<\/span><\/span><span class=\"s10\"><span class=\"bumpedFont15\">e<\/span><\/span><span class=\"s10\"><span class=\"bumpedFont15\">ntido humanista<\/span><\/span><span class=\"s10\"><span class=\"bumpedFont15\">. \u201cEs <\/span><\/span><span class=\"s10\"><span class=\"bumpedFont15\">lo menos que p<\/span><\/span><span class=\"s10\"><span class=\"bumpedFont15\">o<\/span><\/span><span class=\"s10\"><span class=\"bumpedFont15\">dem<\/span><\/span><span class=\"s10\"><span class=\"bumpedFont15\">o<\/span><\/span><span class=\"s10\"><span class=\"bumpedFont15\">s hacer como au<\/span><\/span><span class=\"s10\"><span class=\"bumpedFont15\">t<\/span><\/span><span class=\"s10\"><span class=\"bumpedFont15\">or<\/span><\/span><span class=\"s10\"><span class=\"bumpedFont15\">id<\/span><\/span><span class=\"s10\"><span class=\"bumpedFont15\">ades<\/span><\/span><span class=\"s10\"><span class=\"bumpedFont15\">, brindarles <\/span><\/span><span class=\"s10\"><span class=\"bumpedFont15\">el reco<\/span><\/span><span class=\"s10\"><span class=\"bumpedFont15\">no<\/span><\/span><span class=\"s10\"><span class=\"bumpedFont15\">cim<\/span><\/span><span class=\"s10\"><span class=\"bumpedFont15\">iento <\/span><\/span><span class=\"s10\"><span class=\"bumpedFont15\">p\u00fablico<\/span><\/span><span class=\"s10\"><span class=\"bumpedFont15\">,<\/span><\/span> <span class=\"s10\"><span class=\"bumpedFont15\">y ratific<\/span><\/span><span class=\"s10\"><span class=\"bumpedFont15\">a<\/span><\/span><span class=\"s10\"><span class=\"bumpedFont15\">rle<\/span><\/span><span class=\"s10\"><span class=\"bumpedFont15\">s<\/span><\/span><span class=\"s10\"><span class=\"bumpedFont15\"> que <\/span><\/span><span class=\"s10\"><span class=\"bumpedFont15\">n<\/span><\/span><span class=\"s10\"><span class=\"bumpedFont15\">o los vamos <\/span><\/span><span class=\"s10\"><span class=\"bumpedFont15\">a <\/span><\/span><span class=\"s10\"><span class=\"bumpedFont15\">d<\/span><\/span><span class=\"s10\"><span class=\"bumpedFont15\">e<\/span><\/span><span class=\"s10\"><span class=\"bumpedFont15\">jar solos<\/span><\/span><span class=\"s10\"><span class=\"bumpedFont15\">, que <\/span><\/span><span class=\"s10\"><span class=\"bumpedFont15\">vamos a<\/span><\/span><span class=\"s10\"><span class=\"bumpedFont15\">seg<\/span><\/span><span class=\"s10\"><span class=\"bumpedFont15\">u<\/span><\/span><span class=\"s10\"><span class=\"bumpedFont15\">ir<\/span><\/span><span class=\"s10\"><span class=\"bumpedFont15\"> estando <\/span><\/span><span class=\"s10\"><span class=\"bumpedFont15\">pr<\/span><\/span><span class=\"s10\"><span class=\"bumpedFont15\">es<\/span><\/span><span class=\"s10\"><span class=\"bumpedFont15\">e<\/span><\/span><span class=\"s10\"><span class=\"bumpedFont15\">n<\/span><\/span><span class=\"s10\"><span class=\"bumpedFont15\">te<\/span><\/span><span class=\"s10\"><span class=\"bumpedFont15\">s<\/span><\/span><span class=\"s10\"><span class=\"bumpedFont15\"> con ellos<\/span><\/span><span class=\"s10\"><span class=\"bumpedFont15\">.<\/span><\/span><span class=\"s10\"><span class=\"bumpedFont15\"> Gracias por permitirnos s<\/span><\/span><span class=\"s10\"><span class=\"bumpedFont15\">er \u00fatiles a los dem\u00e1s<\/span><\/span><span class=\"s10\"><span class=\"bumpedFont15\">, S\u00e9 que estamos en muy <\/span><\/span><span class=\"s10\"><span class=\"bumpedFont15\">buenas manos<\/span><\/span><span class=\"s10\"><span class=\"bumpedFont15\">\u201d, puntualiz\u00f3.<\/span><\/span><\/p>\n<p class=\"s8\" style=\"text-align: center\"><span class=\"s10\"> <img loading=\"lazy\" decoding=\"async\" class=\"alignnone size-medium wp-image-139692\" src=\"https:\/\/plataformanoticias.mx\/wp-content\/uploads\/2026\/05\/8417a092-3795-4090-b52d-373216a5cf47-300x200.jpeg\" alt=\"\" width=\"300\" height=\"200\" srcset=\"https:\/\/plataformanoticias.mx\/wp-content\/uploads\/2026\/05\/8417a092-3795-4090-b52d-373216a5cf47-300x200.jpeg 300w, https:\/\/plataformanoticias.mx\/wp-content\/uploads\/2026\/05\/8417a092-3795-4090-b52d-373216a5cf47-1024x683.jpeg 1024w, https:\/\/plataformanoticias.mx\/wp-content\/uploads\/2026\/05\/8417a092-3795-4090-b52d-373216a5cf47-768x512.jpeg 768w, https:\/\/plataformanoticias.mx\/wp-content\/uploads\/2026\/05\/8417a092-3795-4090-b52d-373216a5cf47.jpeg 1280w\" sizes=\"auto, (max-width: 300px) 100vw, 300px\" \/><\/span><\/p>\n<p class=\"s8\"><span class=\"s10\"><span class=\"bumpedFont15\">Por su parte el <\/span><\/span><span class=\"s10\"><span class=\"bumpedFont15\">Dr. Julio C\u00e9sar <\/span><\/span><span class=\"s10\"><span class=\"bumpedFont15\">Quintero Ledezma, resalt\u00f3 el valioso apoyo del Gobierno de Ahome. \u201cEl Alcalde Antonio Men\u00e9ndez De Llano Berm\u00fadez es un g<\/span><\/span><span class=\"s10\"><span class=\"bumpedFont15\">ran aliado de la salud, <\/span><\/span><span class=\"s10\"><span class=\"bumpedFont15\">y contamos con <\/span><\/span><span class=\"s10\"><span class=\"bumpedFont15\">todo <\/span><\/span><span class=\"s10\"><span class=\"bumpedFont15\">su<\/span><\/span><span class=\"s10\"><span class=\"bumpedFont15\"> apoyo,<\/span><\/span><span class=\"s10\"><span class=\"bumpedFont15\"> as\u00ed que a nombre del personal de este hospital y del Gobierno que represento le agradecemos ese importante gesto de ayuda\u201d, expres\u00f3. <\/span><\/span><\/p>\n<p class=\"s8\"><span class=\"s10\">\u00a0<\/span><\/p>\n<p class=\"s8\"><span class=\"s10\"><span class=\"bumpedFont15\">El Dr. Jaime Astorga, Director de dicho Hospital, agradeci\u00f3 el valioso apoyo que reciben, ya que ello les facilita ofrecer una mejor atenci\u00f3n a la ciudadan\u00eda, y surtir las recetas al 100%.<\/span><\/span><\/p>\n<p class=\"s8\"><span class=\"s10\">\u00a0<\/span><\/p>\n<p class=\"s8\"><span class=\"s10\"><span class=\"bumpedFont15\">Durante el sencillo evento p\u00fablico de entrega de los apoyos, tambi\u00e9n se cont\u00f3 con la presencia de la Directora de Salud del Ayuntamiento de Ahome, Mar\u00eda Isabel Astorga Soto y personal de dicho nosocomio, quienes expresaron su agradecimiento por el material que reciben para el bienestar del personal y de la ciudadan\u00eda que atienden, que no solo es de Ahome, sino de todo el norte de Sinaloa e incluso de comunidades de Sonora y Chihuahua, que hace frontera con la entidad.<\/span><\/span><\/p>\n<p class=\"s8\"><span class=\"s10\">\u00a0<\/span><span class=\"s10\"><span class=\"bumpedFont15\">Con la dotaci\u00f3n de este material se alcanza un 9<\/span><\/span><span class=\"s10\"><span class=\"bumpedFont15\">4% del stock <\/span><\/span><span class=\"s10\"><span class=\"bumpedFont15\">de <\/span><\/span><span class=\"s10\"><span class=\"bumpedFont15\">medicamentos<\/span><\/span><span class=\"s10\"><span class=\"bumpedFont15\">, y el <\/span><\/span><span class=\"s10\"><span class=\"bumpedFont15\">objetivo <\/span><\/span><span class=\"s10\"><span class=\"bumpedFont15\">es poder <\/span><\/span><span class=\"s10\"><span class=\"bumpedFont15\">su<\/span><\/span><span class=\"s10\"><span class=\"bumpedFont15\">r<\/span><\/span><span class=\"s10\"><span class=\"bumpedFont15\">tir <\/span><\/span><span class=\"s10\"><span class=\"bumpedFont15\">las <\/span><\/span><span class=\"s10\"><span class=\"bumpedFont15\">recetas al 100%<\/span><\/span><span class=\"s10\"><span class=\"bumpedFont15\">.<\/span><\/span><\/p>\n<p class=\"s8\"><span class=\"s10\">\u00a0<\/span><\/p>\n<p class=\"s8\"><span class=\"s10\">\u00a0<\/span><\/p>\n<p class=\"s8\"><span class=\"s10\">\u00a0<\/span><\/p>\n<p class=\"s8\"><span class=\"s10\">\u00a0<\/span><\/p>\n","protected":false},"excerpt":{"rendered":"<p>Durante el evento de entrega, el Dr. Julio C\u00e9sar Quintero Ledezma, Coordinador Estatal del IMSS-Bienestar, reconoci\u00f3 el trabajo del Presidente Municipal Antonio Men\u00e9ndez De Llano Berm\u00fadez, por ser un buen aliado con el sector salud\u2026 \u00a0\u00a0 Los Mochis, Ahome, Sinaloa.&#8211; El Presidente Municipal Antonio Men\u00e9ndez De Llano Berm\u00fadez, acompa\u00f1\u00f3 al Coordinador Estatal en Sinaloa delInstituto<\/p>\n","protected":false},"author":6,"featured_media":139691,"comment_status":"closed","ping_status":"closed","sticky":false,"template":"","format":"standard","meta":{"footnotes":""},"categories":[38],"tags":[],"class_list":["post-139688","post","type-post","status-publish","format-standard","has-post-thumbnail","hentry","category-locales"],"_links":{"self":[{"href":"https:\/\/plataformanoticias.mx\/index.php?rest_route=\/wp\/v2\/posts\/139688","targetHints":{"allow":["GET"]}}],"collection":[{"href":"https:\/\/plataformanoticias.mx\/index.php?rest_route=\/wp\/v2\/posts"}],"about":[{"href":"https:\/\/plataformanoticias.mx\/index.php?rest_route=\/wp\/v2\/types\/post"}],"author":[{"embeddable":true,"href":"https:\/\/plataformanoticias.mx\/index.php?rest_route=\/wp\/v2\/users\/6"}],"replies":[{"embeddable":true,"href":"https:\/\/plataformanoticias.mx\/index.php?rest_route=%2Fwp%2Fv2%2Fcomments&post=139688"}],"version-history":[{"count":1,"href":"https:\/\/plataformanoticias.mx\/index.php?rest_route=\/wp\/v2\/posts\/139688\/revisions"}],"predecessor-version":[{"id":139694,"href":"https:\/\/plataformanoticias.mx\/index.php?rest_route=\/wp\/v2\/posts\/139688\/revisions\/139694"}],"wp:featuredmedia":[{"embeddable":true,"href":"https:\/\/plataformanoticias.mx\/index.php?rest_route=\/wp\/v2\/media\/139691"}],"wp:attachment":[{"href":"https:\/\/plataformanoticias.mx\/index.php?rest_route=%2Fwp%2Fv2%2Fmedia&parent=139688"}],"wp:term":[{"taxonomy":"category","embeddable":true,"href":"https:\/\/plataformanoticias.mx\/index.php?rest_route=%2Fwp%2Fv2%2Fcategories&post=139688"},{"taxonomy":"post_tag","embeddable":true,"href":"https:\/\/plataformanoticias.mx\/index.php?rest_route=%2Fwp%2Fv2%2Ftags&post=139688"}],"curies":[{"name":"wp","href":"https:\/\/api.w.org\/{rel}","templated":true}]}}