{"id":139736,"date":"2026-05-26T10:58:59","date_gmt":"2026-05-26T17:58:59","guid":{"rendered":"https:\/\/plataformanoticias.mx\/?p=139736"},"modified":"2026-05-26T10:58:59","modified_gmt":"2026-05-26T17:58:59","slug":"usuarios-toman-instalaciones-de-cfe-en-los-mochis-y-exigen-freno-a-cobros-excesivos","status":"publish","type":"post","link":"https:\/\/plataformanoticias.mx\/?p=139736","title":{"rendered":"Usuarios toman instalaciones de CFE en Los Mochis y exigen freno a cobros excesivos"},"content":{"rendered":"<p>&nbsp;<\/p>\n<p><strong>Los Mochis, Sinaloa.-<\/strong> Usuarios inconformes por los altos cobros en el servicio de energ\u00eda el\u00e9ctrica tomaron este martes las instalaciones de la Comisi\u00f3n Federal de Electricidad (CFE) en Los Mochis, para exigir una soluci\u00f3n inmediata a las facturaciones que consideran excesivas.<\/p>\n<p>Durante la movilizaci\u00f3n, los manifestantes se\u00f1alaron que muchas familias enfrentan recibos impagables, especialmente en medio de las altas temperaturas que obligan al uso constante de aparatos de refrigeraci\u00f3n.<\/p>\n<p><img loading=\"lazy\" decoding=\"async\" class=\"alignnone size-medium wp-image-139739 aligncenter\" src=\"https:\/\/plataformanoticias.mx\/wp-content\/uploads\/2026\/05\/IMG_0913-300x169.jpeg\" alt=\"\" width=\"300\" height=\"169\" srcset=\"https:\/\/plataformanoticias.mx\/wp-content\/uploads\/2026\/05\/IMG_0913-300x169.jpeg 300w, https:\/\/plataformanoticias.mx\/wp-content\/uploads\/2026\/05\/IMG_0913-1024x576.jpeg 1024w, https:\/\/plataformanoticias.mx\/wp-content\/uploads\/2026\/05\/IMG_0913-768x432.jpeg 768w, https:\/\/plataformanoticias.mx\/wp-content\/uploads\/2026\/05\/IMG_0913.jpeg 1286w\" sizes=\"auto, (max-width: 300px) 100vw, 300px\" \/><\/p>\n<p>Aunque durante la protesta quedaron en evidencia diferencias entre algunos grupos participantes sobre la forma de encabezar el movimiento, todos coincidieron en una misma exigencia: que la CFE reduzca los cobros y revise los recibos que consideran injustificados.<\/p>\n<p>Los usuarios advirtieron que mantendr\u00e1n la presi\u00f3n y continuar\u00e1n las manifestaciones hasta obtener respuestas claras por parte de la paraestatal y un ajuste real en las tarifas el\u00e9ctricas.<\/p>\n","protected":false},"excerpt":{"rendered":"<p>&nbsp; Los Mochis, Sinaloa.- Usuarios inconformes por los altos cobros en el servicio de energ\u00eda el\u00e9ctrica tomaron este martes las instalaciones de la Comisi\u00f3n Federal de Electricidad (CFE) en Los Mochis, para exigir una soluci\u00f3n inmediata a las facturaciones que consideran excesivas. Durante la movilizaci\u00f3n, los manifestantes se\u00f1alaron que muchas familias enfrentan recibos impagables, especialmente<\/p>\n","protected":false},"author":6,"featured_media":139738,"comment_status":"closed","ping_status":"closed","sticky":false,"template":"","format":"standard","meta":{"footnotes":""},"categories":[38],"tags":[],"class_list":["post-139736","post","type-post","status-publish","format-standard","has-post-thumbnail","hentry","category-locales"],"_links":{"self":[{"href":"https:\/\/plataformanoticias.mx\/index.php?rest_route=\/wp\/v2\/posts\/139736","targetHints":{"allow":["GET"]}}],"collection":[{"href":"https:\/\/plataformanoticias.mx\/index.php?rest_route=\/wp\/v2\/posts"}],"about":[{"href":"https:\/\/plataformanoticias.mx\/index.php?rest_route=\/wp\/v2\/types\/post"}],"author":[{"embeddable":true,"href":"https:\/\/plataformanoticias.mx\/index.php?rest_route=\/wp\/v2\/users\/6"}],"replies":[{"embeddable":true,"href":"https:\/\/plataformanoticias.mx\/index.php?rest_route=%2Fwp%2Fv2%2Fcomments&post=139736"}],"version-history":[{"count":1,"href":"https:\/\/plataformanoticias.mx\/index.php?rest_route=\/wp\/v2\/posts\/139736\/revisions"}],"predecessor-version":[{"id":139740,"href":"https:\/\/plataformanoticias.mx\/index.php?rest_route=\/wp\/v2\/posts\/139736\/revisions\/139740"}],"wp:featuredmedia":[{"embeddable":true,"href":"https:\/\/plataformanoticias.mx\/index.php?rest_route=\/wp\/v2\/media\/139738"}],"wp:attachment":[{"href":"https:\/\/plataformanoticias.mx\/index.php?rest_route=%2Fwp%2Fv2%2Fmedia&parent=139736"}],"wp:term":[{"taxonomy":"category","embeddable":true,"href":"https:\/\/plataformanoticias.mx\/index.php?rest_route=%2Fwp%2Fv2%2Fcategories&post=139736"},{"taxonomy":"post_tag","embeddable":true,"href":"https:\/\/plataformanoticias.mx\/index.php?rest_route=%2Fwp%2Fv2%2Ftags&post=139736"}],"curies":[{"name":"wp","href":"https:\/\/api.w.org\/{rel}","templated":true}]}}